{"id":139841,"date":"2026-01-11T21:17:08","date_gmt":"2026-01-11T21:17:08","guid":{"rendered":"https:\/\/www.europesays.com\/fi\/139841\/"},"modified":"2026-01-11T21:17:08","modified_gmt":"2026-01-11T21:17:08","slug":"uusi-white-lotus-lokaatio-julki","status":"publish","type":"post","link":"https:\/\/www.europesays.com\/fi\/139841\/","title":{"rendered":"Uusi White Lotus -lokaatio julki"},"content":{"rendered":"<p>Uusi kausi kuvataan tunnetussa ranskalaisessa luksuslomakohteessa.<\/p>\n<p><img decoding=\"async\" class=\"image image-show image-preview\" src=\"https:\/\/www.europesays.com\/fi\/wp-content\/uploads\/2026\/01\/68dcfdf5d0552a5e2cb7db260aea03a5707888bf5666360fc1c1125906e3d79c.jpg\" alt=\"\"\/><img decoding=\"async\" class=\"image image-show\" src=\"https:\/\/www.europesays.com\/fi\/wp-content\/uploads\/2026\/01\/1768166228_662_68dcfdf5d0552a5e2cb7db260aea03a5707888bf5666360fc1c1125906e3d79c.jpg\" alt=\"\"\/><\/p>\n<p>Kuvassa kolmannen kauden t\u00e4hdet Jason Isaacs, Parker Posey, Patrick Schwarzenegger, Sarah Catherine Hook ja Sam Nivola. HBO\/Shutterstock<\/p>\n<p class=\"paragraph\">Useat kansainv\u00e4liset mediat kirjoittavat, ett\u00e4 huippusuositun White Lotus -sarjan kuvauspaikka on paljastettu. Tuotannosta kerrotaan, ett\u00e4 kausi kuvataan Ranskassa Saint-Tropezissa.<\/p>\n<p class=\"paragraph\">Tarkempi tapahtumapaikka nelj\u00e4nnell\u00e4 kaudella on Chateau de la Messardi\u00e8re -hotelli. Palatsimaisessa hotellissa on kylpyl\u00e4, ravintoloita ja yksityinen uimaranta. Yksi y\u00f6 hotellissa voi maksaa sesonkiaikana jopa yli 10 000 euroa. Halvimpien huoneiden hinnat l\u00e4htev\u00e4t reilusta tuhannesta eurosta per y\u00f6.<\/p>\n<p class=\"paragraph\">Uuden kauden n\u00e4yttelij\u00e4t ovat viel\u00e4 pidetty salassa. Se kuitenkin tiedet\u00e4\u00e4n, ett\u00e4 N\u00e4lk\u00e4peli-elokuvasarjasta tuttu <a href=\"https:\/\/www.iltalehti.fi\/henkilot\/Alexander Ludwig\" class=\"article-link-person-page\" rel=\"nofollow noopener\" target=\"_blank\">Alexander Ludvig<\/a> ja Super 8 -elokuvasta tuttu <a href=\"https:\/\/www.iltalehti.fi\/henkilot\/Amanda Michalka\" class=\"article-link-person-page\" rel=\"nofollow noopener\" target=\"_blank\">AJ Michalka<\/a> ovat mukana uudella kaudella.<\/p>\n<p class=\"paragraph\">Luksuslomakohde Saint-Tropez on Ranskan Rivieran ikoninen rantakaupunki, joka tunnetaan ylellisyydest\u00e4, auringosta, vilkkaasta y\u00f6el\u00e4m\u00e4st\u00e4 ja V\u00e4limeren tunnelmasta. Kaupunki on ollut hiljattain esill\u00e4 medioissa, sill\u00e4 juuri menehtynyt <a href=\"https:\/\/www.iltalehti.fi\/henkilot\/Brigitte Bardot\" class=\"article-link-person-page\" rel=\"nofollow noopener\" target=\"_blank\">Brigitte Bardot<\/a> oli kotoisin kyseisest\u00e4 kaupungista. Kes\u00e4isin kaupunki t\u00e4yttyy matkailijoista, juhlijoista ja jahdeista, mutta kev\u00e4\u00e4ll\u00e4 ja syksyll\u00e4 tunnelma on seesteisempi.<\/p>\n<p class=\"paragraph\">White Lotus -sarjan aiemmat kaudet ovat sijoittuneet Havaijin Mauiin, Italian Sisiliaan ja Thaimaan Koh Samuille, Phuketiin ja Bangkokiin. Jokaisella kaudella on seurattu tapahtumia paikallisessa luksushotellissa.<\/p>\n","protected":false},"excerpt":{"rendered":"Uusi kausi kuvataan tunnetussa ranskalaisessa luksuslomakohteessa. Kuvassa kolmannen kauden t\u00e4hdet Jason Isaacs, Parker Posey, Patrick Schwarzenegger, Sarah Catherine&hellip;\n","protected":false},"author":2,"featured_media":139842,"comment_status":"","ping_status":"","sticky":false,"template":"","format":"standard","meta":{"footnotes":""},"categories":[130],"tags":[35,2110,137,33,31,30,17254,923,32,2793,140,109],"class_list":{"0":"post-139841","1":"post","2":"type-post","3":"status-publish","4":"format-standard","5":"has-post-thumbnail","7":"category-viihde","8":"tag-24h","9":"tag-elamantapa-ja-vapaa-aika","10":"tag-entertainment","11":"tag-fi","12":"tag-finland","13":"tag-finnish","14":"tag-matkailukohde","15":"tag-matkustaminen","16":"tag-suomi","17":"tag-turismi","18":"tag-tv-ja-elokuvat","19":"tag-viihde"},"share_on_mastodon":{"url":"https:\/\/pubeurope.com\/@fi\/115878549427206516","error":""},"_links":{"self":[{"href":"https:\/\/www.europesays.com\/fi\/wp-json\/wp\/v2\/posts\/139841","targetHints":{"allow":["GET"]}}],"collection":[{"href":"https:\/\/www.europesays.com\/fi\/wp-json\/wp\/v2\/posts"}],"about":[{"href":"https:\/\/www.europesays.com\/fi\/wp-json\/wp\/v2\/types\/post"}],"author":[{"embeddable":true,"href":"https:\/\/www.europesays.com\/fi\/wp-json\/wp\/v2\/users\/2"}],"replies":[{"embeddable":true,"href":"https:\/\/www.europesays.com\/fi\/wp-json\/wp\/v2\/comments?post=139841"}],"version-history":[{"count":0,"href":"https:\/\/www.europesays.com\/fi\/wp-json\/wp\/v2\/posts\/139841\/revisions"}],"wp:featuredmedia":[{"embeddable":true,"href":"https:\/\/www.europesays.com\/fi\/wp-json\/wp\/v2\/media\/139842"}],"wp:attachment":[{"href":"https:\/\/www.europesays.com\/fi\/wp-json\/wp\/v2\/media?parent=139841"}],"wp:term":[{"taxonomy":"category","embeddable":true,"href":"https:\/\/www.europesays.com\/fi\/wp-json\/wp\/v2\/categories?post=139841"},{"taxonomy":"post_tag","embeddable":true,"href":"https:\/\/www.europesays.com\/fi\/wp-json\/wp\/v2\/tags?post=139841"}],"curies":[{"name":"wp","href":"https:\/\/api.w.org\/{rel}","templated":true}]}}