{"id":139845,"date":"2026-01-11T21:21:10","date_gmt":"2026-01-11T21:21:10","guid":{"rendered":"https:\/\/www.europesays.com\/fi\/139845\/"},"modified":"2026-01-11T21:21:10","modified_gmt":"2026-01-11T21:21:10","slug":"trump-uhittelee-kuuballe-tehkaa-diili-ennen-kuin-on-liian-myohaista-uutissuomalainen","status":"publish","type":"post","link":"https:\/\/www.europesays.com\/fi\/139845\/","title":{"rendered":"Trump uhittelee Kuuballe: Tehk\u00e4\u00e4 diili ennen kuin on liian my\u00f6h\u00e4ist\u00e4 | Uutissuomalainen"},"content":{"rendered":"<p>Yhdysvaltain presidentti Donald Trump on sunnuntain aikana sosiaalisessa mediassa antanut j\u00e4lleen ymm\u00e4rt\u00e4\u00e4 maan valvovan intressiens\u00e4 toteutumista my\u00f6s sen omien rajojen ulkopuolella. Seuraava kohde on odotetusti saarivaltio Kuuba ja sen kommunistinen hallinto.<\/p>\n<p>Yhdysvallat iski tammikuun alussa Venezuelaan ja suunnittelee maan \u00f6ljyntuotannon haltuunottoa. Trump <a href=\"https:\/\/truthsocial.com\/@realDonaldTrump\/posts\/115876460615555838\" rel=\"nofollow noopener\" target=\"_blank\">kirjoitt<\/a>i sunnuntaina Truth Social -viestipalvelussaan \u00f6ljy- ja rahavirtojen Venezuelasta Kuubaan tyrehtyneen ja kehotti Kuubaa tekem\u00e4\u00e4n diilin Yhdysvaltojen kanssa ennen kuin on liian my\u00f6h\u00e4ist\u00e4.<\/p>\n<p>H\u00e4n ei m\u00e4\u00e4ritellyt, millainen diili tarkalleen olisi. Trump my\u00f6s viittasi viestiss\u00e4\u00e4n Venezuelan syrj\u00e4ytetyn itsevaltaisen presidentin Nicolas Maduron kuubalaisiin henkivartijoihin.<\/p>\n<p>Kuuban presidentti Miguel Diaz-Canel on torjunut Trumpin uhkauksen maataan kohtaan. Diaz-Canel kirjoitti sunnuntaina <a href=\"https:\/\/x.com\/DiazCanelB\/status\/2010370814202569018\" rel=\"nofollow\">viestipalvelu X:ss\u00e4<\/a>, ett\u00e4 Kuuba on vapaa, itsen\u00e4inen ja suvereeni valtio. H\u00e4nen mukaansa kukaan ei voi kertoa Kuuballe, mit\u00e4 heid\u00e4n pit\u00e4isi tehd\u00e4.<\/p>\n<p>Kuuban presidentti vannoo, ett\u00e4 maa on valmis puolustamaan itse\u00e4\u00e4n &#8221;viimeiseen veripisaraan asti&#8221;.<\/p>\n<p>\u2013\u2009Kuuba ei hy\u00f6kk\u00e4\u00e4, vaan Yhdysvallat on hy\u00f6k\u00e4nnyt sit\u00e4 vastaan 66 vuotta, Diaz-Canel kirjoittaa.<\/p>\n<p>Trumpin hallinto on aiemmin <a href=\"https:\/\/www.state.gov\/releases\/office-of-the-spokesperson\/2026\/01\/secretary-of-state-marco-rubio-with-kristen-welker-of-nbcs-meet-the-press\" rel=\"nofollow noopener\" target=\"_blank\">sanonut<\/a> Kuuban olevan ongelma paitsi kuubalaisille my\u00f6s Yhdysvalloille. Yhdysvaltain ulkoministeri Marco Rubio kertoi tammikuussa medialle Kuuban hallinnon olevan Yhdysvaltain n\u00e4k\u00f6kulmasta ongelmissa ja antoi ymm\u00e4rt\u00e4\u00e4, ett\u00e4 se voisi olla Yhdysvaltojen kiinnostuksen seuraava kohde.<\/p>\n<p>Rubio tunnetaan Latinalaisen Amerikan vasemmistolaisten johtajien vannoutuneena vastustajana. H\u00e4nen vihansa on kohdistunut Venezuelan ohella muun muassa Kuubaan, jossa h\u00e4nell\u00e4 on perhetaustaa.<\/p>\n<p>Sunnuntaina Trump <a href=\"https:\/\/truthsocial.com\/@realDonaldTrump\/posts\/115876282507423685\" rel=\"nofollow noopener\" target=\"_blank\">jakoi<\/a> Truth Social -viestipalvelussaan my\u00f6s julkaisun, jossa vitsailtiin, ett\u00e4 Rubiosta tulisi Kuuban presidentti. Saatesanoiksi Trump kirjoitti, ett\u00e4 ajatus kuulostaa hyv\u00e4lt\u00e4.<\/p>\n","protected":false},"excerpt":{"rendered":"Yhdysvaltain presidentti Donald Trump on sunnuntain aikana sosiaalisessa mediassa antanut j\u00e4lleen ymm\u00e4rt\u00e4\u00e4 maan valvovan intressiens\u00e4 toteutumista my\u00f6s sen&hellip;\n","protected":false},"author":2,"featured_media":139846,"comment_status":"","ping_status":"","sticky":false,"template":"","format":"standard","meta":{"footnotes":""},"categories":[14],"tags":[722,22,23,585,26,27,33,31,30,17,24,25,28,29,15,18,21,142,637,144,32,19,20,56,16,638,59,60,61,143],"class_list":{"0":"post-139845","1":"post","2":"type-post","3":"status-publish","4":"format-standard","5":"has-post-thumbnail","7":"category-ulkomaat","8":"tag-amerikka","9":"tag-breaking-news","10":"tag-breakingnews","11":"tag-donald-trump","12":"tag-featured-news","13":"tag-featurednews","14":"tag-fi","15":"tag-finland","16":"tag-finnish","17":"tag-headlines","18":"tag-latest-news","19":"tag-latestnews","20":"tag-main-news","21":"tag-mainnews","22":"tag-news","23":"tag-otsikot","24":"tag-paauutiset","25":"tag-poliitikot","26":"tag-politiikka","27":"tag-presidentti","28":"tag-suomi","29":"tag-top-stories","30":"tag-topstories","31":"tag-ulkomaat","32":"tag-uutiset","33":"tag-valtiovalta","34":"tag-world","35":"tag-world-news","36":"tag-worldnews","37":"tag-yhdysvaltain-politiikka"},"share_on_mastodon":{"url":"https:\/\/pubeurope.com\/@fi\/115878565254272083","error":""},"_links":{"self":[{"href":"https:\/\/www.europesays.com\/fi\/wp-json\/wp\/v2\/posts\/139845","targetHints":{"allow":["GET"]}}],"collection":[{"href":"https:\/\/www.europesays.com\/fi\/wp-json\/wp\/v2\/posts"}],"about":[{"href":"https:\/\/www.europesays.com\/fi\/wp-json\/wp\/v2\/types\/post"}],"author":[{"embeddable":true,"href":"https:\/\/www.europesays.com\/fi\/wp-json\/wp\/v2\/users\/2"}],"replies":[{"embeddable":true,"href":"https:\/\/www.europesays.com\/fi\/wp-json\/wp\/v2\/comments?post=139845"}],"version-history":[{"count":0,"href":"https:\/\/www.europesays.com\/fi\/wp-json\/wp\/v2\/posts\/139845\/revisions"}],"wp:featuredmedia":[{"embeddable":true,"href":"https:\/\/www.europesays.com\/fi\/wp-json\/wp\/v2\/media\/139846"}],"wp:attachment":[{"href":"https:\/\/www.europesays.com\/fi\/wp-json\/wp\/v2\/media?parent=139845"}],"wp:term":[{"taxonomy":"category","embeddable":true,"href":"https:\/\/www.europesays.com\/fi\/wp-json\/wp\/v2\/categories?post=139845"},{"taxonomy":"post_tag","embeddable":true,"href":"https:\/\/www.europesays.com\/fi\/wp-json\/wp\/v2\/tags?post=139845"}],"curies":[{"name":"wp","href":"https:\/\/api.w.org\/{rel}","templated":true}]}}