{"id":13986,"date":"2025-08-23T10:35:08","date_gmt":"2025-08-23T10:35:08","guid":{"rendered":"https:\/\/www.europesays.com\/fi\/13986\/"},"modified":"2025-08-23T10:35:08","modified_gmt":"2025-08-23T10:35:08","slug":"suomirapin-klassikosta-20-vuotta-nyt-on-luvassa-juhlakiertue","status":"publish","type":"post","link":"https:\/\/www.europesays.com\/fi\/13986\/","title":{"rendered":"Suomir\u00e4pin klassikosta 20 vuotta \u2013 nyt on luvassa juhlakiertue"},"content":{"rendered":"<p><strong>Asan<\/strong><strong> <\/strong>Leijonaa mets\u00e4st\u00e4n -albumin julkaisusta tulee t\u00e4n\u00e4 vuonna kuluneeksi 20 vuotta. Sen kunniaksi Asa suuntaa kuuden kaupungin Leijonaa mets\u00e4st\u00e4n 20v-kiertueelle. Keikoilla kuullaan albumi alusta loppuun sek\u00e4 valikoitu otos muita helmi\u00e4 Asan tuotannosta. Kiertueen liput ovat nyt myynniss\u00e4.<\/p>\n<p>Tiedote kertoo levyst\u00e4 seuraavaa:<\/p>\n<p>\u201dHuhtikuussa 2005 julkaistu Leijonaa mets\u00e4st\u00e4n oli merkitt\u00e4v\u00e4 k\u00e4\u00e4nnekohta artistin uralla. <strong>Avain <\/strong>oli vet\u00e4ytynyt keikkalavoilta vuonna 2001 ja viett\u00e4nyt l\u00e4hes nelj\u00e4 vuotta hiljaiseloa, kun Leijonaa mets\u00e4st\u00e4n -niminen cd-single julkaistiin Posse-lehden v\u00e4liss\u00e4 kes\u00e4ll\u00e4 2004. Artistin nimi oli vaihtunut Avaimesta Asaan, \u00e4\u00e4nimaailma paahtoi t\u00e4ll\u00e4 kertaa romani-henkisell\u00e4 torviriffill\u00e4 ja lyriikat olivat muuttuneet astetta moniulotteisimmiksi. Runollisuus ja metafyysisyys uivat sanoissa poliittisuuden rinnalla ja nyt Suomen kansakunnan tilaa havainnoitiin \u201dtanssin tyhjill\u00e4 kaduilla formula-sunnuntaisin\u201d -tematiikalla. Single\u00e4 seurannut <strong>Jukka Immosen<\/strong> ja <strong>Davon <\/strong>tuottama albumi tuli kuulijoille aika lailla puskista ja seuraavana kes\u00e4n\u00e4 Asa olikin jo tuttu n\u00e4ky kes\u00e4festareilla ymp\u00e4ri Suomea.\u201d<\/p>\n<p>Lue my\u00f6s: <a href=\"https:\/\/www.rumba.fi\/uutiset\/grammy-ehdokas-ja-yksi-nykyrapin-kirkkaimmista-tahdista-saapuu-ensimmaista-kertaa-suomeen\/\" title=\"Grammy-ehdokas ja yksi nykyr\u00e4pin kirkkaimmista t\u00e4hdist\u00e4 saapuu ensimm\u00e4ist\u00e4 kertaa Suomeen\" class=\"underline-custom !font-montserrat !font-bold !underline-offset-4 !decoration-4 !decoration-tilt-light !text-md\" rel=\"nofollow noopener\" target=\"_blank\">Grammy-ehdokas ja yksi nykyr\u00e4pin kirkkaimmista t\u00e4hdist\u00e4 saapuu ensimm\u00e4ist\u00e4 kertaa Suomeen<\/a><\/p>\n<p>Lue my\u00f6s: <a href=\"https:\/\/www.rumba.fi\/uutiset\/todellinen-kulttiartistien-kulttiartisti-saapuu-suomeen-tarina-kuulostaa-liian-uskomattomalta-ollakseen-totta-mutta-se-on\/\" title=\"Todellinen kulttiartisti saapuu Suomeen \u2013 tarina kuulostaa liian uskomattomalta ollakseen totta, mutta totta se on\" class=\"underline-custom !font-montserrat !font-bold !underline-offset-4 !decoration-4 !decoration-tilt-light !text-md\" rel=\"nofollow noopener\" target=\"_blank\">Todellinen kulttiartisti saapuu Suomeen \u2013 tarina kuulostaa liian uskomattomalta ollakseen totta, mutta totta se on<\/a><\/p>\n<p>Kiertuetiedot alla.<\/p>\n<p><strong>Asa: Leijonaa mets\u00e4st\u00e4n 20v-juhlakiertue<\/strong><\/p>\n<p>4.12. Tampere, G Livelab<br \/>6.12. Helsinki, Korjaamo<br \/>19.12. Turku, Dynamo<br \/>20.12. Jyv\u00e4skyl\u00e4, Ilokivi<br \/>26.12. Lahti, Torvi<br \/>27.12. Oulu, 45 Special<\/p>\n","protected":false},"excerpt":{"rendered":"Asan Leijonaa mets\u00e4st\u00e4n -albumin julkaisusta tulee t\u00e4n\u00e4 vuonna kuluneeksi 20 vuotta. Sen kunniaksi Asa suuntaa kuuden kaupungin Leijonaa&hellip;\n","protected":false},"author":2,"featured_media":13987,"comment_status":"","ping_status":"","sticky":false,"template":"","format":"standard","meta":{"footnotes":""},"categories":[132],"tags":[137,33,31,30,195,47,32,109],"class_list":{"0":"post-13986","1":"post","2":"type-post","3":"status-publish","4":"format-standard","5":"has-post-thumbnail","7":"category-musiikki","8":"tag-entertainment","9":"tag-fi","10":"tag-finland","11":"tag-finnish","12":"tag-music","13":"tag-musiikki","14":"tag-suomi","15":"tag-viihde"},"share_on_mastodon":{"url":"","error":""},"_links":{"self":[{"href":"https:\/\/www.europesays.com\/fi\/wp-json\/wp\/v2\/posts\/13986","targetHints":{"allow":["GET"]}}],"collection":[{"href":"https:\/\/www.europesays.com\/fi\/wp-json\/wp\/v2\/posts"}],"about":[{"href":"https:\/\/www.europesays.com\/fi\/wp-json\/wp\/v2\/types\/post"}],"author":[{"embeddable":true,"href":"https:\/\/www.europesays.com\/fi\/wp-json\/wp\/v2\/users\/2"}],"replies":[{"embeddable":true,"href":"https:\/\/www.europesays.com\/fi\/wp-json\/wp\/v2\/comments?post=13986"}],"version-history":[{"count":0,"href":"https:\/\/www.europesays.com\/fi\/wp-json\/wp\/v2\/posts\/13986\/revisions"}],"wp:featuredmedia":[{"embeddable":true,"href":"https:\/\/www.europesays.com\/fi\/wp-json\/wp\/v2\/media\/13987"}],"wp:attachment":[{"href":"https:\/\/www.europesays.com\/fi\/wp-json\/wp\/v2\/media?parent=13986"}],"wp:term":[{"taxonomy":"category","embeddable":true,"href":"https:\/\/www.europesays.com\/fi\/wp-json\/wp\/v2\/categories?post=13986"},{"taxonomy":"post_tag","embeddable":true,"href":"https:\/\/www.europesays.com\/fi\/wp-json\/wp\/v2\/tags?post=13986"}],"curies":[{"name":"wp","href":"https:\/\/api.w.org\/{rel}","templated":true}]}}