{"id":139861,"date":"2026-01-11T21:47:07","date_gmt":"2026-01-11T21:47:07","guid":{"rendered":"https:\/\/www.europesays.com\/fi\/139861\/"},"modified":"2026-01-11T21:47:07","modified_gmt":"2026-01-11T21:47:07","slug":"jarjestot-iranissa-kuolonuhrien-maara-noussut-jyrkasti-stubb-vaati-hallintoa-pidattaytymaan-vakivallasta-uutissuomalainen","status":"publish","type":"post","link":"https:\/\/www.europesays.com\/fi\/139861\/","title":{"rendered":"J\u00e4rjest\u00f6t: Iranissa kuolonuhrien m\u00e4\u00e4r\u00e4 noussut jyrk\u00e4sti \u2013 Stubb vaati hallintoa pid\u00e4tt\u00e4ytym\u00e4\u00e4n v\u00e4kivallasta | Uutissuomalainen"},"content":{"rendered":"<p>Ihmisoikeusj\u00e4rjest\u00f6t ovat raportoineet, ett\u00e4 Iranissa mielenosoitusten aikana kuolleiden m\u00e4\u00e4r\u00e4 olisi noussut jyrk\u00e4sti sunnuntaihin menness\u00e4.<\/p>\n<p>Yhdysvalloista toimivan HRANA-j\u00e4rjest\u00f6n tietojen mukaan kuolleita olisi yli 500, joista suurin osa mielenosoittajia, kertovat esimerkiksi <a href=\"https:\/\/www.nytimes.com\/2026\/01\/11\/world\/middleeast\/iran-president-protests-economy-response.html\" rel=\"nofollow noopener\" target=\"_blank\">New York Times<\/a> ja <a href=\"https:\/\/www.wsj.com\/world\/middle-east\/iran-warns-it-could-hit-u-s-bases-as-trump-weighs-military-options-7fd57ba1\" rel=\"nofollow noopener\" target=\"_blank\">Wall Street Journal<\/a>.<\/p>\n<p>Norjasta toimiva <a href=\"https:\/\/iranhr.net\/en\/articles\/8526\/\" rel=\"nofollow noopener\" target=\"_blank\">Iran Human Rights<\/a> -j\u00e4rjest\u00f6 (IHR) puolestaan kertoo, ett\u00e4 vahvistettujen kuolonuhrien m\u00e4\u00e4r\u00e4 olisi sunnuntaihin menness\u00e4 noussut l\u00e4hes kahteensataan. J\u00e4rjest\u00f6 varoitti, ett\u00e4 todellisuudessa kuolonuhreja saattaa olla useita satoja tai enemm\u00e4n.<\/p>\n<p>IHR:n mukaan jotkin vahvistamattomat l\u00e4hteet puhuvat jopa yli 2\u2009000 kuolonuhrista. J\u00e4rjest\u00f6 syytt\u00e4\u00e4 Iranin hallintoa mielenosoittajien joukkomurhasta ja Iranin kansaan kohdistuvasta, merkitt\u00e4v\u00e4st\u00e4 kansainv\u00e4lisest\u00e4 rikoksesta.<\/p>\n<p>Uutistoimisto AFP:n sunnuntaina paikantamalla videolla n\u00e4kyy kymmeni\u00e4 ruumiita ruumishuoneen ulkopuolella Kahrizakin kaupungissa. J\u00e4rjest\u00f6jen mukaan uhrit ovat kuolleet, kun viranomaiset pyrkiv\u00e4t tukahduttamaan mielenosoituksia. AFP on todentanut, ett\u00e4 video on kuvattu Kahrizakissa, joka sijaitsee p\u00e4\u00e4kaupunki Teheranin etel\u00e4puolella. Video julkaistiin lauantaina.<\/p>\n<p>Presidentti Alexander Stubb vaati Iranin hallintoa pid\u00e4tt\u00e4ytym\u00e4\u00e4n v\u00e4kivallasta omia kansalaisiaan kohtaan ja kunnioittamaan iranilaisten sananvapautta ja oikeutta rauhanomaiseen kokoontumiseen. Stubb <a href=\"https:\/\/x.com\/alexstubb\/status\/2010366070742454621\" rel=\"nofollow\">kirjoitt<\/a>i viestipalvelu X:ss\u00e4 sunnuntaina, ett\u00e4 v\u00e4kivallan on loputtava.<\/p>\n<p>\u2013\u2009Kaikki laittomasti pid\u00e4tetyt mielenosoittajat on vapautettava, Stubb lis\u00e4si.<\/p>\n<p>\t\t\t\tPid\u00e4tettyj\u00e4 arvioidaan olevan tuhansia<\/p>\n<p>Iranin hallinto on pyrkinyt tukahduttamaan noin kaksi viikkoa sitten puhjenneita mielenosoituksia v\u00e4kivalloin. Iranin viranomaiset ajoivat kuluneella viikolla maan verkkoyhteydet alas hillit\u00e4kseen mielenosoituksia. Internet-yhteyksi\u00e4 seuraava Netblocks-sivusto <a href=\"https:\/\/mastodon.social\/@netblocks\/115874620939883209\" rel=\"nofollow noopener\" target=\"_blank\">kertoi<\/a> sunnuntai-iltana Iranin verkkoyhteyksien katkon kest\u00e4neen jo yli 60 tuntia.<\/p>\n<p>Viranomaiset kertoivat sunnuntaina tehneens\u00e4 lukuisia ja merkitt\u00e4vi\u00e4 pid\u00e4tyksi\u00e4. Tarkkoja m\u00e4\u00e4ri\u00e4 tai muita yksityiskohtia pid\u00e4tyksist\u00e4 ei ole kerrottu. Norjalaisen Hengaw-ihmisoikeusj\u00e4rjest\u00f6n <a href=\"https:\/\/x.com\/Hengaw_English\/status\/2009772153583857745\" rel=\"nofollow\">mukaan<\/a> yli 2\u2009500 ihmist\u00e4 olisi pid\u00e4tetty kahden viime viikon aikana.<\/p>\n<p>Human Rights Activists in Iran -j\u00e4rjest\u00f6 (HRA) arvioi sunnuntaina <a href=\"https:\/\/www.cnn.com\/world\/live-news\/iran-protests-01-11-26?post-id=cmk9yglzw00303d5u7an1okcc\" rel=\"nofollow noopener\" target=\"_blank\">uutiskanava CNN:lle<\/a>, ett\u00e4 pid\u00e4tettyj\u00e4 olisi yli 10\u2009000.<\/p>\n<p>Iranista on vaikea saada varmistettua tietoa, ja j\u00e4rjest\u00f6jen ja medioiden raportoimissa uhriluvuissa on paljon vaihtelua.<\/p>\n<p>\t\t\t\tHallinto julisti maahan suruajan<\/p>\n<p>Iranin hallinto on julistanut maahan kolmen p\u00e4iv\u00e4n suruajan &#8221;marttyyrien&#8221; muistamiseksi, kertoo Iranin valtiontelevisio. Marttyyreihin lukeutuvat hallinnon mukaan muun muassa mielenosoitusten aikana kuolleet turvallisuusjoukkojen j\u00e4senet.<\/p>\n<p>Valtiontelevision mukaan Iranin presidentti Masoud Pezeshkian kehottaa kansalaisia osallistumaan maanantaina j\u00e4rjestett\u00e4viin maanlaajuisiin &#8221;kansallisen vastarinnan marsseihin&#8221;. Marssien tarkoituksena on tuomita v\u00e4kivalta, jota harjoittavat hallinnon mukaan &#8221;kaupunkien terroristit ja rikolliset&#8221;.<\/p>\n<p>\t\t\t\tSuomen suurl\u00e4hetyst\u00f6 varoitti riskist\u00e4<\/p>\n<p>Suomen Teheranin-suurl\u00e4hetyst\u00f6n mukaan riski ulkomaalaisten mielivaltaisiin pid\u00e4tyksiin Iranissa on noussut. <\/p>\n<p>Suurl\u00e4hetyst\u00f6 kehottaa sunnuntaina p\u00e4ivitetyss\u00e4 <a href=\"https:\/\/finlandabroad.fi\/web\/irn\/etusivu\" rel=\"nofollow noopener\" target=\"_blank\">tiedotteessaan<\/a> v\u00e4ltt\u00e4m\u00e4\u00e4n mielenosoituksia ja suuria v\u00e4kijoukkoja. Tilanteet voivat suurl\u00e4hetyst\u00f6n mukaan muuttua nopeasti v\u00e4kivaltaisiksi. <\/p>\n<p>Suurl\u00e4hetyst\u00f6 neuvoo Iranissa olijoita seuraamaan tiedotusv\u00e4lineit\u00e4, noudattamaan paikallisviranomaisten ohjeita ja ilmoittamaan tilanteestaan l\u00e4heisille.<\/p>\n<p>H\u00e4t\u00e4tapauksessa suurl\u00e4hetyst\u00f6 neuvoo soittamaan ulkoministeri\u00f6n p\u00e4ivystykseen.<\/p>\n<p>Suurl\u00e4hetyst\u00f6n tiedotteesta uutisoi aiemmin <a href=\"https:\/\/www.is.fi\/ulkomaat\/art-2000011742720.html\" rel=\"nofollow noopener\" target=\"_blank\">Ilta-Sanomat<\/a>.<\/p>\n<p>\t\t\t\tYK kehottaa maltillisuuteen<\/p>\n<p>YK:n p\u00e4\u00e4sihteeri Antonio Guterres sanoo olevansa j\u00e4rkyttynyt tiedoista, joiden mukaan Iranin viranomaiset ovat pyrkineet tukahduttamaan maassa puhjenneita mielenosoituksia v\u00e4kivaltaisesti.<\/p>\n<p>Guterres kehottaa Iranin hallintoa maltillisuuteen ja pid\u00e4tt\u00e4ytym\u00e4\u00e4n tarpeettomasta tai suhteettomasta voimank\u00e4yt\u00f6st\u00e4.<\/p>\n<p>Guterresin kommenteista kertoi h\u00e4nen tiedottajansa Stephane Dujarric lausunnossa.<\/p>\n<p>Mielenosoitukset saivat alkunsa joulukuun lopussa, kun kauppiaat ryhtyiv\u00e4t lakkoon talousongelmien ja nousevien elinkustannusten vuoksi. Sittemmin mielenosoitukset ovat muuttuneet liikkeeksi, joka vastustaa vuoden 1979 vallankumouksen j\u00e4lkeen valtaan noussutta teokraattista hallintoa.<\/p>\n<p>L\u00e4hteen\u00e4 my\u00f6s uutistoimisto AFP.<\/p>\n","protected":false},"excerpt":{"rendered":"Ihmisoikeusj\u00e4rjest\u00f6t ovat raportoineet, ett\u00e4 Iranissa mielenosoitusten aikana kuolleiden m\u00e4\u00e4r\u00e4 olisi noussut jyrk\u00e4sti sunnuntaihin menness\u00e4. Yhdysvalloista toimivan HRANA-j\u00e4rjest\u00f6n tietojen&hellip;\n","protected":false},"author":2,"featured_media":139862,"comment_status":"","ping_status":"","sticky":false,"template":"","format":"standard","meta":{"footnotes":""},"categories":[14],"tags":[3406,22,23,2617,26,27,33,31,30,17,24,25,28,29,2571,15,18,21,637,32,19,20,56,16,59,60,61],"class_list":{"0":"post-139861","1":"post","2":"type-post","3":"status-publish","4":"format-standard","5":"has-post-thumbnail","7":"category-ulkomaat","8":"tag-alexander-stubb","9":"tag-breaking-news","10":"tag-breakingnews","11":"tag-cnn","12":"tag-featured-news","13":"tag-featurednews","14":"tag-fi","15":"tag-finland","16":"tag-finnish","17":"tag-headlines","18":"tag-latest-news","19":"tag-latestnews","20":"tag-main-news","21":"tag-mainnews","22":"tag-mielenosoitukset","23":"tag-news","24":"tag-otsikot","25":"tag-paauutiset","26":"tag-politiikka","27":"tag-suomi","28":"tag-top-stories","29":"tag-topstories","30":"tag-ulkomaat","31":"tag-uutiset","32":"tag-world","33":"tag-world-news","34":"tag-worldnews"},"share_on_mastodon":{"url":"https:\/\/pubeurope.com\/@fi\/115878667505206312","error":""},"_links":{"self":[{"href":"https:\/\/www.europesays.com\/fi\/wp-json\/wp\/v2\/posts\/139861","targetHints":{"allow":["GET"]}}],"collection":[{"href":"https:\/\/www.europesays.com\/fi\/wp-json\/wp\/v2\/posts"}],"about":[{"href":"https:\/\/www.europesays.com\/fi\/wp-json\/wp\/v2\/types\/post"}],"author":[{"embeddable":true,"href":"https:\/\/www.europesays.com\/fi\/wp-json\/wp\/v2\/users\/2"}],"replies":[{"embeddable":true,"href":"https:\/\/www.europesays.com\/fi\/wp-json\/wp\/v2\/comments?post=139861"}],"version-history":[{"count":0,"href":"https:\/\/www.europesays.com\/fi\/wp-json\/wp\/v2\/posts\/139861\/revisions"}],"wp:featuredmedia":[{"embeddable":true,"href":"https:\/\/www.europesays.com\/fi\/wp-json\/wp\/v2\/media\/139862"}],"wp:attachment":[{"href":"https:\/\/www.europesays.com\/fi\/wp-json\/wp\/v2\/media?parent=139861"}],"wp:term":[{"taxonomy":"category","embeddable":true,"href":"https:\/\/www.europesays.com\/fi\/wp-json\/wp\/v2\/categories?post=139861"},{"taxonomy":"post_tag","embeddable":true,"href":"https:\/\/www.europesays.com\/fi\/wp-json\/wp\/v2\/tags?post=139861"}],"curies":[{"name":"wp","href":"https:\/\/api.w.org\/{rel}","templated":true}]}}