{"id":139863,"date":"2026-01-11T21:48:08","date_gmt":"2026-01-11T21:48:08","guid":{"rendered":"https:\/\/www.europesays.com\/fi\/139863\/"},"modified":"2026-01-11T21:48:08","modified_gmt":"2026-01-11T21:48:08","slug":"linnainmaalla-parannetaan-hulevesijarjestelyja-maanantaista-alkaen-puistoaluetta-rakennetaan-niittymaisemmaksi","status":"publish","type":"post","link":"https:\/\/www.europesays.com\/fi\/139863\/","title":{"rendered":"Linnainmaalla parannetaan hulevesij\u00e4rjestelyj\u00e4 maanantaista alkaen \u2013 puistoaluetta rakennetaan niittym\u00e4isemm\u00e4ksi"},"content":{"rendered":"<p>T\u00f6ist\u00e4 aiheutuu liikenteenj\u00e4rjestelyj\u00e4 L\u00e4nkim\u00e4enraitille sek\u00e4 muille alueen jalankulku- ja py\u00f6r\u00e4ilyreiteille.<\/p>\n<p class=\"article-body mb-nof-24 px-nof-16\">Aamulehti<\/p>\n<p class=\"article-body mb-nof-24 px-nof-16\">Linnainmaalla sijaitsevan Jussilanreunan hulevesirakenteiden rakentaminen alkaa maanantaina 12. tammikuuta, Tampereen kaupunki <a class=\"underline underline-offset-[0.12em] [text-decoration-thickness:var(--generic-link-underline-thickness)] [text-decoration-color:var(--generic-link-underline-color)] [text-decoration-skip-ink:var(--generic-link-underline-skip-ink)] break-words\" href=\"https:\/\/www.tampere.fi\/ajankohtaista\/2026\/01\/09\/linnainmaan-jussilanreunassa-parannetaan-hulevesijarjestelyja\" rel=\"nofollow noopener\" target=\"_blank\">tiedottaa<\/a>.<\/p>\n<p class=\"article-body mb-nof-24 px-nof-16\">T\u00f6ist\u00e4 aiheutuu liikenteenj\u00e4rjestelyj\u00e4 L\u00e4nkim\u00e4enraitille sek\u00e4 muille alueen jalankulku- ja py\u00f6r\u00e4ilyreiteille. T\u00f6iden on m\u00e4\u00e4r\u00e4 valmistua t\u00e4n\u00e4 kes\u00e4n\u00e4.<\/p>\n<p class=\"article-body mb-nof-24 px-nof-16\">Alueen hulevesij\u00e4rjestelyj\u00e4 parannetaan ohjaamalla Aitolahdentielt\u00e4 tulevia hulevesi\u00e4 Jussilanreunaan rakennettavalle hulevesialtaalle, mik\u00e4 pienent\u00e4\u00e4 tulvariski\u00e4 Jussilankulman alueella.<\/p>\n<p class=\"article-body mb-nof-24 px-nof-16\">Altaasta hulevedet johdetaan rakennettavaa hulevesiviem\u00e4ri\u00e4 pitkin L\u00e4nkiniitynm\u00e4en alueella olevaan avouomaan, jonka yhteyteen rakennetaan tulvaniittyj\u00e4.<\/p>\n<p class=\"article-body mb-nof-24 px-nof-16\">Toimenpiteill\u00e4 pyrit\u00e4\u00e4n ehk\u00e4isem\u00e4\u00e4n kaupunkitulvia ja parantamaan hulevesien laatua.<\/p>\n<p class=\"article-body mb-nof-24 px-nof-16\">Hulevedeksi kutsutaan rakennetuilta alueilta poisjohdettavaa sade- ja sulamisvett\u00e4 sek\u00e4 perustusten kuivatusvett\u00e4.<\/p>\n<p>Luonnon monimuotoisuutta parannetaan<\/p>\n<p class=\"article-body mb-nof-24 px-nof-16\">Urakassa Jussilanreunan puistoaluetta rakennetaan my\u00f6s niittym\u00e4isemm\u00e4ksi. Hulevesialtaan reunoille tehd\u00e4\u00e4n erilaisten ruohovartisten kasvien peitt\u00e4m\u00e4\u00e4 kukkivaa tulvaniitty\u00e4. Lis\u00e4ksi altaan luiskiin sijoitetaan lahopuita lis\u00e4\u00e4m\u00e4\u00e4n luonnon monimuotoisuutta.<\/p>\n<p class=\"article-body mb-nof-24 px-nof-16\">L\u00e4nkiniitynm\u00e4en tulvatasanne rakennetaan my\u00f6s niittym\u00e4iseksi. Puita poistetaan mahdollisimman v\u00e4h\u00e4n, ja poistettavien tilalle istutetaan uusia. Jussilanreunan hulevesialtaan kohdalla kasvavat nuoret jalavat siirret\u00e4\u00e4n L\u00e4nkiniitynm\u00e4en puistoalueelle.<\/p>\n<p class=\"article-body mb-nof-24 px-nof-16\">Altaiden kaivuut\u00f6iss\u00e4 muodostuvia maamassoja k\u00e4ytet\u00e4\u00e4n puiston maastonmuotoiluissa.<\/p>\n<p class=\"article-body mb-nof-24 px-nof-16\">Puistoon sijoitetaan lis\u00e4ksi alueen hulevesist\u00e4 sek\u00e4 luonto- ja maisema-arvoista kertova infotaulu.<\/p>\n","protected":false},"excerpt":{"rendered":"T\u00f6ist\u00e4 aiheutuu liikenteenj\u00e4rjestelyj\u00e4 L\u00e4nkim\u00e4enraitille sek\u00e4 muille alueen jalankulku- ja py\u00f6r\u00e4ilyreiteille. Aamulehti Linnainmaalla sijaitsevan Jussilanreunan hulevesirakenteiden rakentaminen alkaa maanantaina&hellip;\n","protected":false},"author":2,"featured_media":139864,"comment_status":"","ping_status":"","sticky":false,"template":"","format":"standard","meta":{"footnotes":""},"categories":[12],"tags":[157,22,23,26,27,33,31,30,17,24,25,28,29,15,18,21,32,19,20,16],"class_list":{"0":"post-139863","1":"post","2":"type-post","3":"status-publish","4":"format-standard","5":"has-post-thumbnail","7":"category-suomi","8":"tag-aamulehti","9":"tag-breaking-news","10":"tag-breakingnews","11":"tag-featured-news","12":"tag-featurednews","13":"tag-fi","14":"tag-finland","15":"tag-finnish","16":"tag-headlines","17":"tag-latest-news","18":"tag-latestnews","19":"tag-main-news","20":"tag-mainnews","21":"tag-news","22":"tag-otsikot","23":"tag-paauutiset","24":"tag-suomi","25":"tag-top-stories","26":"tag-topstories","27":"tag-uutiset"},"share_on_mastodon":{"url":"https:\/\/pubeurope.com\/@fi\/115878671417770396","error":""},"_links":{"self":[{"href":"https:\/\/www.europesays.com\/fi\/wp-json\/wp\/v2\/posts\/139863","targetHints":{"allow":["GET"]}}],"collection":[{"href":"https:\/\/www.europesays.com\/fi\/wp-json\/wp\/v2\/posts"}],"about":[{"href":"https:\/\/www.europesays.com\/fi\/wp-json\/wp\/v2\/types\/post"}],"author":[{"embeddable":true,"href":"https:\/\/www.europesays.com\/fi\/wp-json\/wp\/v2\/users\/2"}],"replies":[{"embeddable":true,"href":"https:\/\/www.europesays.com\/fi\/wp-json\/wp\/v2\/comments?post=139863"}],"version-history":[{"count":0,"href":"https:\/\/www.europesays.com\/fi\/wp-json\/wp\/v2\/posts\/139863\/revisions"}],"wp:featuredmedia":[{"embeddable":true,"href":"https:\/\/www.europesays.com\/fi\/wp-json\/wp\/v2\/media\/139864"}],"wp:attachment":[{"href":"https:\/\/www.europesays.com\/fi\/wp-json\/wp\/v2\/media?parent=139863"}],"wp:term":[{"taxonomy":"category","embeddable":true,"href":"https:\/\/www.europesays.com\/fi\/wp-json\/wp\/v2\/categories?post=139863"},{"taxonomy":"post_tag","embeddable":true,"href":"https:\/\/www.europesays.com\/fi\/wp-json\/wp\/v2\/tags?post=139863"}],"curies":[{"name":"wp","href":"https:\/\/api.w.org\/{rel}","templated":true}]}}