{"id":139879,"date":"2026-01-11T22:14:09","date_gmt":"2026-01-11T22:14:09","guid":{"rendered":"https:\/\/www.europesays.com\/fi\/139879\/"},"modified":"2026-01-11T22:14:09","modified_gmt":"2026-01-11T22:14:09","slug":"tragedia-pietarsaaressa-koira-kuoli-ilta-sanomat","status":"publish","type":"post","link":"https:\/\/www.europesays.com\/fi\/139879\/","title":{"rendered":"Tragedia Pietarsaaressa: Koira kuoli &#8211; Ilta-Sanomat"},"content":{"rendered":"<p>Tulipalo sai alustavien tietojen mukaan alkunsa kynttil\u00e4st\u00e4.<\/p>\n<p>11.1. 23:00<\/p>\n<p class=\"article-body mb-nof-24 px-nof-16\">Koira kuoli kerrostaloasunnossa syttyneess\u00e4 tulipalossa sunnuntai-iltana Pietarsaaressa.<\/p>\n<p class=\"article-body mb-nof-24 px-nof-16\">Pelastuslaitos sai puoli yhdeks\u00e4n aikaan teht\u00e4v\u00e4n Pietarsaaren Alholminkadulle, jossa kerrostalon ylimm\u00e4ss\u00e4 kerroksessa sijaitsevassa asunnossa oli syttynyt tulipalo.<\/p>\n<p class=\"article-body mb-nof-24 px-nof-16\">Asunnossa oli palon syttyess\u00e4 paikalla yksi ihminen, joka ilmoitti palosta itse h\u00e4t\u00e4keskukseen.<\/p>\n<p class=\"article-body mb-nof-24 px-nof-16\">Pelastuslaitoksen saapuessa paikalle asunnosta levisi yh\u00e4 savua, mutta itse palo oli jo hiipunut. Pelastuslaitos l\u00f6ysi asunnosta kuolleen koiran.<\/p>\n<p class=\"article-body mb-nof-24 px-nof-16\">\u2013 Mit\u00e4\u00e4n ei ollut teht\u00e4viss\u00e4, p\u00e4ivyst\u00e4v\u00e4 palomestari kertoo.<\/p>\n<p><img decoding=\"async\" src=\"https:\/\/www.europesays.com\/fi\/wp-content\/uploads\/2026\/01\/1768169649_377_468.jpg\" alt=\"\" class=\"_Img_1rerz_1\" style=\"aspect-ratio:1.5\" loading=\"eager\"\/><\/p>\n<p class=\"article-picture-caption\">Kuva:\u00a0Lukijan kuva \/ Steve<\/p>\n<p class=\"article-body mb-nof-24 px-nof-16\">Tulipalo sai alustavien tietojen mukaan alkunsa kynttil\u00e4st\u00e4. Asunnossa paloi ainakin s\u00e4nky.<\/p>\n<p class=\"article-body mb-nof-24 px-nof-16\">Asunto k\u00e4rsi palossa mittavia savu- ja nokivahinkoja, ja siit\u00e4 tuli asuinkelvoton.<\/p>\n<p class=\"article-body mb-nof-24 px-nof-16\">Savua jouduttiin tuulettamaan pois my\u00f6s naapuriasunnosta, mutta paloasuntoa lukuun ottamatta kerrostalo s\u00e4ilyi asuinkuntoisena.<\/p>\n","protected":false},"excerpt":{"rendered":"Tulipalo sai alustavien tietojen mukaan alkunsa kynttil\u00e4st\u00e4. 11.1. 23:00 Koira kuoli kerrostaloasunnossa syttyneess\u00e4 tulipalossa sunnuntai-iltana Pietarsaaressa. Pelastuslaitos sai&hellip;\n","protected":false},"author":2,"featured_media":139880,"comment_status":"","ping_status":"","sticky":false,"template":"","format":"standard","meta":{"footnotes":""},"categories":[12],"tags":[22,23,26,27,33,31,30,17,34,24,25,28,29,15,18,21,32,19,20,16],"class_list":{"0":"post-139879","1":"post","2":"type-post","3":"status-publish","4":"format-standard","5":"has-post-thumbnail","7":"category-suomi","8":"tag-breaking-news","9":"tag-breakingnews","10":"tag-featured-news","11":"tag-featurednews","12":"tag-fi","13":"tag-finland","14":"tag-finnish","15":"tag-headlines","16":"tag-ilta-sanomat","17":"tag-latest-news","18":"tag-latestnews","19":"tag-main-news","20":"tag-mainnews","21":"tag-news","22":"tag-otsikot","23":"tag-paauutiset","24":"tag-suomi","25":"tag-top-stories","26":"tag-topstories","27":"tag-uutiset"},"share_on_mastodon":{"url":"https:\/\/pubeurope.com\/@fi\/115878773674980419","error":""},"_links":{"self":[{"href":"https:\/\/www.europesays.com\/fi\/wp-json\/wp\/v2\/posts\/139879","targetHints":{"allow":["GET"]}}],"collection":[{"href":"https:\/\/www.europesays.com\/fi\/wp-json\/wp\/v2\/posts"}],"about":[{"href":"https:\/\/www.europesays.com\/fi\/wp-json\/wp\/v2\/types\/post"}],"author":[{"embeddable":true,"href":"https:\/\/www.europesays.com\/fi\/wp-json\/wp\/v2\/users\/2"}],"replies":[{"embeddable":true,"href":"https:\/\/www.europesays.com\/fi\/wp-json\/wp\/v2\/comments?post=139879"}],"version-history":[{"count":0,"href":"https:\/\/www.europesays.com\/fi\/wp-json\/wp\/v2\/posts\/139879\/revisions"}],"wp:featuredmedia":[{"embeddable":true,"href":"https:\/\/www.europesays.com\/fi\/wp-json\/wp\/v2\/media\/139880"}],"wp:attachment":[{"href":"https:\/\/www.europesays.com\/fi\/wp-json\/wp\/v2\/media?parent=139879"}],"wp:term":[{"taxonomy":"category","embeddable":true,"href":"https:\/\/www.europesays.com\/fi\/wp-json\/wp\/v2\/categories?post=139879"},{"taxonomy":"post_tag","embeddable":true,"href":"https:\/\/www.europesays.com\/fi\/wp-json\/wp\/v2\/tags?post=139879"}],"curies":[{"name":"wp","href":"https:\/\/api.w.org\/{rel}","templated":true}]}}