{"id":13988,"date":"2025-08-23T10:37:07","date_gmt":"2025-08-23T10:37:07","guid":{"rendered":"https:\/\/www.europesays.com\/fi\/13988\/"},"modified":"2025-08-23T10:37:07","modified_gmt":"2025-08-23T10:37:07","slug":"omega-3-rasvahapot-voivat-suojata-alzheimerin-taudilta","status":"publish","type":"post","link":"https:\/\/www.europesays.com\/fi\/13988\/","title":{"rendered":"Omega-3-rasvahapot voivat suojata Alzheimerin taudilta"},"content":{"rendered":"<p>Viel\u00e4 tarvitaan kliinisi\u00e4 tutkimuksia<\/p>\n<p>\u201dAlzheimerin tautia esiintyy naisilla suhteettoman paljon, ja yli 80-vuotiailla naisilla tauti diagnosoidaan useammin kuin miehill\u00e4\u201d, selitt\u00e4\u00e4 yksi tutkijoista, tohtori Cristina Legido-Quigley Lontoon King\u2019s Collegesta <a href=\"https:\/\/www.eurekalert.org\/news-releases\/1095047\" class=\"hover:font-bold\" rel=\"nofollow noopener\" target=\"_blank\">lehdist\u00f6tiedotteessa<\/a>.<\/p>\n<p>\u201dYksi yll\u00e4tt\u00e4vimmist\u00e4 havainnoista sukupuolen suhteen oli, ett\u00e4 miehill\u00e4 n\u00e4iden lipidien pitoisuuksissa ei havaittu eroa terveiden ja kognitiivisesta heikentymisest\u00e4 k\u00e4rsivien v\u00e4lill\u00e4, mutta toisin oli naisilla\u201d, tutkija sanoo.<\/p>\n<p>H\u00e4nen mukaansa tieto sukupuolten v\u00e4lisiss\u00e4 eroista rasva-aineissa voi avata uusia tutkimusmahdollisuuksia.<\/p>\n<p><strong>Dementiatutkija Sarah-Naomi James uskoi aiemmin, ett\u00e4 dementia on v\u00e4ist\u00e4m\u00e4t\u00f6n osa ik\u00e4\u00e4ntymist\u00e4. Nyt h\u00e4n tiet\u00e4\u00e4, ett\u00e4 on olemassa useita konkreettisia asioita, joita itse voi tehd\u00e4 ja v\u00e4ltt\u00e4\u00e4 arjessa ehk\u00e4ist\u00e4kseen tai viivytt\u00e4\u00e4kseen vakavan sairauden puhkeamista. Lue lis\u00e4\u00e4 artikkelista:<\/strong><\/p>\n","protected":false},"excerpt":{"rendered":"Viel\u00e4 tarvitaan kliinisi\u00e4 tutkimuksia \u201dAlzheimerin tautia esiintyy naisilla suhteettoman paljon, ja yli 80-vuotiailla naisilla tauti diagnosoidaan useammin kuin&hellip;\n","protected":false},"author":2,"featured_media":13989,"comment_status":"","ping_status":"","sticky":false,"template":"","format":"standard","meta":{"footnotes":""},"categories":[165],"tags":[33,31,30,166,32,167],"class_list":{"0":"post-13988","1":"post","2":"type-post","3":"status-publish","4":"format-standard","5":"has-post-thumbnail","7":"category-terveys","8":"tag-fi","9":"tag-finland","10":"tag-finnish","11":"tag-health","12":"tag-suomi","13":"tag-terveys"},"share_on_mastodon":{"url":"","error":""},"_links":{"self":[{"href":"https:\/\/www.europesays.com\/fi\/wp-json\/wp\/v2\/posts\/13988","targetHints":{"allow":["GET"]}}],"collection":[{"href":"https:\/\/www.europesays.com\/fi\/wp-json\/wp\/v2\/posts"}],"about":[{"href":"https:\/\/www.europesays.com\/fi\/wp-json\/wp\/v2\/types\/post"}],"author":[{"embeddable":true,"href":"https:\/\/www.europesays.com\/fi\/wp-json\/wp\/v2\/users\/2"}],"replies":[{"embeddable":true,"href":"https:\/\/www.europesays.com\/fi\/wp-json\/wp\/v2\/comments?post=13988"}],"version-history":[{"count":0,"href":"https:\/\/www.europesays.com\/fi\/wp-json\/wp\/v2\/posts\/13988\/revisions"}],"wp:featuredmedia":[{"embeddable":true,"href":"https:\/\/www.europesays.com\/fi\/wp-json\/wp\/v2\/media\/13989"}],"wp:attachment":[{"href":"https:\/\/www.europesays.com\/fi\/wp-json\/wp\/v2\/media?parent=13988"}],"wp:term":[{"taxonomy":"category","embeddable":true,"href":"https:\/\/www.europesays.com\/fi\/wp-json\/wp\/v2\/categories?post=13988"},{"taxonomy":"post_tag","embeddable":true,"href":"https:\/\/www.europesays.com\/fi\/wp-json\/wp\/v2\/tags?post=13988"}],"curies":[{"name":"wp","href":"https:\/\/api.w.org\/{rel}","templated":true}]}}