{"id":139883,"date":"2026-01-11T22:18:24","date_gmt":"2026-01-11T22:18:24","guid":{"rendered":"https:\/\/www.europesays.com\/fi\/139883\/"},"modified":"2026-01-11T22:18:24","modified_gmt":"2026-01-11T22:18:24","slug":"peter-liljeroth-kollegoineen-yrittaa-kehittaa-jotain-mita-ei-ennen-ole-ollut-olemassa","status":"publish","type":"post","link":"https:\/\/www.europesays.com\/fi\/139883\/","title":{"rendered":"Peter Liljeroth kollegoineen yritt\u00e4\u00e4 kehitt\u00e4\u00e4 jotain, mit\u00e4 ei ennen ole ollut olemassa"},"content":{"rendered":"<p class=\"is-style-dropcap\">Kaikki materiaalit koostuvat atomeista, mutta joillain materiaaleilla on lis\u00e4ksi makroskooppisia kvanttiominaisuuksia, joiden ymm\u00e4rt\u00e4miseen tarvitaan kvanttimekaniikkaa. N\u00e4in sanoo <strong>Peter Liljeroth<\/strong>, Aalto-yliopiston teknillisen fysiikan professori.<\/p>\n<p>Esimerkiksi suprajohtavuus on kvanttimekaaninen ilmi\u00f6.<\/p>\n<p>\u201dKun lyijy j\u00e4\u00e4hdytet\u00e4\u00e4n tarpeeksi matalaan l\u00e4mp\u00f6tilaan, se muuttuu suprajohteeksi. Silloin se on koherentissa kvanttitilassa.\u201d<\/p>\n<p>Kun aine on suprajohtavassa tilassa, sen l\u00e4pi johdettu s\u00e4hk\u00f6virta ei koe lainkaan vastusta.<\/p>\n<p><img loading=\"lazy\" decoding=\"async\" width=\"1707\" height=\"2560\"  src=\"https:\/\/www.europesays.com\/fi\/wp-content\/uploads\/2026\/01\/pliljeroth_nmc_1-scaled.jpg\" alt=\"\" class=\"wp-image-1455564 js-photoswipe-image\"\/>\u201dMateriaalitieteess\u00e4 hienoimmat asiat ovat niit\u00e4, joita ei viel\u00e4 ole olemassa. Niit\u00e4 yrit\u00e4mme kehitt\u00e4\u00e4\u201d, sanoo Peter Liljeroth. Taustalla n\u00e4kyv\u00e4n tyhji\u00f6kammion sis\u00e4ll\u00e4 on nyrkin kokoinen tunnelointimikroskooppi, jolla ainetta voi tarkastella atomitasolla. Kuva: Gavin Pugh \/ Aalto-yliopisto<\/p>\n<p>Nykyisin kaikki k\u00e4ytt\u00f6kelpoiset suprajohteet vaativat hyvin kylm\u00e4n l\u00e4mp\u00f6tilan, mik\u00e4 rajoittaa niiden k\u00e4ytt\u00f6\u00e4 merkitt\u00e4v\u00e4sti. Se, ett\u00e4 joku keksisi k\u00e4yt\u00e4nn\u00f6llisemm\u00e4n suprajohteen olisi suuri edistysaskel ja vaikuttaisi valtavasti elektroniikan kehitykseen.<\/p>\n<p>Vastaavia askeleita yritt\u00e4\u00e4 ottaa Liljerothin johtama tutkijaryhm\u00e4 Aalto-yliopistossa.<\/p>\n<p>Heid\u00e4n tavoitteenaan on kehitt\u00e4\u00e4 uusia, jopa suprajohtavia materiaaleja monimutkaisempia kvanttimateriaaleja sek\u00e4 menetelmi\u00e4 n\u00e4iden tutkimiseen.<\/p>\n<p>\u201dIdeana on kehitt\u00e4\u00e4 jotain, mit\u00e4 ei ennen ole ollut olemassa. T\u00e4ysin uusia kvanttimateriaaleja, joissa saamme uusia ilmi\u00f6it\u00e4 aikaiseksi\u201d, Liljeroth sanoo.<\/p>\n<p>Tilaa Tekniikan Maailma ja saat jutun heti luettavaksesi.<\/p>\n","protected":false},"excerpt":{"rendered":"Kaikki materiaalit koostuvat atomeista, mutta joillain materiaaleilla on lis\u00e4ksi makroskooppisia kvanttiominaisuuksia, joiden ymm\u00e4rt\u00e4miseen tarvitaan kvanttimekaniikkaa. N\u00e4in sanoo Peter&hellip;\n","protected":false},"author":2,"featured_media":139884,"comment_status":"","ping_status":"","sticky":false,"template":"","format":"standard","meta":{"footnotes":""},"categories":[115],"tags":[33,31,30,455,454,118,32,119],"class_list":{"0":"post-139883","1":"post","2":"type-post","3":"status-publish","4":"format-standard","5":"has-post-thumbnail","7":"category-fysiikka","8":"tag-fi","9":"tag-finland","10":"tag-finnish","11":"tag-fysiikka","12":"tag-physics","13":"tag-science","14":"tag-suomi","15":"tag-tiede"},"share_on_mastodon":{"url":"https:\/\/pubeurope.com\/@fi\/115878789264471785","error":""},"_links":{"self":[{"href":"https:\/\/www.europesays.com\/fi\/wp-json\/wp\/v2\/posts\/139883","targetHints":{"allow":["GET"]}}],"collection":[{"href":"https:\/\/www.europesays.com\/fi\/wp-json\/wp\/v2\/posts"}],"about":[{"href":"https:\/\/www.europesays.com\/fi\/wp-json\/wp\/v2\/types\/post"}],"author":[{"embeddable":true,"href":"https:\/\/www.europesays.com\/fi\/wp-json\/wp\/v2\/users\/2"}],"replies":[{"embeddable":true,"href":"https:\/\/www.europesays.com\/fi\/wp-json\/wp\/v2\/comments?post=139883"}],"version-history":[{"count":0,"href":"https:\/\/www.europesays.com\/fi\/wp-json\/wp\/v2\/posts\/139883\/revisions"}],"wp:featuredmedia":[{"embeddable":true,"href":"https:\/\/www.europesays.com\/fi\/wp-json\/wp\/v2\/media\/139884"}],"wp:attachment":[{"href":"https:\/\/www.europesays.com\/fi\/wp-json\/wp\/v2\/media?parent=139883"}],"wp:term":[{"taxonomy":"category","embeddable":true,"href":"https:\/\/www.europesays.com\/fi\/wp-json\/wp\/v2\/categories?post=139883"},{"taxonomy":"post_tag","embeddable":true,"href":"https:\/\/www.europesays.com\/fi\/wp-json\/wp\/v2\/tags?post=139883"}],"curies":[{"name":"wp","href":"https:\/\/api.w.org\/{rel}","templated":true}]}}