{"id":139885,"date":"2026-01-11T22:27:07","date_gmt":"2026-01-11T22:27:07","guid":{"rendered":"https:\/\/www.europesays.com\/fi\/139885\/"},"modified":"2026-01-11T22:27:07","modified_gmt":"2026-01-11T22:27:07","slug":"seiska-tarja-halonen-kertoo-kuolema-vieraili","status":"publish","type":"post","link":"https:\/\/www.europesays.com\/fi\/139885\/","title":{"rendered":"Seiska: Tarja Halonen kertoo: Kuolema vieraili"},"content":{"rendered":"<p>Presidentti Tarja Halonen on kohdannut menetyksen. H\u00e4n kertoo asiasta Seiskalle.<\/p>\n<p>Halosen kissa on kuollut.<\/p>\n<p>\u2013 Meggi-kissa poistui valitettavasti paremmille markkinoille viime kev\u00e4\u00e4n\u00e4, Tarja paljastaa.<\/p>\n<p>Kuolemaan johti \u00e4killinen munuaistulehdus.<\/p>\n<p>Mutta jotain iloakin on el\u00e4kel\u00e4isparin, Tarjan ja Pentin, el\u00e4m\u00e4ss\u00e4.<\/p>\n<p>Seiska tiet\u00e4\u00e4 kertoa, ett\u00e4 kaksikko yritti el\u00e4\u00e4 kev\u00e4\u00e4st\u00e4 syksyyn kissatonta el\u00e4m\u00e4\u00e4, mutta se ei tuntunut hyv\u00e4lt\u00e4. Nyt kotona on uusi kissa.<\/p>\n<p>H\u00e4nen nimens\u00e4 on Dafne.<\/p>\n<p>Koditon Dafne pelastettiin el\u00e4insuojeluyhdistykselle, ja sit\u00e4 kautta Tarjalle ja Pentille.<\/p>\n<p>Siin\u00e4 miss\u00e4 monet julkkikset ottavat rotukissoja presidentille on nostettava hattua. H\u00e4n otti tavallisen kisumirrin, joka todella tarvitsi pelastavaa k\u00e4tt\u00e4 ja hoivaa. <\/p>\n<p>Virallisesti kissa on kuulemma Hesyn eli el\u00e4insuojeluyhdistyksen kissa, mutta se on kotiutunut Halosen kotiin hyvin,<a href=\"https:\/\/www.seiska.fi\/kotimaa\/tarja-halonen-suru-uutisen-jalkeen-uusi-onni\/2041879\" rel=\"nofollow noopener\" target=\"_blank\"> Seiska <\/a>kirjoittaa.<\/p>\n<p>Lue my\u00f6s: <a href=\"https:\/\/www.como.fi\/tilaa-comon-uutiskirje\/\" title=\"Tilaa Comon uutiskirje ja tied\u00e4t mist\u00e4 kahvitauolla puhutaan! Nappaa kotimaan tv-vinkit ja puheenaiheet suoraan s\u00e4hk\u00f6postiin t\u00e4st\u00e4.\" class=\"underline-custom !font-montserrat !font-bold !underline-offset-4 !decoration-4 !decoration-red-600 !text-md\" rel=\"nofollow noopener\" target=\"_blank\">Tilaa Comon uutiskirje ja tied\u00e4t mist\u00e4 kahvitauolla puhutaan! Nappaa kotimaan tv-vinkit ja puheenaiheet suoraan s\u00e4hk\u00f6postiin t\u00e4st\u00e4.<\/a><\/p>\n","protected":false},"excerpt":{"rendered":"Presidentti Tarja Halonen on kohdannut menetyksen. H\u00e4n kertoo asiasta Seiskalle. Halosen kissa on kuollut. \u2013 Meggi-kissa poistui valitettavasti&hellip;\n","protected":false},"author":2,"featured_media":139886,"comment_status":"","ping_status":"","sticky":false,"template":"","format":"standard","meta":{"footnotes":""},"categories":[136],"tags":[407,137,33,31,30,408,32,109],"class_list":{"0":"post-139885","1":"post","2":"type-post","3":"status-publish","4":"format-standard","5":"has-post-thumbnail","7":"category-julkkikset","8":"tag-celebrities","9":"tag-entertainment","10":"tag-fi","11":"tag-finland","12":"tag-finnish","13":"tag-julkkikset","14":"tag-suomi","15":"tag-viihde"},"share_on_mastodon":{"url":"https:\/\/pubeurope.com\/@fi\/115878824685160819","error":""},"_links":{"self":[{"href":"https:\/\/www.europesays.com\/fi\/wp-json\/wp\/v2\/posts\/139885","targetHints":{"allow":["GET"]}}],"collection":[{"href":"https:\/\/www.europesays.com\/fi\/wp-json\/wp\/v2\/posts"}],"about":[{"href":"https:\/\/www.europesays.com\/fi\/wp-json\/wp\/v2\/types\/post"}],"author":[{"embeddable":true,"href":"https:\/\/www.europesays.com\/fi\/wp-json\/wp\/v2\/users\/2"}],"replies":[{"embeddable":true,"href":"https:\/\/www.europesays.com\/fi\/wp-json\/wp\/v2\/comments?post=139885"}],"version-history":[{"count":0,"href":"https:\/\/www.europesays.com\/fi\/wp-json\/wp\/v2\/posts\/139885\/revisions"}],"wp:featuredmedia":[{"embeddable":true,"href":"https:\/\/www.europesays.com\/fi\/wp-json\/wp\/v2\/media\/139886"}],"wp:attachment":[{"href":"https:\/\/www.europesays.com\/fi\/wp-json\/wp\/v2\/media?parent=139885"}],"wp:term":[{"taxonomy":"category","embeddable":true,"href":"https:\/\/www.europesays.com\/fi\/wp-json\/wp\/v2\/categories?post=139885"},{"taxonomy":"post_tag","embeddable":true,"href":"https:\/\/www.europesays.com\/fi\/wp-json\/wp\/v2\/tags?post=139885"}],"curies":[{"name":"wp","href":"https:\/\/api.w.org\/{rel}","templated":true}]}}