{"id":139921,"date":"2026-01-11T23:19:07","date_gmt":"2026-01-11T23:19:07","guid":{"rendered":"https:\/\/www.europesays.com\/fi\/139921\/"},"modified":"2026-01-11T23:19:07","modified_gmt":"2026-01-11T23:19:07","slug":"lotta-hintsa-esittelee-muhkeaa-raskausmahaansa-katso-video","status":"publish","type":"post","link":"https:\/\/www.europesays.com\/fi\/139921\/","title":{"rendered":"Lotta Hintsa esittelee muhkeaa raskausmahaansa \u2013 katso video"},"content":{"rendered":"<p>Viimeisill\u00e4\u00e4n raskaana oleva vuorikiipeilij\u00e4 <strong>Lotta Hintsa<\/strong> on julkaissut videon. H\u00e4n esittelee videossa raskauden alussa olevaa mahaansa ja tuoretta videokuvaa mahastaan.<\/p>\n<p>Hintsa on kirjoittanut videoonsa, kuinka luuli ihan raskauden alussa raskausmahan erottuvan jo hyvin. Nyt loppuraskaudessa se naurattaa h\u00e4nt\u00e4. Maha on todellakin nyt paljon muhkeampi ja alussa aika huomaamaton.<\/p>\n<p>Lue my\u00f6s: <a href=\"https:\/\/www.como.fi\/uutiset\/lotta-hintsan-vauvajuhlat-teemavari-paljasti-sukupuolen\/\" title=\"Lotta Hintsan vauvajuhlat \u2013 teemav\u00e4ri paljasti sukupuolen?\" class=\"underline-custom !font-montserrat !font-bold !underline-offset-4 !decoration-4 !decoration-red-600 !text-md\" rel=\"nofollow noopener\" target=\"_blank\">Lotta Hintsan vauvajuhlat \u2013 teemav\u00e4ri paljasti sukupuolen?<\/a><\/p>\n<p>Videosta selvi\u00e4\u00e4, ett\u00e4 Lotan raskaus on edennyt jo viikolle 38+. Viikkoja on jo niin paljon, ett\u00e4 lapsi saattaa synty\u00e4 milloin tahansa.<\/p>\n<p>Lue my\u00f6s: <a href=\"https:\/\/www.como.fi\/uutiset\/raskaus-on-aiheuttanut-lotta-hintsalle-terveysongelman\/\" title=\"Raskaus on aiheuttanut Lotta Hintsalle terveysongelman\" class=\"underline-custom !font-montserrat !font-bold !underline-offset-4 !decoration-4 !decoration-red-600 !text-md\" rel=\"nofollow noopener\" target=\"_blank\">Raskaus on aiheuttanut Lotta Hintsalle terveysongelman<\/a><\/p>\n<p>\u2013 No m\u00e4 n\u00e4ytin viikolla 12 tuolta kuin sin\u00e4 nyt. Ei ollu ep\u00e4selv\u00e4\u00e4, kertoo joku nauruhymi\u00f6n kera.<\/p>\n<p>\u2013 Haha! Sama!!! Ja hei, n\u00e4ink\u00f6 oikein, pienen pienen potkun j\u00e4lkimm\u00e4isess\u00e4 videossa, kysyy joku ja Hintsa on vastannut my\u00f6nt\u00e4v\u00e4sti.<\/p>\n<p>Lotta on viett\u00e4nyt jo vauvajuhlia. Juhlien vaaleanpunaisen teemav\u00e4rin mukaan h\u00e4n odottaa tytt\u00f6vauvaa.<\/p>\n<p><a href=\"https:\/\/www.instagram.com\/reel\/DTSupPqCDRD\/?utm_source=ig_web_copy_link&amp;igsh=MzRlODBiNWFlZA==\" target=\"_blank\" rel=\"noreferrer noopener nofollow\">Lotan raskausmahan n\u00e4kee t\u00e4\u00e4lt\u00e4<\/a> ja t\u00e4st\u00e4 alta.<\/p>\n<p>Lue my\u00f6s: <a href=\"https:\/\/www.como.fi\/tilaa-comon-uutiskirje\/\" title=\"Tilaa Comon uutiskirje ja tied\u00e4t mist\u00e4 kahvitauolla puhutaan! Nappaa kotimaan tv-vinkit ja puheenaiheet suoraan s\u00e4hk\u00f6postiin t\u00e4st\u00e4.\" class=\"underline-custom !font-montserrat !font-bold !underline-offset-4 !decoration-4 !decoration-red-600 !text-md\" rel=\"nofollow noopener\" target=\"_blank\">Tilaa Comon uutiskirje ja tied\u00e4t mist\u00e4 kahvitauolla puhutaan! Nappaa kotimaan tv-vinkit ja puheenaiheet suoraan s\u00e4hk\u00f6postiin t\u00e4st\u00e4.<\/a><\/p>\n<p>\t\t\t<script async src=\"\/\/www.instagram.com\/embed.js\"><\/script><\/p>\n","protected":false},"excerpt":{"rendered":"Viimeisill\u00e4\u00e4n raskaana oleva vuorikiipeilij\u00e4 Lotta Hintsa on julkaissut videon. H\u00e4n esittelee videossa raskauden alussa olevaa mahaansa ja tuoretta&hellip;\n","protected":false},"author":2,"featured_media":139922,"comment_status":"","ping_status":"","sticky":false,"template":"","format":"standard","meta":{"footnotes":""},"categories":[136],"tags":[407,137,33,31,30,408,9214,32,109],"class_list":{"0":"post-139921","1":"post","2":"type-post","3":"status-publish","4":"format-standard","5":"has-post-thumbnail","7":"category-julkkikset","8":"tag-celebrities","9":"tag-entertainment","10":"tag-fi","11":"tag-finland","12":"tag-finnish","13":"tag-julkkikset","14":"tag-lotta-hintsa","15":"tag-suomi","16":"tag-viihde"},"share_on_mastodon":{"url":"https:\/\/pubeurope.com\/@fi\/115879029120457564","error":""},"_links":{"self":[{"href":"https:\/\/www.europesays.com\/fi\/wp-json\/wp\/v2\/posts\/139921","targetHints":{"allow":["GET"]}}],"collection":[{"href":"https:\/\/www.europesays.com\/fi\/wp-json\/wp\/v2\/posts"}],"about":[{"href":"https:\/\/www.europesays.com\/fi\/wp-json\/wp\/v2\/types\/post"}],"author":[{"embeddable":true,"href":"https:\/\/www.europesays.com\/fi\/wp-json\/wp\/v2\/users\/2"}],"replies":[{"embeddable":true,"href":"https:\/\/www.europesays.com\/fi\/wp-json\/wp\/v2\/comments?post=139921"}],"version-history":[{"count":0,"href":"https:\/\/www.europesays.com\/fi\/wp-json\/wp\/v2\/posts\/139921\/revisions"}],"wp:featuredmedia":[{"embeddable":true,"href":"https:\/\/www.europesays.com\/fi\/wp-json\/wp\/v2\/media\/139922"}],"wp:attachment":[{"href":"https:\/\/www.europesays.com\/fi\/wp-json\/wp\/v2\/media?parent=139921"}],"wp:term":[{"taxonomy":"category","embeddable":true,"href":"https:\/\/www.europesays.com\/fi\/wp-json\/wp\/v2\/categories?post=139921"},{"taxonomy":"post_tag","embeddable":true,"href":"https:\/\/www.europesays.com\/fi\/wp-json\/wp\/v2\/tags?post=139921"}],"curies":[{"name":"wp","href":"https:\/\/api.w.org\/{rel}","templated":true}]}}