{"id":139954,"date":"2026-01-12T00:19:16","date_gmt":"2026-01-12T00:19:16","guid":{"rendered":"https:\/\/www.europesays.com\/fi\/139954\/"},"modified":"2026-01-12T00:19:16","modified_gmt":"2026-01-12T00:19:16","slug":"suomella-hieno-paiva-maailman-lumilla-suvi-minkkinen-ja-minja-korhonen-korokkeelle-eduard-hallberg-pujotteli-kuudenneksi","status":"publish","type":"post","link":"https:\/\/www.europesays.com\/fi\/139954\/","title":{"rendered":"Suomella hieno p\u00e4iv\u00e4 maailman lumilla: Suvi Minkkinen ja Minja Korhonen korokkeelle, Eduard Hallberg pujotteli kuudenneksi"},"content":{"rendered":"<p>    <img decoding=\"async\" class=\"responsive-image article__image-image lozad\"   src=\"https:\/\/www.europesays.com\/fi\/wp-content\/uploads\/2026\/01\/nka-eClpUg3LyD9EVG33u-jMyq66JMjikPIVixjE-oR0NiodBBoIAB6KlDS4cr6DUnojgjJYxtIQxNhCMF9ME0D8T3STs8x3XSyQ.jpeg\" alt=\"Suvi Minkkinen sujutteli toiseksi maailmancup-kisassa.\"\/><\/p>\n<p>\n                Suvi Minkkinen sujutteli toiseksi maailmancup-kisassa.\n              <\/p>\n<p>\n                Kuva: TOBIAS SCHWARZ \/ AFP \/ Lehtikuva\n              <\/p>\n<p class=\"article__paragraph\">\n      Suvi Minkkinen sijoittui sunnuntaina toiseksi ampumahiihdon naisten maailmancupin takaa-ajokilpailussa Saksassa. Se oli hyv\u00e4\u00e4 jatkoa torstaille, jolloin Minkkinen oli pikakisassa kakkonen.\n    <\/p>\n<p class=\"article__paragraph\">\n      Yhden sakon makuupaikalta ampunut Minkkinen h\u00e4visi Oberhofissa 10 kilometrin kilpailun voittaneelle Ruotsin Elvira \u00d6bergille 16,6 sekuntia.\n    <\/p>\n<p class=\"article__paragraph\">\n      Minkkinen johtaa takaa-ajocupia. H\u00e4nelle kakkossija oli maailmancupissa jo kauden nelj\u00e4s. Cupin kokonaiskilpailussa Minkkinen nousi toiseksi Ranskan Lou Jeanmonnot&#8217;n j\u00e4lkeen.\n    <\/p>\n<p class=\"article__paragraph\">\n      Hienosti kaikki 20 laukaustaan tauluun ampunut Venla Lehtonen nousi lopputuloksissa 18:nneksi. H\u00e4nen suorituksensa merkitt\u00e4vyytt\u00e4 korostaa se, ett\u00e4 Lehtosen l\u00e4ht\u00f6paikka takaa-ajoon oli sprintin j\u00e4lkeen 53:s.\n    <\/p>\n<p class=\"article__paragraph\">\n      Maailmancup jatkuu keskiviikkona Saksan Ruhpoldingissa naisten viestill\u00e4.\n    <\/p>\n<p>    <img decoding=\"async\" class=\"responsive-image article__image-image lozad\"   src=\"https:\/\/www.europesays.com\/fi\/wp-content\/uploads\/2026\/01\/rhjimatis-r-NsEuzqqm3uy2EjYs-1iMjD1prPwJc5Ot7B3Xvta-n6oKvMHvvL1OrTvZBm-_SWKW9C3QaTWSUDVFZeyE8_VRfFOH.jpeg\" alt=\"Minja Korhosen viikonloppuun kuului kolme palkintopallisijoitusta yhdistetyss\u00e4.\"\/><\/p>\n<p>\n                Minja Korhosen viikonloppuun kuului kolme palkintopallisijoitusta yhdistetyss\u00e4.\n              <\/p>\n<p>\n                Kuva: Markku Ulander \/ Lehtikuva\n              <\/p>\n<p class=\"article__paragraph\">\n      Yhdistetyn nuori suomalaist\u00e4hti Minja Korhonen t\u00e4ydensi sunnuntaina hienon sarjansa Viron Otep\u00e4\u00e4ss\u00e4 nappaamalla palkintosijoituksen my\u00f6s maailmancup-viikon viimeisest\u00e4 kilpailusta.\n    <\/p>\n<p class=\"article__paragraph\">\n      Hyppy- ja hiihtovarmuuttaan osoittanut Korhonen otti naisten tasauskilpailussa toisen sijan ja joutui p\u00e4\u00e4st\u00e4m\u00e4\u00e4n vain lajin ylivoimaisen ykk\u00f6st\u00e4hden Ida Marie Hagenin edelleen. Perjantaina Korhonen sijoittui Otep\u00e4\u00e4ss\u00e4 toiseksi ja lauantaina kolmanneksi.\n    <\/p>\n<p class=\"article__paragraph\">\n      Korhonen l\u00e4hti sunnuntain hiihto-osuudelle m\u00e4kiosuuden j\u00e4lkeen toiselta sijalta. H\u00e4n joutui hiiht\u00e4m\u00e4\u00e4n valtaosan nelj\u00e4n kilometrin matkasta yksin, mutta haastajaosasto j\u00e4i suomalaisesta noin 20 sekunnin p\u00e4\u00e4h\u00e4n.\n    <\/p>\n<p class=\"article__paragraph\">\n      \u2013\u2009Hiihto tuntui t\u00e4n\u00e4\u00e4n yll\u00e4tt\u00e4v\u00e4n hyv\u00e4lt\u00e4, pakko my\u00f6nt\u00e4\u00e4. Ihan huippufiilis kaiken kaikkiaan, ja t\u00e4st\u00e4 on tosi hyv\u00e4 jatkaa loppukauteen, Korhonen riemuitsi Ylen tv-haastattelussa.\n    <\/p>\n<p class=\"article__paragraph\">\n      18-vuotias suomalainen nosti Virossa maailmancup-uransa palkintosijoitusten m\u00e4\u00e4r\u00e4n kuuteen. Niist\u00e4 nelj\u00e4 on tullut t\u00e4ll\u00e4 kaudella.\n    <\/p>\n<p class=\"article__paragraph\">\n      \u2013\u2009Toivottavasti n\u00e4it\u00e4 (palkintosijoja) tulisi viel\u00e4 muutama loppukauden aikana.\n    <\/p>\n<p class=\"article__paragraph\">\n      Korhonen kipusi Virossa naisten maailmancupin kokonaistilanteessa kolmanneksi.\n    <\/p>\n<p class=\"article__paragraph\">\n      Naisten yhdistetty ei kuulu talviolympialaisten ohjelmaan, mutta Korhonen tavoittelee olympiapaikkaa m\u00e4kihypyss\u00e4.\n    <\/p>\n<p>    <img decoding=\"async\" class=\"responsive-image article__image-image lozad\"   src=\"https:\/\/www.europesays.com\/fi\/wp-content\/uploads\/2026\/01\/YAc4Wv9XMILVkIqk2yWVhqs5vbwiSc2L_XYGJ8Wwp6k6crdTLTfcnnITWwjjQENc9vYa01fVe2hkmt00o4L7mAtiL8i-T7uf39MU.jpeg\" alt=\"Eduard Hallberg aloitti hyvin ja oli ensimm\u00e4isen kierroksen j\u00e4lkeen kolmas.\"\/><\/p>\n<p>\n                Eduard Hallberg aloitti hyvin ja oli ensimm\u00e4isen kierroksen j\u00e4lkeen kolmas.\n              <\/p>\n<p>\n                Kuva: FABRICE COFFRINI \/ AFP \/ Lehtikuva\n              <\/p>\n<p class=\"article__paragraph\">\n      Suomalaislaskija Eduard Hallberg sijoittui sunnuntaina kuudenneksi alppihiihdon miesten maailmancupin pujottelukilpailussa Sveitsin Adelbodenissa. Kilpailun voitti ranskalainen Paco Rassat, jolle Hallberg h\u00e4visi 0,65 sekuntia.\n    <\/p>\n<p class=\"article__paragraph\">\n      Hallberg oli avauskierroksen j\u00e4lkeen kolmantena, mutta virheet pudottivat h\u00e4nen sijoitustaan toisella kierroksella.\n    <\/p>\n<p class=\"article__paragraph\">\n      Hallberg oli etenkin avauslaskuunsa tyytyv\u00e4inen. H\u00e4n h\u00e4visi ensimm\u00e4isell\u00e4 kierroksella 0,29 sekuntia Kristoffersenille, joka oli tuolloin k\u00e4rjess\u00e4.\n    <\/p>\n<p class=\"article__paragraph\">\n      \u2013\u2009Oli kiva l\u00e4hte\u00e4 kuumassa ryhm\u00e4ss\u00e4, siin\u00e4 oli tunnelmaa. Siin\u00e4 tuli pari missi\u00e4 ja v\u00e4h\u00e4n tempo h\u00e4visi ennen jyrkk\u00e4\u00e4, mutta muuten se oli hyv\u00e4 veto, l\u00e4ht\u00f6numerolla 11 laskenut Hallberg sanoi Ski Sport Finlandin tiedotteessa.\n    <\/p>\n<p class=\"article__paragraph\">\n      Hallberg oli toisen kierroksen laskuajoissa 18:s.\n    <\/p>\n<p class=\"article__paragraph\">\n      \u2013\u2009Se on tosi positiivista, ett\u00e4 huonollakin laskulla tulee noin hyv\u00e4 sija, Hallberg sanoi toisesta kierroksestaan ja ylt\u00e4misest\u00e4\u00e4n kuudenneksi.\n    <\/p>\n<p class=\"article__paragraph\">\n      Hallbergin kausi on ollut hieno, sill\u00e4 h\u00e4n on ollut yht\u00e4 keskeytyst\u00e4 lukuun ottamatta 12 parhaan joukossa kaikissa t\u00e4m\u00e4n kauden kuudessa maailmancupin pujottelukisassa.\n    <\/p>\n<p class=\"article__paragraph\">\n      Hallberg pujotteli marraskuussa Levill\u00e4 kolmanneksi ja kuluvan viikon keskiviikkona toiseksi Italian Madonna di Campigliossa. H\u00e4n on miesten pujottelucupissa kuudentena.\n    <\/p>\n<p class=\"article__paragraph\">\n      \u2013\u2009Tied\u00e4n, ett\u00e4 laskemiseni taso on korkea. K\u00e4rjess\u00e4 on kuitenkin niin tiukkaa, ett\u00e4 virheisiin ei ole varaa. T\u00e4st\u00e4 on hyv\u00e4 jatkaa sunnuntaiksi Wengeniin, Hallberg sanoi viitaten seuraavaan pujottelukisaansa.\n    <\/p>\n","protected":false},"excerpt":{"rendered":"Suvi Minkkinen sujutteli toiseksi maailmancup-kisassa. Kuva: TOBIAS SCHWARZ \/ AFP \/ Lehtikuva Suvi Minkkinen sijoittui sunnuntaina toiseksi ampumahiihdon&hellip;\n","protected":false},"author":2,"featured_media":139955,"comment_status":"","ping_status":"","sticky":false,"template":"","format":"standard","meta":{"footnotes":""},"categories":[158],"tags":[33,31,30,159,32,160],"class_list":{"0":"post-139954","1":"post","2":"type-post","3":"status-publish","4":"format-standard","5":"has-post-thumbnail","7":"category-urheilu","8":"tag-fi","9":"tag-finland","10":"tag-finnish","11":"tag-sports","12":"tag-suomi","13":"tag-urheilu"},"share_on_mastodon":{"url":"https:\/\/pubeurope.com\/@fi\/115879265293258552","error":""},"_links":{"self":[{"href":"https:\/\/www.europesays.com\/fi\/wp-json\/wp\/v2\/posts\/139954","targetHints":{"allow":["GET"]}}],"collection":[{"href":"https:\/\/www.europesays.com\/fi\/wp-json\/wp\/v2\/posts"}],"about":[{"href":"https:\/\/www.europesays.com\/fi\/wp-json\/wp\/v2\/types\/post"}],"author":[{"embeddable":true,"href":"https:\/\/www.europesays.com\/fi\/wp-json\/wp\/v2\/users\/2"}],"replies":[{"embeddable":true,"href":"https:\/\/www.europesays.com\/fi\/wp-json\/wp\/v2\/comments?post=139954"}],"version-history":[{"count":0,"href":"https:\/\/www.europesays.com\/fi\/wp-json\/wp\/v2\/posts\/139954\/revisions"}],"wp:featuredmedia":[{"embeddable":true,"href":"https:\/\/www.europesays.com\/fi\/wp-json\/wp\/v2\/media\/139955"}],"wp:attachment":[{"href":"https:\/\/www.europesays.com\/fi\/wp-json\/wp\/v2\/media?parent=139954"}],"wp:term":[{"taxonomy":"category","embeddable":true,"href":"https:\/\/www.europesays.com\/fi\/wp-json\/wp\/v2\/categories?post=139954"},{"taxonomy":"post_tag","embeddable":true,"href":"https:\/\/www.europesays.com\/fi\/wp-json\/wp\/v2\/tags?post=139954"}],"curies":[{"name":"wp","href":"https:\/\/api.w.org\/{rel}","templated":true}]}}