{"id":139967,"date":"2026-01-12T00:42:11","date_gmt":"2026-01-12T00:42:11","guid":{"rendered":"https:\/\/www.europesays.com\/fi\/139967\/"},"modified":"2026-01-12T00:42:11","modified_gmt":"2026-01-12T00:42:11","slug":"bob-dylan-john-fogerty-ja-muut-surevat-bob-weiria-oli-kunnia-jakaa-lava-kanssasi","status":"publish","type":"post","link":"https:\/\/www.europesays.com\/fi\/139967\/","title":{"rendered":"Bob Dylan, John Fogerty ja muut surevat Bob Weiri\u00e4 &#8211; &#8221;Oli kunnia jakaa lava kanssasi&#8221;"},"content":{"rendered":"<p>Muusikot ovat k\u00e4\u00e4ntyneet sankoin joukoin sosiaalisen median puoleen surressaan menehtynytt\u00e4 Grateful Dead -perustajaa Bob Weiri\u00e4.<\/p>\n<p>\u201dOli kunnia tuntea sinut ja jakaa lava kanssasi\u201d, kitaristi Joe Satriani kirjoittaa kaksikosta napatun kuvan yhteydess\u00e4.<\/p>\n<p>Boby Dylan jakoi kuvan itsest\u00e4\u00e4n otoksen Weirin ja Grateful Dead -keulakuva Jerry Garcian kanssa ilman kommentteja.<\/p>\n<p>John Fogerty puolestaan kiitti Weiri\u00e4 t\u00e4m\u00e4n tarjoamasta musiikillisesta matkasta.<\/p>\n<p>L\u00f6yd\u00e4t p\u00e4ivityksi\u00e4 alta.<\/p>\n<blockquote class=\"twitter-tweet\" data-width=\"500\" data-dnt=\"true\">\n<p lang=\"en\" dir=\"ltr\">Thanks for taking us all along on the musical trip, Bob. I\u2019ll never forget sharing the stage with you especially that night in Oakland in \u201989, I\u2019ll miss you, Bob Weir. Rest easy. <a href=\"https:\/\/t.co\/dvRnLZgG4T\" rel=\"nofollow\">pic.twitter.com\/dvRnLZgG4T<\/a><\/p>\n<p>\u2014 John Fogerty (@John_Fogerty) <a href=\"https:\/\/twitter.com\/John_Fogerty\/status\/2010365327994142751?ref_src=twsrc%5Etfw\" rel=\"nofollow noopener\" target=\"_blank\">January 11, 2026<\/a><\/p><\/blockquote>\n<p>Lue my\u00f6s: <a href=\"https:\/\/www.soundi.fi\/uutiskirje\/\" title=\"Tilaa Soundin uutiskirje\" class=\"underline-custom !font-montserrat !font-bold !underline-offset-4 !decoration-4 !decoration-red-600 !text-md\" rel=\"nofollow noopener\" target=\"_blank\">Tilaa Soundin uutiskirje ja tied\u00e4t mist\u00e4 kahvitauolla puhutaan! Nappaa ajankohtaiset musiikin uutiset ja puheenaiheet suoraan s\u00e4hk\u00f6postiin t\u00e4st\u00e4.<\/a><\/p>\n<p>\t\t\t<script async src=\"https:\/\/platform.twitter.com\/widgets.js\" charset=\"utf-8\"><\/script><\/p>\n","protected":false},"excerpt":{"rendered":"Muusikot ovat k\u00e4\u00e4ntyneet sankoin joukoin sosiaalisen median puoleen surressaan menehtynytt\u00e4 Grateful Dead -perustajaa Bob Weiri\u00e4. \u201dOli kunnia tuntea&hellip;\n","protected":false},"author":2,"featured_media":139968,"comment_status":"","ping_status":"","sticky":false,"template":"","format":"standard","meta":{"footnotes":""},"categories":[132],"tags":[137,33,31,30,195,47,32,109],"class_list":{"0":"post-139967","1":"post","2":"type-post","3":"status-publish","4":"format-standard","5":"has-post-thumbnail","7":"category-musiikki","8":"tag-entertainment","9":"tag-fi","10":"tag-finland","11":"tag-finnish","12":"tag-music","13":"tag-musiikki","14":"tag-suomi","15":"tag-viihde"},"share_on_mastodon":{"url":"https:\/\/pubeurope.com\/@fi\/115879355498166967","error":""},"_links":{"self":[{"href":"https:\/\/www.europesays.com\/fi\/wp-json\/wp\/v2\/posts\/139967","targetHints":{"allow":["GET"]}}],"collection":[{"href":"https:\/\/www.europesays.com\/fi\/wp-json\/wp\/v2\/posts"}],"about":[{"href":"https:\/\/www.europesays.com\/fi\/wp-json\/wp\/v2\/types\/post"}],"author":[{"embeddable":true,"href":"https:\/\/www.europesays.com\/fi\/wp-json\/wp\/v2\/users\/2"}],"replies":[{"embeddable":true,"href":"https:\/\/www.europesays.com\/fi\/wp-json\/wp\/v2\/comments?post=139967"}],"version-history":[{"count":0,"href":"https:\/\/www.europesays.com\/fi\/wp-json\/wp\/v2\/posts\/139967\/revisions"}],"wp:featuredmedia":[{"embeddable":true,"href":"https:\/\/www.europesays.com\/fi\/wp-json\/wp\/v2\/media\/139968"}],"wp:attachment":[{"href":"https:\/\/www.europesays.com\/fi\/wp-json\/wp\/v2\/media?parent=139967"}],"wp:term":[{"taxonomy":"category","embeddable":true,"href":"https:\/\/www.europesays.com\/fi\/wp-json\/wp\/v2\/categories?post=139967"},{"taxonomy":"post_tag","embeddable":true,"href":"https:\/\/www.europesays.com\/fi\/wp-json\/wp\/v2\/tags?post=139967"}],"curies":[{"name":"wp","href":"https:\/\/api.w.org\/{rel}","templated":true}]}}