{"id":139992,"date":"2026-01-12T01:37:11","date_gmt":"2026-01-12T01:37:11","guid":{"rendered":"https:\/\/www.europesays.com\/fi\/139992\/"},"modified":"2026-01-12T01:37:11","modified_gmt":"2026-01-12T01:37:11","slug":"minja-korhonen-upeasti-toinen-otepaan-compact-kilpailussa-ilkka-herola-miesten-kilpailun-neljastoista","status":"publish","type":"post","link":"https:\/\/www.europesays.com\/fi\/139992\/","title":{"rendered":"Minja Korhonen upeasti toinen Otep\u00e4\u00e4n Compact-kilpailussa \u2013 Ilkka Herola miesten kilpailun nelj\u00e4stoista"},"content":{"rendered":"<p><img fetchpriority=\"high\" decoding=\"async\" width=\"1024\" height=\"683\" alt=\"\" class=\"wp-image-33079 native-lazyload-js-fallback\" loading=\"lazy\" src=\"https:\/\/www.europesays.com\/fi\/wp-content\/uploads\/2026\/01\/Korhonen110126aa00397-1024x683.jpg\"  data-\/>\u00a9 Authamayou\/NordicFocus<\/p>\n<p>Yhdistetyn maailmancup jatkui sunnuntaina Viron Otep\u00e4\u00e4ss\u00e4 naisten ja miesten Compact-kilpailuilla. P\u00e4iv\u00e4n parhaasta suomalaissijoituksesta vastasi j\u00e4lleen <strong>Minja Korhonen<\/strong>, joka nousi kolmannen kerran palkintokorokkeelle Otep\u00e4\u00e4ss\u00e4. Korhonen sivusi uransa parasta sijoitustaan ja oli loistavasti naisten kilpailun toinen. Miesten kilpailun parhaasta suomalaissijoituksesta puolestaan vastasi <strong>Ilkka Herola<\/strong>, joka sijoittui lauantain tapaan 14:nneksi.<\/p>\n<p>Minja Korhosen hyv\u00e4 hyppyvire jatkui my\u00f6s sunnuntaina, ja suomalainen p\u00e4\u00e4si l\u00e4htem\u00e4\u00e4n ladulle toisena, vain kuusi sekuntia k\u00e4rke\u00e4 per\u00e4ss\u00e4. Korhosen vahva hiihto-osuus varmisti h\u00e4nelle uransa toisen kakkossijan, ja h\u00e4nen eronsa voittajaan Norjan <strong>Ida Marie Hageniin <\/strong>oli maalissa lopulta 26 sekuntia. <strong>Anna Kerko<\/strong> oli kilpailun 25:s.<\/p>\n<p>Korhosen vuosi l\u00e4hti erinomaisesti k\u00e4yntiin, eik\u00e4 suomalainen viel\u00e4 t\u00e4ysin sis\u00e4ist\u00e4nyt viikonlopun loistosuorituksiaan.<\/p>\n<p>\u2013 Oli kyll\u00e4 kaiken kaikkiaan todella onnistunut viikonloppu. P\u00e4iv\u00e4 p\u00e4iv\u00e4lt\u00e4 podiumeja tuli lis\u00e4\u00e4, joten on kyll\u00e4 todella siisti fiilis t\u00e4ll\u00e4 hetkell\u00e4. Eik\u00e4 t\u00e4t\u00e4 ehk\u00e4 viel\u00e4 ole pystynyt edes kokonaan k\u00e4sitt\u00e4m\u00e4\u00e4n. Toivottavasti n\u00e4it\u00e4 viel\u00e4 tulee jatkossakin t\u00e4ll\u00e4 kaudella, Korhonen totesi tyytyv\u00e4isen\u00e4.<\/p>\n<p><a href=\"https:\/\/medias1.fis-ski.com\/pdf\/2026\/NK\/4150\/2026NK4150ROF.pdf\" target=\"_blank\" rel=\"noreferrer noopener nofollow\">Naisten kilpailun tulokset<\/a><\/p>\n<p>Miesten kilpailussa Ilkka Herola oli m\u00e4kiosuuden 14:s ja l\u00e4hti hiihto-osuudelle 46 sekuntia k\u00e4rke\u00e4 per\u00e4ss\u00e4. Herola ei onnistunut nostamaan sijoitustaan ladulla vaan s\u00e4ilytti 14:nnen sijansa maaliin tullessa. Kilpailun voitti It\u00e4vallan <strong>Johannes Lamparter<\/strong>, josta Herola j\u00e4i maalissa 39,5 sekuntia.<\/p>\n<p>Ilkka Herola harmitteli viikonlopun suorituksiaan mutta on luottavainen kisavireen l\u00f6ytymisen suhteen.<\/p>\n<p>\u2013 Se oli sitten viime vuoden tapaan tuskainen viikonloppu Otep\u00e4\u00e4ss\u00e4. Ei vain jostakin syyst\u00e4 saa onnistuneita suorituksia aikaan. En osaa kyll\u00e4 t\u00e4ss\u00e4 vaiheessa viel\u00e4 mit\u00e4\u00e4n varsinaista syyt\u00e4 sille nimet\u00e4 tai sanoa, ett\u00e4 mik\u00e4 t\u00e4ss\u00e4 meni pieleen. Ei auta varmaan sen kummemmin murehtia, ett\u00e4 menn\u00e4\u00e4n eteenp\u00e4in ja jatketaan Oberhofissa. Uutta matoa koukkuun vain, totesi Herola.<\/p>\n<p>Muista suomalaisista <strong>Eero Hirvonen<\/strong> teki hyv\u00e4\u00e4 nousua ladulla ja oli kilpailun lopputuloksissa 23:s. <strong>Herman Happonen<\/strong> oli kilpailun 39:s ja <strong>Otto Niittykoski<\/strong> 43:s.<\/p>\n<p><a href=\"https:\/\/medias4.fis-ski.com\/pdf\/2026\/NK\/4151\/2026NK4151ROF.pdf\" target=\"_blank\" rel=\"noreferrer noopener nofollow\">Miesten kilpailun tulokset<\/a><br \/>Urheilijakommentit <a href=\"https:\/\/soundcloud.com\/hiihtoliitto-1\/sets\/yhdistetyn-742792940\" target=\"_blank\" rel=\"noreferrer noopener nofollow\">SoundCloudissa<\/a><br \/><a href=\"https:\/\/www.fis-ski.com\/DB\/general\/event-details.html?sectorcode=NK&amp;eventid=58159&amp;seasoncode=2026&amp;racecodex=4146\" target=\"_blank\" rel=\"noreferrer noopener nofollow\">Otep\u00e4\u00e4 8.-11.1.2026<\/a><\/p>\n","protected":false},"excerpt":{"rendered":"\u00a9 Authamayou\/NordicFocus Yhdistetyn maailmancup jatkui sunnuntaina Viron Otep\u00e4\u00e4ss\u00e4 naisten ja miesten Compact-kilpailuilla. P\u00e4iv\u00e4n parhaasta suomalaissijoituksesta vastasi j\u00e4lleen Minja&hellip;\n","protected":false},"author":2,"featured_media":139993,"comment_status":"","ping_status":"","sticky":false,"template":"","format":"standard","meta":{"footnotes":""},"categories":[158],"tags":[33,31,30,13821,17014,24036,24037,159,32,160,5587,20463],"class_list":{"0":"post-139992","1":"post","2":"type-post","3":"status-publish","4":"format-standard","5":"has-post-thumbnail","7":"category-urheilu","8":"tag-fi","9":"tag-finland","10":"tag-finnish","11":"tag-hiihtoliitto","12":"tag-huippu-urheilu","13":"tag-maailmancup","14":"tag-ncteamfin","15":"tag-sports","16":"tag-suomi","17":"tag-urheilu","18":"tag-yhdistetty","19":"tag-yhdistetyn-maailmancup"},"share_on_mastodon":{"url":"https:\/\/pubeurope.com\/@fi\/115879571859030167","error":""},"_links":{"self":[{"href":"https:\/\/www.europesays.com\/fi\/wp-json\/wp\/v2\/posts\/139992","targetHints":{"allow":["GET"]}}],"collection":[{"href":"https:\/\/www.europesays.com\/fi\/wp-json\/wp\/v2\/posts"}],"about":[{"href":"https:\/\/www.europesays.com\/fi\/wp-json\/wp\/v2\/types\/post"}],"author":[{"embeddable":true,"href":"https:\/\/www.europesays.com\/fi\/wp-json\/wp\/v2\/users\/2"}],"replies":[{"embeddable":true,"href":"https:\/\/www.europesays.com\/fi\/wp-json\/wp\/v2\/comments?post=139992"}],"version-history":[{"count":0,"href":"https:\/\/www.europesays.com\/fi\/wp-json\/wp\/v2\/posts\/139992\/revisions"}],"wp:featuredmedia":[{"embeddable":true,"href":"https:\/\/www.europesays.com\/fi\/wp-json\/wp\/v2\/media\/139993"}],"wp:attachment":[{"href":"https:\/\/www.europesays.com\/fi\/wp-json\/wp\/v2\/media?parent=139992"}],"wp:term":[{"taxonomy":"category","embeddable":true,"href":"https:\/\/www.europesays.com\/fi\/wp-json\/wp\/v2\/categories?post=139992"},{"taxonomy":"post_tag","embeddable":true,"href":"https:\/\/www.europesays.com\/fi\/wp-json\/wp\/v2\/tags?post=139992"}],"curies":[{"name":"wp","href":"https:\/\/api.w.org\/{rel}","templated":true}]}}