{"id":140000,"date":"2026-01-12T01:43:08","date_gmt":"2026-01-12T01:43:08","guid":{"rendered":"https:\/\/www.europesays.com\/fi\/140000\/"},"modified":"2026-01-12T01:43:08","modified_gmt":"2026-01-12T01:43:08","slug":"tutkijaa-turhauttaa-ettei-vanhusten-rajoitustoimista-vielakaan-saadeta-lailla","status":"publish","type":"post","link":"https:\/\/www.europesays.com\/fi\/140000\/","title":{"rendered":"Tutkijaa turhauttaa, ettei vanhusten rajoitustoimista viel\u00e4k\u00e4\u00e4n s\u00e4\u00e4det\u00e4 lailla"},"content":{"rendered":"<p>Vanhusten hoiva|Muistisairas nainen kuristui hoivakodissa sukulaisensa mukaan sitomisen seurauksena. Tutkijaa turhauttaa, ettei rajoitustoimista viel\u00e4k\u00e4\u00e4n s\u00e4\u00e4det\u00e4 lailla.<\/p>\n<p>Lue tiivistelm\u00e4<\/p>\n<p class=\"article-body mb-nof-24 px-nof-16 sndp-summary-bullet-point-font\">Muistisairas nainen kuoli joulukuussa Esperi Caren hoivakodissa Turussa sukulaisen mukaan sitomisen seurauksena.<\/p>\n<p class=\"article-body mb-nof-24 px-nof-16 sndp-summary-bullet-point-font\">Vanhuusoikeuden tutkija Henna Nikumaa sanoo, ett\u00e4 Suomesta puuttuu lains\u00e4\u00e4d\u00e4nt\u00f6 ik\u00e4\u00e4ntyneiden rajoitustoimista ymp\u00e4rivuorokautisessa hoidossa.<\/p>\n<p class=\"article-body mb-nof-24 px-nof-16 sndp-summary-bullet-point-font\">Nikumaan mukaan yhdeks\u00e4n kymmenest\u00e4 rajoitustilanteesta olisi ratkaistavissa muilla keinoin, mutta henkil\u00f6kunnan aika ei riit\u00e4 vaihtoehtoisiin menetelmiin.<\/p>\n<p class=\"article-body mb-nof-24 px-nof-16 sndp-summary-bullet-point-font\">Rajoitustoimilla rikotaan perustuslain mukaista oikeutta henkil\u00f6kohtaiseen vapauteen, Nikumaa muistuttaa.<\/p>\n<p class=\"article-body mb-nof-24 px-nof-16\">Vanhusten rajoitustoimenpiteille olisi vaihtoehtoja, mutta rajoittamiseen p\u00e4\u00e4dyt\u00e4\u00e4n silti liian usein, sanoo vanhuus\u00adoikeuden tutkija <a class=\"font-bold underline-offset-[0.12em] [text-decoration:var(--person-link-text-decoration)] ![text-decoration-color:var(--person-link-text-decoration-color)]\" href=\"https:\/\/www.hs.fi\/haku\/?query=Henna%20Nikumaa\" rel=\"nofollow noopener\" target=\"_blank\">Henna Nikumaa<\/a>.<\/p>\n<p class=\"article-body mb-nof-24 px-nof-16\">Alzheimerin tautia sairastava i\u00e4k\u00e4s nainen kuoli joulukuussa Esperi Caren hoivakodissa Turussa. <a class=\"underline underline-offset-[0.12em] [text-decoration-thickness:var(--generic-link-underline-thickness)] [text-decoration-color:var(--generic-link-underline-color)] [text-decoration-skip-ink:var(--generic-link-underline-skip-ink)] break-words\" href=\"https:\/\/www.hs.fi\/suomi\/art-2000011740423.html\" rel=\"nofollow noopener\" target=\"_blank\">T\u00e4m\u00e4n sukulaisen mukaan<\/a> nainen oli ollut sidottuna tuoliin ja kuollut kuristumalla.<\/p>\n<p class=\"article-body mb-nof-24 px-nof-16\">Sitominen on yksi rajoitus\u00adtoimenpiteist\u00e4, joihin hoivakodeissa joskus turvaudutaan. Sen kaltaisilla voimakkailla rajoitustoimilla rikotaan kuitenkin perusoikeuksia, kuten liikkumisen vapautta.<\/p>\n<p class=\"article-body mb-nof-24 px-nof-16\">Ja siksi Nikumaan mukaan nykylain\u00ads\u00e4\u00e4d\u00e4nn\u00f6ll\u00e4 ollaan ongelmissa.<\/p>\n<p class=\"article-body mb-nof-24 px-nof-16\">Rajoittamiseen p\u00e4\u00e4dyt\u00e4\u00e4n usein siksi, ettei henkil\u00f6kunnan aika riit\u00e4 vaihtoehtoisiin keinoihin, Nikumaa sanoo.<\/p>\n<p class=\"article-body mb-nof-24 px-nof-16\">\u201dMutta henkil\u00f6st\u00f6n v\u00e4hyys ei riit\u00e4 syyksi rajoittaa.\u201d<\/p>\n<p class=\"article-body mb-nof-24 px-nof-16\">Se oli kuitenkin taustalla my\u00f6s silloin, kun h\u00e4n itse ty\u00f6skenteli hoitajana ik\u00e4\u00e4ntyneiden hoivakodeissa.<\/p>\n<p class=\"article-body mb-nof-24 px-nof-16\">\u201dNiin\u00e4 kertoina, kun jouduin turvautumaan rajoittamiseen, oli yleens\u00e4 y\u00f6. Olin y\u00f6hoitajana yksin ty\u00f6vuorossa ja piti \u00e4kki\u00e4 kyet\u00e4 tekem\u00e4\u00e4n jokin ratkaisu.\u201d<\/p>\n<p class=\"article-body mb-nof-24 px-nof-16\">Nikumaan toteuttamat rajoitustoimet liittyiv\u00e4t tyypillisesti esimerkiksi muistisairaaseen, jonka runsaan liikkumisen muut kokivat h\u00e4iritsev\u00e4n\u00e4 vaelteluna.<\/p>\n<p><img decoding=\"async\" src=\"https:\/\/www.europesays.com\/fi\/wp-content\/uploads\/2026\/01\/1768182188_662_320.jpg\" alt=\"Tutkijatohtori Henna Nikumaalla on my\u00f6s omakohtaista kokemusta hoivakotity\u00f6st\u00e4.\" class=\"_Img_1rerz_1\" style=\"aspect-ratio:1\" loading=\"eager\"\/><\/p>\n<p class=\"article-picture-caption\">Tutkijatohtori Henna Nikumaalla on my\u00f6s omakohtaista kokemusta hoivakotity\u00f6st\u00e4. Kuva:\u00a0Eelis Hirvel\u00e4<\/p>\n<p class=\"article-body mb-nof-24 px-nof-16\">\u201dMuistisairasta rajoitettiin t\u00e4ll\u00f6in sitomalla h\u00e4net kemiallisesti eli l\u00e4\u00e4kitsem\u00e4ll\u00e4 liikkumattomaksi.\u201d<\/p>\n<p class=\"article-body mb-nof-24 px-nof-16\">Toinen tyypillinen Nikumaan kohtaama tilanne liittyi hygieniahaalariin, jossa on vetoketju sel\u00e4ss\u00e4 ja jota ei saa riisuttua omin neuvoin.<\/p>\n<p class=\"article-body mb-nof-24 px-nof-16\">\u201dSe puetaan esimerkiksi siksi, ettei henkil\u00f6 repisi pois vaippaansa ja sotkisi itse\u00e4\u00e4n ulosteeseen.\u201d<\/p>\n<p class=\"article-body mb-nof-24 px-nof-16\">Nuori Henna Nikumaa ei kyseenalaistanut rajoitustoimia.<\/p>\n<p class=\"article-body mb-nof-24 px-nof-16\">\u201dNuorempana en edes ymm\u00e4rt\u00e4nyt pys\u00e4hty\u00e4 miettim\u00e4\u00e4n asiaa. Pidin rajoittamista normaalina osana ty\u00f6t\u00e4, hoitoa ja hoivaa.\u201d<\/p>\n<p class=\"article-body mb-nof-24 px-nof-16\">Koulutuksen my\u00f6t\u00e4 h\u00e4n on alkanut kyseenalaistaa asiaa. Nikumaa toimii It\u00e4-Suomen yliopistossa vanhuusoikeuden tutkijatohtorina ja ty\u00f6skentelee useissa ik\u00e4\u00e4ntyneiden oikeuksien toteutumista tutkivissa hankkeissa.<\/p>\n<p class=\"article-body mb-nof-24 px-nof-16\">H\u00e4nen pidempiaikaiset kokemuksensa hoivakotity\u00f6st\u00e4 erityisesti muistisairaiden parissa ovat vuosituhannen alusta, mutta my\u00f6hemminkin h\u00e4n on tehnyt keikkat\u00f6it\u00e4 muiden t\u00f6iden ohella.<\/p>\n<p class=\"article-body mb-nof-24 px-nof-16\">Nikumaan mukaan yhdeks\u00e4n kymmenest\u00e4 tilanteesta, joissa rajoittamiseen nyky\u00e4\u00e4n p\u00e4\u00e4dyt\u00e4\u00e4n, olisivat ratkaistavissa muilla keinoin.<\/p>\n<p class=\"article-body mb-nof-24 px-nof-16\">\u201dEnnaltaehk\u00e4isten, validaation keinoin ja tukemalla muistisairaan mielek\u00e4st\u00e4 arkea.\u201d<\/p>\n<p class=\"article-body mb-nof-24 px-nof-16\">Validaatio on vuorovaikutus\u00admenetelm\u00e4, joka perustuu muistisairaan my\u00f6t\u00e4tuntoiseen ja arvostavaan kohtaamiseen. Se voi tarkoittaa esimerkiksi pys\u00e4htymist\u00e4 kuuntelemaan ja juttelemaan.<\/p>\n<p class=\"article-body mb-nof-24 px-nof-16\">\u201dMuistisairas viestii k\u00e4yt\u00f6ksell\u00e4\u00e4n esimerkiksi kipua, h\u00e4t\u00e4\u00e4, turvattomuutta tai tarvetta tulla kohdatuksi.\u201d<\/p>\n<p class=\"article-body mb-nof-24 px-nof-16\">Nikumaan mukaan olennaista on etsi\u00e4 syy muistisairaan h\u00e4iritsev\u00e4n\u00e4 koetulle k\u00e4yt\u00f6kselle. Siihen tarvitaan joskus \u201dsalapoliisity\u00f6t\u00e4\u201d, kuten Nikumaa sanoo.<\/p>\n<p class=\"article-body mb-nof-24 px-nof-16\">Mutta aina ei: esimerkiksi hygieniahaalarin pukemisen voisi Nikumaan mukaan v\u00e4ltt\u00e4\u00e4 avustamalla vanhuksen riitt\u00e4v\u00e4n usein vessaan.<\/p>\n<p class=\"article-body mb-nof-24 px-nof-16\">\u201dMutta t\u00e4h\u00e4nk\u00e4\u00e4n ei henkil\u00f6kunnan m\u00e4\u00e4r\u00e4 v\u00e4ltt\u00e4m\u00e4tt\u00e4 riit\u00e4.\u201d<\/p>\n<p class=\"article-body mb-nof-24 px-nof-16\">Nikumaa toteaa, etteiv\u00e4t vaihtoehtoiset keinot rajoittamiselle aina auta.<\/p>\n<p class=\"article-body mb-nof-24 px-nof-16\">\u201dJa harvoin rajoittamisessa on taustalla mit\u00e4\u00e4n pahantahtoisuutta tai vilpillisyytt\u00e4.\u201d<\/p>\n<p class=\"article-body mb-nof-24 px-nof-16\">Mutta millaisissa tilanteissa rajoittaminen on aidosti v\u00e4ltt\u00e4m\u00e4t\u00f6nt\u00e4, sen arviointi ei ole helppoa.<\/p>\n<p class=\"article-body mb-nof-24 px-nof-16\">Yksinkertaisimmillaan muutaman kriteerin tulisi Nikumaan mukaan t\u00e4ytty\u00e4: ihmisen itsens\u00e4 tai muiden terveys, turvallisuus tai omaisuus on vakavassa vaarassa, ihminen ei itse ymm\u00e4rr\u00e4 p\u00e4\u00e4t\u00f6ksens\u00e4 merkityst\u00e4 tai seurauksia ja kaikki lievemm\u00e4t keinot on kokeiltu.<\/p>\n<p class=\"article-body mb-nof-24 px-nof-16\">Mutta yksinkertaistukset ovat todellisuudessa kaikkea muuta kuin yksinkertaisia. Arvioinnin tueksi kaivattaisiin Nikumaan mukaan lains\u00e4\u00e4d\u00e4nt\u00f6\u00e4 ja henkil\u00f6kunnan lis\u00e4koulutusta.<\/p>\n<p class=\"article-body mb-nof-24 px-nof-16\">\u201dNyt t\u00e4ss\u00e4 suhteessa elet\u00e4\u00e4n villiss\u00e4 l\u00e4nness\u00e4.\u201d<\/p>\n<blockquote class=\"p-[var(--citation-padding)] m-[var(--citation-margin)] border-y-[length:var(--citation-border-width)] border-y-[color:var(--citation-border-color)]\">\n<p>\u201dMaailmalla ei voi en\u00e4\u00e4 kutsua Suomen vanhustenhoivaa huippuluokkaiseksi.\u201d<\/p>\n<\/blockquote>\n<p class=\"article-body mb-nof-24 px-nof-16\">Nikumaan mukaan Suomesta puuttuu lains\u00e4\u00e4d\u00e4nt\u00f6\u00e4 nimenomaan ik\u00e4\u00e4ntyneiden rajoitustoimista ymp\u00e4rivuoro\u00adkautisessa hoidossa.<\/p>\n<p class=\"article-body mb-nof-24 px-nof-16\">\u201dSe suoraan sanottuna h\u00e4vett\u00e4\u00e4.\u201d<\/p>\n<p class=\"article-body mb-nof-24 px-nof-16\">Rajoitustoimista l\u00f6ytyy s\u00e4\u00e4d\u00f6ksi\u00e4 <a class=\"underline underline-offset-[0.12em] [text-decoration-thickness:var(--generic-link-underline-thickness)] [text-decoration-color:var(--generic-link-underline-color)] [text-decoration-skip-ink:var(--generic-link-underline-skip-ink)] break-words\" href=\"https:\/\/www.ihmisoikeuskeskus.fi\/vanhusten-oikeudet\/ikaantyneiden-itsemaaraamisoikeus\/\" rel=\"nofollow noopener\" target=\"_blank\">Ihmisoikeuskeskuksen mukaan<\/a> mielenterveyslaista, p\u00e4ihdehuoltolaista, laista kehitysvammaisten erityishuollosta ja monelle korona-aikana tutuksi tulleesta tartuntatautilaista. Nikumaan mukaan lains\u00e4\u00e4d\u00e4nt\u00f6\u00e4 rajoitustoimista ik\u00e4\u00e4ntyneiden hoivassa on yritetty v\u00e4s\u00e4t\u00e4 jo vuosikausia.<\/p>\n<p class=\"article-body mb-nof-24 px-nof-16\">\u201dHallitus toisensa j\u00e4lkeen priorisoi muut asiat. Totuus on kuitenkin se, ett\u00e4 maailmalla ei voi en\u00e4\u00e4 kutsua Suomen vanhustenhoivaa huippuluokkaiseksi.\u201d<\/p>\n<p class=\"article-body mb-nof-24 px-nof-16\">Lains\u00e4\u00e4d\u00e4nn\u00f6n puute johtaa Nikumaan mukaan ongelmaan, josta k\u00e4rsiv\u00e4t sek\u00e4 vanhukset ett\u00e4 hoivaty\u00f6t\u00e4 tekev\u00e4t.<\/p>\n<p class=\"article-body mb-nof-24 px-nof-16\">\u201dRajoitustoimilla rikotaan perustuslakia, sill\u00e4 perusoikeuksia voi rikkoa vain laissa s\u00e4\u00e4detyin perustein. Vanhusten ymp\u00e4rivuoro\u00adkautisesta hoivasta nuo laissa s\u00e4\u00e4detyt perusteet puuttuvat.\u201d<\/p>\n<p class=\"article-body mb-nof-24 px-nof-16\">Lains\u00e4\u00e4d\u00e4nt\u00f6 olisi kuitenkin vain osa ratkaisua, sill\u00e4 tilanteet ovat niin moninaisia.<\/p>\n<p class=\"article-body mb-nof-24 px-nof-16\">Riitt\u00e4m\u00e4tt\u00f6mien resurssien lis\u00e4ksi ongelmana ovat Nikumaan mukaan my\u00f6s hoivakulttuuriin juurtuneet toimintatavat esimerkiksi rajoitustoimista osana hoivaa. Niin h\u00e4nkin aikoinaan ajatteli, piti rajoittamista normaalina hoitok\u00e4yt\u00e4nt\u00f6n\u00e4, jota ei sen kummemmin tarvinnut ajatella.<\/p>\n<p class=\"article-body mb-nof-24 px-nof-16\">\u201dLis\u00e4ksi rajoitustoimia perustellaan sill\u00e4, ett\u00e4 l\u00e4\u00e4k\u00e4ri on antanut niihin luvan. Kyll\u00e4, l\u00e4\u00e4k\u00e4ri arvioi osaamisensa perusteella tilannetta, mutta l\u00e4\u00e4k\u00e4rin arvio ei ole lupa rajoittaa.\u201d<\/p>\n<p class=\"article-body mb-nof-24 px-nof-16\">Sanoilla saivartelu on Nikumaan mukaan t\u00e4ss\u00e4 kohtaa tarpeen. H\u00e4nest\u00e4 koko hoitohenkil\u00f6st\u00f6n pit\u00e4isi havahtua rajoittamistoimien vakavuuteen.<\/p>\n<p class=\"article-body mb-nof-24 px-nof-16\">\u201dEi v\u00e4ltt\u00e4m\u00e4tt\u00e4 edes hoksata, ett\u00e4 rajoitustoimissa on kyse perusoikeuksien rikkomisesta.\u201d<\/p>\n","protected":false},"excerpt":{"rendered":"Vanhusten hoiva|Muistisairas nainen kuristui hoivakodissa sukulaisensa mukaan sitomisen seurauksena. Tutkijaa turhauttaa, ettei rajoitustoimista viel\u00e4k\u00e4\u00e4n s\u00e4\u00e4det\u00e4 lailla. Lue tiivistelm\u00e4&hellip;\n","protected":false},"author":2,"featured_media":140001,"comment_status":"","ping_status":"","sticky":false,"template":"","format":"standard","meta":{"footnotes":""},"categories":[12],"tags":[22,23,26,27,33,31,30,17,46,24,25,28,29,15,18,21,32,19,20,16],"class_list":{"0":"post-140000","1":"post","2":"type-post","3":"status-publish","4":"format-standard","5":"has-post-thumbnail","7":"category-suomi","8":"tag-breaking-news","9":"tag-breakingnews","10":"tag-featured-news","11":"tag-featurednews","12":"tag-fi","13":"tag-finland","14":"tag-finnish","15":"tag-headlines","16":"tag-helsingin-sanomat","17":"tag-latest-news","18":"tag-latestnews","19":"tag-main-news","20":"tag-mainnews","21":"tag-news","22":"tag-otsikot","23":"tag-paauutiset","24":"tag-suomi","25":"tag-top-stories","26":"tag-topstories","27":"tag-uutiset"},"share_on_mastodon":{"url":"https:\/\/pubeurope.com\/@fi\/115879595411351869","error":""},"_links":{"self":[{"href":"https:\/\/www.europesays.com\/fi\/wp-json\/wp\/v2\/posts\/140000","targetHints":{"allow":["GET"]}}],"collection":[{"href":"https:\/\/www.europesays.com\/fi\/wp-json\/wp\/v2\/posts"}],"about":[{"href":"https:\/\/www.europesays.com\/fi\/wp-json\/wp\/v2\/types\/post"}],"author":[{"embeddable":true,"href":"https:\/\/www.europesays.com\/fi\/wp-json\/wp\/v2\/users\/2"}],"replies":[{"embeddable":true,"href":"https:\/\/www.europesays.com\/fi\/wp-json\/wp\/v2\/comments?post=140000"}],"version-history":[{"count":0,"href":"https:\/\/www.europesays.com\/fi\/wp-json\/wp\/v2\/posts\/140000\/revisions"}],"wp:featuredmedia":[{"embeddable":true,"href":"https:\/\/www.europesays.com\/fi\/wp-json\/wp\/v2\/media\/140001"}],"wp:attachment":[{"href":"https:\/\/www.europesays.com\/fi\/wp-json\/wp\/v2\/media?parent=140000"}],"wp:term":[{"taxonomy":"category","embeddable":true,"href":"https:\/\/www.europesays.com\/fi\/wp-json\/wp\/v2\/categories?post=140000"},{"taxonomy":"post_tag","embeddable":true,"href":"https:\/\/www.europesays.com\/fi\/wp-json\/wp\/v2\/tags?post=140000"}],"curies":[{"name":"wp","href":"https:\/\/api.w.org\/{rel}","templated":true}]}}