{"id":140003,"date":"2026-01-12T01:56:11","date_gmt":"2026-01-12T01:56:11","guid":{"rendered":"https:\/\/www.europesays.com\/fi\/140003\/"},"modified":"2026-01-12T01:56:11","modified_gmt":"2026-01-12T01:56:11","slug":"zlatan-ibrahimovicsin-poika-sopimukseen-isansa-entisen-seuran-kanssa","status":"publish","type":"post","link":"https:\/\/www.europesays.com\/fi\/140003\/","title":{"rendered":"Zlatan Ibrahimovicsin poika sopimukseen is\u00e4ns\u00e4 entisen seuran kanssa"},"content":{"rendered":"<p><strong>Zlatan Ibrahimovicin<\/strong> poika <strong>Maximilian<\/strong> seuraa is\u00e4ns\u00e4 jalanj\u00e4ljiss\u00e4. H\u00e4n siirtyy pelaamaan Ajaxiin.<\/p>\n<p>Ibrahimovic on t\u00e4ll\u00e4 kaudella pelannut AC Milanin reservijoukkueessa Italian Serie C:ss\u00e4. 19-vuotias peluri siirtyy nyt loppukauden lainalle Ajaxiin.<\/p>\n<p>Ajaxilla on mahdollisuus lunastaa h\u00e4net omakseen lainapestin j\u00e4lkeen 3,5 miljoonalla eurolla. AC Milan tulisi saamaan my\u00f6s siivun mahdollisesta jatkomyynnist\u00e4.<\/p>\n<p>Ibrahimovicin on tarkoitus harjoitella Ajaxin edustusmiehist\u00f6n kanssa, mutta edustaisi p\u00e4\u00e4asiassa Eerste Divisiess\u00e4 pelaavaa reservijoukkuetta.<\/p>\n<p>Laiturina viihtyv\u00e4 Ibrahimovic on alun perin Hammarbyn kasvatti, mutta siirtyi AC Milanin akatemiaan 2023. H\u00e4nen pikkuveljens\u00e4 <strong>Vincent <\/strong>pelaa niin ik\u00e4\u00e4n AC Milanin akatemiassa.<\/p>\n<p>Zlatanin ura puolestaan l\u00e4hti lentoon Ajaxissa, jota h\u00e4n edusti vuosina 2001-04. AC Milanissa h\u00e4n pelasi vuosina 2010-12 ja 2020-23.<\/p>\n<p>Peliuransa j\u00e4lkeen h\u00e4n on toiminut italialaisjoukkueessa neuvonantajana.<\/p>\n<p><strong>LUE MY\u00d6S:\u00a0<a href=\"https:\/\/futisuutiset.fi\/valioliiga\/chelsean-liike-loi-monet-allikalla-huuhkaja-legenda-ei-yllattynyt-entisen-pelitoverinsa-kohtalosta\/\" target=\"_blank\" rel=\"nofollow noopener\">Chelsean liike l\u00f6i monet \u00e4llik\u00e4ll\u00e4 \u2013 Huuhkaja-legenda ei yll\u00e4ttynyt entisen pelitoverinsa kohtalosta (FutisUutiset.fi) <\/a><\/strong><\/p>\n","protected":false},"excerpt":{"rendered":"Zlatan Ibrahimovicin poika Maximilian seuraa is\u00e4ns\u00e4 jalanj\u00e4ljiss\u00e4. H\u00e4n siirtyy pelaamaan Ajaxiin. Ibrahimovic on t\u00e4ll\u00e4 kaudella pelannut AC Milanin&hellip;\n","protected":false},"author":2,"featured_media":140004,"comment_status":"","ping_status":"","sticky":false,"template":"","format":"standard","meta":{"footnotes":""},"categories":[136],"tags":[407,137,33,31,30,408,32,109],"class_list":{"0":"post-140003","1":"post","2":"type-post","3":"status-publish","4":"format-standard","5":"has-post-thumbnail","7":"category-julkkikset","8":"tag-celebrities","9":"tag-entertainment","10":"tag-fi","11":"tag-finland","12":"tag-finnish","13":"tag-julkkikset","14":"tag-suomi","15":"tag-viihde"},"share_on_mastodon":{"url":"https:\/\/pubeurope.com\/@fi\/115879646479417583","error":""},"_links":{"self":[{"href":"https:\/\/www.europesays.com\/fi\/wp-json\/wp\/v2\/posts\/140003","targetHints":{"allow":["GET"]}}],"collection":[{"href":"https:\/\/www.europesays.com\/fi\/wp-json\/wp\/v2\/posts"}],"about":[{"href":"https:\/\/www.europesays.com\/fi\/wp-json\/wp\/v2\/types\/post"}],"author":[{"embeddable":true,"href":"https:\/\/www.europesays.com\/fi\/wp-json\/wp\/v2\/users\/2"}],"replies":[{"embeddable":true,"href":"https:\/\/www.europesays.com\/fi\/wp-json\/wp\/v2\/comments?post=140003"}],"version-history":[{"count":0,"href":"https:\/\/www.europesays.com\/fi\/wp-json\/wp\/v2\/posts\/140003\/revisions"}],"wp:featuredmedia":[{"embeddable":true,"href":"https:\/\/www.europesays.com\/fi\/wp-json\/wp\/v2\/media\/140004"}],"wp:attachment":[{"href":"https:\/\/www.europesays.com\/fi\/wp-json\/wp\/v2\/media?parent=140003"}],"wp:term":[{"taxonomy":"category","embeddable":true,"href":"https:\/\/www.europesays.com\/fi\/wp-json\/wp\/v2\/categories?post=140003"},{"taxonomy":"post_tag","embeddable":true,"href":"https:\/\/www.europesays.com\/fi\/wp-json\/wp\/v2\/tags?post=140003"}],"curies":[{"name":"wp","href":"https:\/\/api.w.org\/{rel}","templated":true}]}}