{"id":140005,"date":"2026-01-12T02:03:09","date_gmt":"2026-01-12T02:03:09","guid":{"rendered":"https:\/\/www.europesays.com\/fi\/140005\/"},"modified":"2026-01-12T02:03:09","modified_gmt":"2026-01-12T02:03:09","slug":"katso-tasta-tampereen-seurakuntien-kirkolliset-ilmoitukset-3","status":"publish","type":"post","link":"https:\/\/www.europesays.com\/fi\/140005\/","title":{"rendered":"Katso t\u00e4st\u00e4 Tampereen seurakuntien kirkolliset ilmoitukset"},"content":{"rendered":"<p>Aamulehti julkaisee viikoittain Tampereen seurakuntien tiedot kastetuista, avioliittoon kuulutetuista ja kuolleista.<\/p>\n<p>11.1. 18:00<\/p>\n<p>Etel\u00e4inen seurakunta<\/p>\n<p class=\"article-body mb-nof-24 px-nof-16\">Kastetut: Elma Lyydia Huhdanp\u00e4\u00e4, Nicolas Moisio Alvarez<\/p>\n<p class=\"article-body mb-nof-24 px-nof-16\">Kuolleet: Heleena Martiskainen 93 vuotta, Anja Hellevi Hupanen 92 vuotta, Oiva Tapio Pyh\u00e4lt\u00f6 91 vuotta, Esa Pitk\u00e4nen 88 vuotta, Anna-Liisa Irmeli Peltola 85 vuotta, Margit Helena Riihonen 79 vuotta, Antti Mikael Pet\u00e4nen 77 vuotta, Raija Unelma Tervola 76 vuotta, Raili Anneli Haaka 75 vuotta, Eeva-Liisa M\u00e4tt\u00f6 74 vuotta<\/p>\n","protected":false},"excerpt":{"rendered":"Aamulehti julkaisee viikoittain Tampereen seurakuntien tiedot kastetuista, avioliittoon kuulutetuista ja kuolleista. 11.1. 18:00 Etel\u00e4inen seurakunta Kastetut: Elma Lyydia&hellip;\n","protected":false},"author":2,"featured_media":122749,"comment_status":"","ping_status":"","sticky":false,"template":"","format":"standard","meta":{"footnotes":""},"categories":[158],"tags":[157,33,31,30,159,32,160],"class_list":{"0":"post-140005","1":"post","2":"type-post","3":"status-publish","4":"format-standard","5":"has-post-thumbnail","7":"category-urheilu","8":"tag-aamulehti","9":"tag-fi","10":"tag-finland","11":"tag-finnish","12":"tag-sports","13":"tag-suomi","14":"tag-urheilu"},"share_on_mastodon":{"url":"https:\/\/pubeurope.com\/@fi\/115879674062856560","error":""},"_links":{"self":[{"href":"https:\/\/www.europesays.com\/fi\/wp-json\/wp\/v2\/posts\/140005","targetHints":{"allow":["GET"]}}],"collection":[{"href":"https:\/\/www.europesays.com\/fi\/wp-json\/wp\/v2\/posts"}],"about":[{"href":"https:\/\/www.europesays.com\/fi\/wp-json\/wp\/v2\/types\/post"}],"author":[{"embeddable":true,"href":"https:\/\/www.europesays.com\/fi\/wp-json\/wp\/v2\/users\/2"}],"replies":[{"embeddable":true,"href":"https:\/\/www.europesays.com\/fi\/wp-json\/wp\/v2\/comments?post=140005"}],"version-history":[{"count":0,"href":"https:\/\/www.europesays.com\/fi\/wp-json\/wp\/v2\/posts\/140005\/revisions"}],"wp:featuredmedia":[{"embeddable":true,"href":"https:\/\/www.europesays.com\/fi\/wp-json\/wp\/v2\/media\/122749"}],"wp:attachment":[{"href":"https:\/\/www.europesays.com\/fi\/wp-json\/wp\/v2\/media?parent=140005"}],"wp:term":[{"taxonomy":"category","embeddable":true,"href":"https:\/\/www.europesays.com\/fi\/wp-json\/wp\/v2\/categories?post=140005"},{"taxonomy":"post_tag","embeddable":true,"href":"https:\/\/www.europesays.com\/fi\/wp-json\/wp\/v2\/tags?post=140005"}],"curies":[{"name":"wp","href":"https:\/\/api.w.org\/{rel}","templated":true}]}}