{"id":140008,"date":"2026-01-12T02:07:23","date_gmt":"2026-01-12T02:07:23","guid":{"rendered":"https:\/\/www.europesays.com\/fi\/140008\/"},"modified":"2026-01-12T02:07:23","modified_gmt":"2026-01-12T02:07:23","slug":"lukijalta-olarinmaen-onnessa-on-viela-aukko-kun-uimahalli-on-kiinni-paakirjoitus-mielipide","status":"publish","type":"post","link":"https:\/\/www.europesays.com\/fi\/140008\/","title":{"rendered":"Lukijalta | Olarinm\u00e4en onnessa on viel\u00e4 aukko, kun uimahalli on kiinni | P\u00e4\u00e4kirjoitus &#038; mielipide"},"content":{"rendered":"<p>Onni on kohdannut olarilaisia, kun Olarin entinen nuorisotila \u2013 ennen L\u00e4\u00e4v\u00e4ksi kutsuttu \u2013 on 15 vuoden hiljaisuuden j\u00e4lkeen her\u00e4\u00e4m\u00e4ss\u00e4 henkiin.<\/p>\n<p>Sen sijaan sen vieress\u00e4 olevan uimahallin tilanne ei ole edistynyt sitten 2024 tehtyjen korjausten. Korjaus ei onnistunut t\u00e4ydellisesti, halli suljettiin elokuussa 2024. Syyksi on ilmoitettu puutteet ilmanvaihdossa.<\/p>\n<p>Olarin uimahalli on rakennettu 1971. Se on mitoiltaan 15 kertaa 3,5 metri\u00e4 ja veden l\u00e4mp\u00f6tila on 28 astetta. Uintimahdollisuus on ollut olarilaisille keskeinen l\u00e4hiliikuntapalvelu, erityisesti ik\u00e4\u00e4ntyneille ja liikuntarajoitteisille. Vuotuinen k\u00e4vij\u00e4m\u00e4\u00e4r\u00e4 on ollut noin 16\u2009000 henkil\u00f6\u00e4.<\/p>\n<p>Olarin uimahallin viel\u00e4 tarvitseman kunnostuksen kustannus on pieni er\u00e4 suuren hy\u00f6dyn ja paikallisten asukkaiden tyytyv\u00e4isyyden saavuttamiseksi. Tarvittaneen noin 10\u2009000\u201315\u2009000 euroa.<\/p>\n<p>L\u00e4hekk\u00e4in sijaitsevat uimahalli, kuntosali, talvipuutarha ja uusi yhteis\u00f6tila mahdollistaisivat monipuolisen ja monimuotoisen k\u00e4yt\u00f6n. Kunnioitettakoon arkkitehtien Simo J\u00e4rvisen ja Eero Valjakan rakennustaiteen ja yhdyskuntasuunnittelun valtionpalkinnon vuonna 1975 saanutta suunnitelmaa.<\/p>\n<p>Tyytyv\u00e4inen ja onnellinen olarilainen on varmaan Espoon kaupungin hallintoviranomaistenkin tavoite.<\/p>\n<p><strong>Sirkku <\/strong><strong>D\u00f6lle<\/strong><strong> <\/strong><\/p>\n<p><strong>Olari <\/strong><\/p>\n","protected":false},"excerpt":{"rendered":"Onni on kohdannut olarilaisia, kun Olarin entinen nuorisotila \u2013 ennen L\u00e4\u00e4v\u00e4ksi kutsuttu \u2013 on 15 vuoden hiljaisuuden j\u00e4lkeen&hellip;\n","protected":false},"author":2,"featured_media":140009,"comment_status":"","ping_status":"","sticky":false,"template":"","format":"standard","meta":{"footnotes":""},"categories":[76],"tags":[79,77,400,2409,33,31,30,2233,2111,41,402,32,78],"class_list":{"0":"post-140008","1":"post","2":"type-post","3":"status-publish","4":"format-standard","5":"has-post-thumbnail","7":"category-talous","8":"tag-business","9":"tag-economy","10":"tag-espoo","11":"tag-espoon-kaupunki","12":"tag-fi","13":"tag-finland","14":"tag-finnish","15":"tag-hyvinvointi","16":"tag-kuntourheilu","17":"tag-liikunta-ja-urheilu","18":"tag-rakentaminen-kiinteistot","19":"tag-suomi","20":"tag-talous"},"share_on_mastodon":{"url":"https:\/\/pubeurope.com\/@fi\/115879689834429888","error":""},"_links":{"self":[{"href":"https:\/\/www.europesays.com\/fi\/wp-json\/wp\/v2\/posts\/140008","targetHints":{"allow":["GET"]}}],"collection":[{"href":"https:\/\/www.europesays.com\/fi\/wp-json\/wp\/v2\/posts"}],"about":[{"href":"https:\/\/www.europesays.com\/fi\/wp-json\/wp\/v2\/types\/post"}],"author":[{"embeddable":true,"href":"https:\/\/www.europesays.com\/fi\/wp-json\/wp\/v2\/users\/2"}],"replies":[{"embeddable":true,"href":"https:\/\/www.europesays.com\/fi\/wp-json\/wp\/v2\/comments?post=140008"}],"version-history":[{"count":0,"href":"https:\/\/www.europesays.com\/fi\/wp-json\/wp\/v2\/posts\/140008\/revisions"}],"wp:featuredmedia":[{"embeddable":true,"href":"https:\/\/www.europesays.com\/fi\/wp-json\/wp\/v2\/media\/140009"}],"wp:attachment":[{"href":"https:\/\/www.europesays.com\/fi\/wp-json\/wp\/v2\/media?parent=140008"}],"wp:term":[{"taxonomy":"category","embeddable":true,"href":"https:\/\/www.europesays.com\/fi\/wp-json\/wp\/v2\/categories?post=140008"},{"taxonomy":"post_tag","embeddable":true,"href":"https:\/\/www.europesays.com\/fi\/wp-json\/wp\/v2\/tags?post=140008"}],"curies":[{"name":"wp","href":"https:\/\/api.w.org\/{rel}","templated":true}]}}