{"id":140012,"date":"2026-01-12T02:09:09","date_gmt":"2026-01-12T02:09:09","guid":{"rendered":"https:\/\/www.europesays.com\/fi\/140012\/"},"modified":"2026-01-12T02:09:09","modified_gmt":"2026-01-12T02:09:09","slug":"saahan-kaanne-alkuviikosta-ilta-sanomat","status":"publish","type":"post","link":"https:\/\/www.europesays.com\/fi\/140012\/","title":{"rendered":"S\u00e4\u00e4h\u00e4n k\u00e4\u00e4nne alkuviikosta &#8211; Ilta-Sanomat"},"content":{"rendered":"<p>Pureva koillistuuli heikkenee alkuviikosta, mutta varsinainen lauhtuminen alkanee vasta viikon loppupuolella.<\/p>\n<p>Katso t\u00e4st\u00e4 viikonvaihteen s\u00e4\u00e4ennuste.Video: FORECA<\/p>\n<p>11.1. 22:30<\/p>\n<p class=\"article-body mb-nof-24 px-nof-16\">Pahimmat paukkupakkaset ovat jo ohi, ja s\u00e4\u00e4ennusteet povaavat s\u00e4\u00e4n lauhtumisen alkavan ensi viikolla.<\/p>\n<p class=\"article-body mb-nof-24 px-nof-16\">L\u00e4mp\u00f6tilat pysyv\u00e4t alkuviikosta selv\u00e4sti pakkasen puolella. Pohjois-Ven\u00e4j\u00e4lt\u00e4 tuivertavan koillistuulen odotetaan kuitenkin heikkenev\u00e4n jo maanantain kuluessa, kertoo Forecan p\u00e4ivyst\u00e4v\u00e4 meteorologi <a class=\"font-bold underline-offset-[0.12em] [text-decoration:var(--person-link-text-decoration)] ![text-decoration-color:var(--person-link-text-decoration-color)]\" href=\"https:\/\/www.is.fi\/haku\/?query=Kristian%20Roine\" rel=\"nofollow noopener\" target=\"_blank\">Kristian Roine<\/a>.<\/p>\n<p class=\"article-body mb-nof-24 px-nof-16\">Hyinen koillistuuli on lis\u00e4nnyt pakkasen purevuutta roimasti. Ilma on siis tuntunut selv\u00e4sti kylmemm\u00e4lt\u00e4 kuin l\u00e4mp\u00f6mittarin lukemasta olisi voinut p\u00e4\u00e4tell\u00e4, Roine kertoo.<\/p>\n<p class=\"article-body mb-nof-24 px-nof-16\">Tuulen heikkeneminen ja sen suunnan muuttuminen tuo helpotusta kylmyyteen koko maassa. Tiistai ja keskiviikko ovat v\u00e4h\u00e4tuulisia, mink\u00e4 j\u00e4lkeen luvassa on Forecan ennusteen mukaan ensin kaakkoistuulta ja lopulta etel\u00e4tuulta.<\/p>\n<p class=\"article-body mb-nof-24 px-nof-16\">Se tiet\u00e4nee loppua eritt\u00e4in kylmille keleille my\u00f6s pohjoisessa.<\/p>\n<p><img decoding=\"async\" src=\"https:\/\/www.europesays.com\/fi\/wp-content\/uploads\/2026\/01\/1768183748_48_468.jpg\" alt=\"Helsingiss\u00e4 paistoi aurinko 7. tammikuuta.\" class=\"_Img_1rerz_1\" style=\"aspect-ratio:1.5\" loading=\"eager\"\/><\/p>\n<p class=\"article-picture-caption\">Helsingiss\u00e4 paistoi aurinko 7. tammikuuta. Kuva:\u00a0Paula Kaskimaa \/ IS<\/p>\n<p class=\"article-body mb-nof-24 px-nof-16\">L\u00e4mp\u00f6tilat ovat nousseet maan etel\u00e4- ja keskiosassa kymmenen pakkasasteen tienoille, ja pohjoisessakin kovimmat pakkaset vaikuttavat olevan historiaa.<\/p>\n<p class=\"article-body mb-nof-24 px-nof-16\">Lapissa on kuitenkin hyvin kylm\u00e4\u00e4, Roine huomauttaa. Alkavalla viikollakin voi h\u00e4nen mukaansa esiinty\u00e4 20\u201330 asteen pakkasia.<\/p>\n<p class=\"article-body mb-nof-24 px-nof-16\">Nyt tapahtunut l\u00e4mp\u00f6tilojen nousu johtuu Roineen mukaan l\u00e4hinn\u00e4 pilvisyyden lis\u00e4\u00e4ntymisest\u00e4.<\/p>\n<p class=\"article-body mb-nof-24 px-nof-16\">Nopean lauhtumisen esteen\u00e4 on kovat pakkaset Suomeen mukanaan tuonut korkeapaine, joka on nyt jumahtanut maan it\u00e4puolelle. L\u00e4nsi-Euroopan ylt\u00e4 Suomeen pyrkiv\u00e4t matalapaineet ik\u00e4\u00e4n kuin t\u00f6rm\u00e4\u00e4v\u00e4t korkeapaineeseen, Roine kuvaa.<\/p>\n<p class=\"article-body mb-nof-24 px-nof-16\">Matalapaineet tuovat mukanaan sateita Norjaan ja Ruotsiin, mutta ne kuivahtavat Roineen mukaan ennen Suomea. Paikoitellen ensi viikolla voi kuitenkin sataa kevytt\u00e4 pakkaslunta.<\/p>\n<p class=\"article-body mb-nof-24 px-nof-16\">\u2013 Mit\u00e4\u00e4n suurempia lumis\u00e4dem\u00e4\u00e4ri\u00e4 ei nyt ole tulossa.<\/p>\n<p><img decoding=\"async\" src=\"https:\/\/www.europesays.com\/fi\/wp-content\/uploads\/2025\/12\/1767090491_263_468.jpg\" alt=\"Ensi viikolle ei juuri ennusteta lumisateita.\" class=\"_Img_1rerz_1\" style=\"aspect-ratio:1.5\" loading=\"eager\"\/><\/p>\n<p class=\"article-picture-caption\">Ensi viikolle ei juuri ennusteta lumisateita. Kuva:\u00a0Vesa Moilanen \/ IS<\/p>\n<p class=\"article-body mb-nof-24 px-nof-16\">Varsinainen lauhtuminen alkanee Forecan ennusteen mukaan aikaisintaan loppuviikosta, kun korkeapaineen alue alkaa vet\u00e4yty\u00e4 idemm\u00e4ksi. Tuulen k\u00e4\u00e4ntyess\u00e4 samalla etel\u00e4nsuuntaiseksi pakkanen heikkenee.<\/p>\n<p class=\"article-body mb-nof-24 px-nof-16\">Rannikkoalueilla voidaan p\u00e4\u00e4st\u00e4 Roineen mukaan viiteen pakkasasteeseen, mutta plussakelej\u00e4 ei viel\u00e4 viikonlopun ennusteissa n\u00e4y.<\/p>\n<p class=\"article-body mb-nof-24 px-nof-16\">Nollaan tai sen yli l\u00e4mp\u00f6tila saattaisi kohota ensi viikonlopun j\u00e4lkeen, mutta tarkan ajankohdan ennustaminen on Roineen mukaan viel\u00e4 hyvin vaikeaa.<\/p>\n<p class=\"article-body mb-nof-24 px-nof-16\">Tuuliennuste lupaa kuitenkin hyv\u00e4\u00e4 lauhan kelin yst\u00e4ville. Jos etel\u00e4tuuli jatkuu loppuviikon j\u00e4lkeen, h\u00e4tyytell\u00e4\u00e4n jo suojas\u00e4\u00e4t\u00e4.<\/p>\n<p class=\"article-body mb-nof-24 px-nof-16\">\u2013 Hyvin harvoin etel\u00e4tuuli jatkuu pitk\u00e4\u00e4n ilman, ett\u00e4 pakkaset v\u00e4istyisiv\u00e4t pois.<\/p>\n","protected":false},"excerpt":{"rendered":"Pureva koillistuuli heikkenee alkuviikosta, mutta varsinainen lauhtuminen alkanee vasta viikon loppupuolella. Katso t\u00e4st\u00e4 viikonvaihteen s\u00e4\u00e4ennuste.Video: FORECA 11.1. 22:30&hellip;\n","protected":false},"author":2,"featured_media":140013,"comment_status":"","ping_status":"","sticky":false,"template":"","format":"standard","meta":{"footnotes":""},"categories":[12],"tags":[22,23,26,27,33,31,30,17,34,24,25,28,29,15,18,21,32,19,20,16],"class_list":{"0":"post-140012","1":"post","2":"type-post","3":"status-publish","4":"format-standard","5":"has-post-thumbnail","7":"category-suomi","8":"tag-breaking-news","9":"tag-breakingnews","10":"tag-featured-news","11":"tag-featurednews","12":"tag-fi","13":"tag-finland","14":"tag-finnish","15":"tag-headlines","16":"tag-ilta-sanomat","17":"tag-latest-news","18":"tag-latestnews","19":"tag-main-news","20":"tag-mainnews","21":"tag-news","22":"tag-otsikot","23":"tag-paauutiset","24":"tag-suomi","25":"tag-top-stories","26":"tag-topstories","27":"tag-uutiset"},"share_on_mastodon":{"url":"https:\/\/pubeurope.com\/@fi\/115879697673442822","error":""},"_links":{"self":[{"href":"https:\/\/www.europesays.com\/fi\/wp-json\/wp\/v2\/posts\/140012","targetHints":{"allow":["GET"]}}],"collection":[{"href":"https:\/\/www.europesays.com\/fi\/wp-json\/wp\/v2\/posts"}],"about":[{"href":"https:\/\/www.europesays.com\/fi\/wp-json\/wp\/v2\/types\/post"}],"author":[{"embeddable":true,"href":"https:\/\/www.europesays.com\/fi\/wp-json\/wp\/v2\/users\/2"}],"replies":[{"embeddable":true,"href":"https:\/\/www.europesays.com\/fi\/wp-json\/wp\/v2\/comments?post=140012"}],"version-history":[{"count":0,"href":"https:\/\/www.europesays.com\/fi\/wp-json\/wp\/v2\/posts\/140012\/revisions"}],"wp:featuredmedia":[{"embeddable":true,"href":"https:\/\/www.europesays.com\/fi\/wp-json\/wp\/v2\/media\/140013"}],"wp:attachment":[{"href":"https:\/\/www.europesays.com\/fi\/wp-json\/wp\/v2\/media?parent=140012"}],"wp:term":[{"taxonomy":"category","embeddable":true,"href":"https:\/\/www.europesays.com\/fi\/wp-json\/wp\/v2\/categories?post=140012"},{"taxonomy":"post_tag","embeddable":true,"href":"https:\/\/www.europesays.com\/fi\/wp-json\/wp\/v2\/tags?post=140012"}],"curies":[{"name":"wp","href":"https:\/\/api.w.org\/{rel}","templated":true}]}}