{"id":140014,"date":"2026-01-12T02:10:07","date_gmt":"2026-01-12T02:10:07","guid":{"rendered":"https:\/\/www.europesays.com\/fi\/140014\/"},"modified":"2026-01-12T02:10:07","modified_gmt":"2026-01-12T02:10:07","slug":"trumpin-hallinto-lahettaa-lisaa-liittovaltion-agentteja-minneapolisiin-uutisia-lyhyesti","status":"publish","type":"post","link":"https:\/\/www.europesays.com\/fi\/140014\/","title":{"rendered":"Trumpin hallinto l\u00e4hett\u00e4\u00e4 lis\u00e4\u00e4 liittovaltion agentteja Minneapolisiin | Uutisia lyhyesti"},"content":{"rendered":"<p class=\"aw-1gybjub aw-1p7kakr kEtdKx cEmitX yle__article__paragraph\">Yhdysvaltain hallinto l\u00e4hett\u00e4\u00e4 satoja liittovaltion agentteja lis\u00e4\u00e4 Minneapolisiin. Asiasta on kertonut kansallisen turvallisuuden ministeri <strong class=\"aw-ak79eh KyCXm yle__article__strong\">Kristi Noem<\/strong>.<\/p>\n<p class=\"aw-1gybjub aw-1p7kakr kEtdKx cEmitX yle__article__paragraph\">Yhdysvalloissa on j\u00e4rjestetty viime p\u00e4ivin\u00e4 laajoja mielenosoituksia sen j\u00e4lkeen, kun maahanmuuttopoliisi ICE:n edustaja ampui naisen kuoliaaksi Minneapolisissa viime keskiviikkona.<\/p>\n<p class=\"aw-1gybjub aw-1p7kakr kEtdKx cEmitX yle__article__paragraph\">Hallinnon p\u00e4\u00e4t\u00f6s l\u00e4hett\u00e4\u00e4 lis\u00e4\u00e4 henkil\u00f6st\u00f6\u00e4 Minneapolisiin uhmaa suoraan paikallishallinnon toiveita. Kaupungin demokraattijohtajat ovat ampumisen j\u00e4lkeen vaatineet, ett\u00e4 maahanmuuttoviranomaiset poistuisivat kaupungista.<\/p>\n","protected":false},"excerpt":{"rendered":"Yhdysvaltain hallinto l\u00e4hett\u00e4\u00e4 satoja liittovaltion agentteja lis\u00e4\u00e4 Minneapolisiin. Asiasta on kertonut kansallisen turvallisuuden ministeri Kristi Noem. Yhdysvalloissa on&hellip;\n","protected":false},"author":2,"featured_media":74,"comment_status":"","ping_status":"","sticky":false,"template":"","format":"standard","meta":{"footnotes":""},"categories":[5],"tags":[3981,22,23,26,27,33,31,30,17,24,25,28,29,2571,6699,15,18,21,32,19,20,56,16,619],"class_list":{"0":"post-140014","1":"post","2":"type-post","3":"status-publish","4":"format-standard","5":"has-post-thumbnail","7":"category-otsikot","8":"tag-ampuminen","9":"tag-breaking-news","10":"tag-breakingnews","11":"tag-featured-news","12":"tag-featurednews","13":"tag-fi","14":"tag-finland","15":"tag-finnish","16":"tag-headlines","17":"tag-latest-news","18":"tag-latestnews","19":"tag-main-news","20":"tag-mainnews","21":"tag-mielenosoitukset","22":"tag-minneapolis","23":"tag-news","24":"tag-otsikot","25":"tag-paauutiset","26":"tag-suomi","27":"tag-top-stories","28":"tag-topstories","29":"tag-ulkomaat","30":"tag-uutiset","31":"tag-yhdysvallat"},"share_on_mastodon":{"url":"https:\/\/pubeurope.com\/@fi\/115879701561585744","error":""},"_links":{"self":[{"href":"https:\/\/www.europesays.com\/fi\/wp-json\/wp\/v2\/posts\/140014","targetHints":{"allow":["GET"]}}],"collection":[{"href":"https:\/\/www.europesays.com\/fi\/wp-json\/wp\/v2\/posts"}],"about":[{"href":"https:\/\/www.europesays.com\/fi\/wp-json\/wp\/v2\/types\/post"}],"author":[{"embeddable":true,"href":"https:\/\/www.europesays.com\/fi\/wp-json\/wp\/v2\/users\/2"}],"replies":[{"embeddable":true,"href":"https:\/\/www.europesays.com\/fi\/wp-json\/wp\/v2\/comments?post=140014"}],"version-history":[{"count":0,"href":"https:\/\/www.europesays.com\/fi\/wp-json\/wp\/v2\/posts\/140014\/revisions"}],"wp:featuredmedia":[{"embeddable":true,"href":"https:\/\/www.europesays.com\/fi\/wp-json\/wp\/v2\/media\/74"}],"wp:attachment":[{"href":"https:\/\/www.europesays.com\/fi\/wp-json\/wp\/v2\/media?parent=140014"}],"wp:term":[{"taxonomy":"category","embeddable":true,"href":"https:\/\/www.europesays.com\/fi\/wp-json\/wp\/v2\/categories?post=140014"},{"taxonomy":"post_tag","embeddable":true,"href":"https:\/\/www.europesays.com\/fi\/wp-json\/wp\/v2\/tags?post=140014"}],"curies":[{"name":"wp","href":"https:\/\/api.w.org\/{rel}","templated":true}]}}