{"id":140015,"date":"2026-01-12T02:22:08","date_gmt":"2026-01-12T02:22:08","guid":{"rendered":"https:\/\/www.europesays.com\/fi\/140015\/"},"modified":"2026-01-12T02:22:08","modified_gmt":"2026-01-12T02:22:08","slug":"nayttelija-sampo-sarkola-oli-lahella-menettaa-nakonsa-putkenavaajan-kanssa","status":"publish","type":"post","link":"https:\/\/www.europesays.com\/fi\/140015\/","title":{"rendered":"N\u00e4yttelij\u00e4 Sampo Sarkola oli l\u00e4hell\u00e4 menett\u00e4\u00e4 n\u00e4k\u00f6ns\u00e4 putkenavaajan kanssa"},"content":{"rendered":"<p><strong class=\"typography-bold\">N\u00e4yttelij\u00e4 Sampo Sarkolalle tapahtui ik\u00e4v\u00e4 onnettomuus, joka oli vied\u00e4 n\u00e4\u00f6n h\u00e4nen oikeasta silm\u00e4st\u00e4\u00e4n.\u00a0<\/strong><\/p>\n<p>N\u00e4yttelij\u00e4 <strong class=\"typography-bold\">Sampo Sarkola<\/strong> vieraili <a class=\"underline\" data-testid=\"external-link\" href=\"https:\/\/www.mtv.fi\/ohjelma\/4014d1259badf9d35c2a\/viiden-jalkeen\" rel=\"noopener noreferrer nofollow\" data-sentry-component=\"ExternalLink\" data-sentry-source-file=\"ExternalLink.tsx\" target=\"_blank\">Viiden j\u00e4lkeen<\/a> -ohjelmassa torstaina 8. tammikuuta.\u00a0<\/p>\n<p>H\u00e4n kertoi haastattelussa muun muassa er\u00e4\u00e4st\u00e4 kohtalokkaasta virheest\u00e4\u00e4n, jonka h\u00e4n teki putkenavaajan kanssa.\u00a0<\/p>\n<p>\u2013 Ei saisi ikin\u00e4 k\u00e4ytt\u00e4\u00e4 sellaisia putkenavaajarakeita yhdess\u00e4 kiehuvan veden kanssa, Sarkola sanoo ja kertoo, ett\u00e4 h\u00e4nen kohtalokseen koitui juurikin se kiehuva vesi.\u00a0<\/p>\n<p>Lue lis\u00e4\u00e4: <a class=\"cursor-pointer underline\" data-testid=\"internal-link\" role=\"link\" data-sentry-element=\"Link\" data-sentry-component=\"InternalLink\" data-sentry-source-file=\"InternalLink.tsx\" href=\"https:\/\/www.mtvuutiset.fi\/artikkeli\/tassa-ovat-uuden-koko-perheen-viihdeohjelman-tahdet\/9257046\" rel=\"nofollow noopener\" target=\"_blank\">T\u00e4ss\u00e4 ovat uuden koko perheen viihdeohjelman t\u00e4hdet<\/a><\/p>\n<p>Ohjeissa kerrotaan, ett\u00e4 rakeiden p\u00e4\u00e4lle viem\u00e4riin pit\u00e4isi vaikutusajan j\u00e4lkeen p\u00e4\u00e4st\u00e4\u00e4 hanasta l\u00e4mmint\u00e4 vett\u00e4.\u00a0<\/p>\n<p>L\u00e4mmint\u00e4 vett\u00e4 ei ollut saatavilla hanasta, joten h\u00e4n p\u00e4\u00e4tti kiehauttaa veden kattilassa ja valutti vedet rakeiden p\u00e4\u00e4lle viem\u00e4riin.\u00a0<\/p>\n<p>\u2013\u00a0Seh\u00e4n oli niin kuumaa, ett\u00e4 se rae alkoi poreilemaan ja r\u00e4j\u00e4hti sielt\u00e4. Se osui t\u00e4h\u00e4n oikeaan silm\u00e4\u00e4n ja siit\u00e4 tuli aika paha vamma. Mutta l\u00e4\u00e4k\u00e4rit hoitivat sen loistavasti kuntoon. Se on kuin katsoisi sellaisen duralex-maitolasin pohjasta l\u00e4pi. Ett\u00e4 ei sen pahempi, Sarkola kertoo varoittavana esimerkkin\u00e4.\u00a0<\/p>\n","protected":false},"excerpt":{"rendered":"N\u00e4yttelij\u00e4 Sampo Sarkolalle tapahtui ik\u00e4v\u00e4 onnettomuus, joka oli vied\u00e4 n\u00e4\u00f6n h\u00e4nen oikeasta silm\u00e4st\u00e4\u00e4n.\u00a0 N\u00e4yttelij\u00e4 Sampo Sarkola vieraili Viiden&hellip;\n","protected":false},"author":2,"featured_media":140016,"comment_status":"","ping_status":"","sticky":false,"template":"","format":"standard","meta":{"footnotes":""},"categories":[136],"tags":[407,137,33,31,30,408,32,109],"class_list":{"0":"post-140015","1":"post","2":"type-post","3":"status-publish","4":"format-standard","5":"has-post-thumbnail","7":"category-julkkikset","8":"tag-celebrities","9":"tag-entertainment","10":"tag-fi","11":"tag-finland","12":"tag-finnish","13":"tag-julkkikset","14":"tag-suomi","15":"tag-viihde"},"share_on_mastodon":{"url":"https:\/\/pubeurope.com\/@fi\/115879748719725188","error":""},"_links":{"self":[{"href":"https:\/\/www.europesays.com\/fi\/wp-json\/wp\/v2\/posts\/140015","targetHints":{"allow":["GET"]}}],"collection":[{"href":"https:\/\/www.europesays.com\/fi\/wp-json\/wp\/v2\/posts"}],"about":[{"href":"https:\/\/www.europesays.com\/fi\/wp-json\/wp\/v2\/types\/post"}],"author":[{"embeddable":true,"href":"https:\/\/www.europesays.com\/fi\/wp-json\/wp\/v2\/users\/2"}],"replies":[{"embeddable":true,"href":"https:\/\/www.europesays.com\/fi\/wp-json\/wp\/v2\/comments?post=140015"}],"version-history":[{"count":0,"href":"https:\/\/www.europesays.com\/fi\/wp-json\/wp\/v2\/posts\/140015\/revisions"}],"wp:featuredmedia":[{"embeddable":true,"href":"https:\/\/www.europesays.com\/fi\/wp-json\/wp\/v2\/media\/140016"}],"wp:attachment":[{"href":"https:\/\/www.europesays.com\/fi\/wp-json\/wp\/v2\/media?parent=140015"}],"wp:term":[{"taxonomy":"category","embeddable":true,"href":"https:\/\/www.europesays.com\/fi\/wp-json\/wp\/v2\/categories?post=140015"},{"taxonomy":"post_tag","embeddable":true,"href":"https:\/\/www.europesays.com\/fi\/wp-json\/wp\/v2\/tags?post=140015"}],"curies":[{"name":"wp","href":"https:\/\/api.w.org\/{rel}","templated":true}]}}