{"id":140017,"date":"2026-01-12T02:29:09","date_gmt":"2026-01-12T02:29:09","guid":{"rendered":"https:\/\/www.europesays.com\/fi\/140017\/"},"modified":"2026-01-12T02:29:09","modified_gmt":"2026-01-12T02:29:09","slug":"mustafe-muuse-porhalsi-maantiekympin-suomen-ennatyksen-vaikka-takareisi-piti-menon-maltillisena-urheilu","status":"publish","type":"post","link":"https:\/\/www.europesays.com\/fi\/140017\/","title":{"rendered":"Mustafe Muuse porhalsi maantiekympin Suomen enn\u00e4tyksen, vaikka takareisi piti menon maltillisena | Urheilu"},"content":{"rendered":"<p>Suomalaisjuoksija Mustafe Muuse \u00e4ityi sunnuntaina hyv\u00e4\u00e4n vireeseen Espanjan Valenciassa ja juoksi kymmenen kilometrin maantiejuoksun Suomen enn\u00e4tyksen 27.51. H\u00e4nen syksyll\u00e4 Ranskan Lilless\u00e4 juoksemansa aiempi SE-aika oli 28.16.<\/p>\n<p>\u2013\u2009Ihan hyv\u00e4 kisa. Nyt on ollut v\u00e4h\u00e4n ongelmia takareidess\u00e4 ja pohkeessa ja piti lent\u00e4\u00e4 vuoristoleirilt\u00e4 kotiin aikaisemmin. Olen kuitenkin hyv\u00e4ss\u00e4 kunnossa, joten p\u00e4\u00e4tin vaan puskea kisan l\u00e4pi, Muuse kertoi Suomen urheiluliiton <a href=\"https:\/\/www.yleisurheilu.fi\/uutinen\/muuse-paineli-se-vauhtia-valenciassa-almgren-ja-mccolgan-juoksivat-eet\/\" rel=\"nofollow noopener\" target=\"_blank\">tiedotteessa<\/a>.<\/p>\n<p>\u2013\u2009Aloitin v\u00e4h\u00e4n rauhallisemmin ja juoksin ensimm\u00e4iset viisi kilometri\u00e4 13.56. Vedin juoksussa kolmatta ryhm\u00e4\u00e4. Juoksun aikana en oikein p\u00e4\u00e4ssyt vikalle vaihteelle. Takareisi ei antanut my\u00f6ten.<\/p>\n<p>Ruotsin Andreas Almgren voitti Euroopan enn\u00e4tyksell\u00e4 26.46, Etiopian Khairi Bejiga (26.52) oli toinen ja Kenian Victor Kipruto Togom (27.18) kolmas.<\/p>\n<p>Muuse oli hyv\u00e4vauhtisen kilpailun 33:s, mutta h\u00e4n kuvaili enn\u00e4tyksen olevan &#8221;steppi eteenp\u00e4in&#8221;.<\/p>\n<p>\u2013\u2009Ehk\u00e4 olisi pit\u00e4nyt ottaa alku v\u00e4h\u00e4n kovemmin, ett\u00e4 olisin p\u00e4\u00e4ssyt siihen 27.40-vauhtia juosseeseen kakkosryhm\u00e4\u00e4n, mutta olen ihan tyytyv\u00e4inen.<\/p>\n<p>Nathalie Blomqvist keskeytti naisten kilpailun kuuden kilometrin kohdalla. H\u00e4n k\u00e4rsi aiemmin viikolla flunssaoireista.<\/p>\n","protected":false},"excerpt":{"rendered":"Suomalaisjuoksija Mustafe Muuse \u00e4ityi sunnuntaina hyv\u00e4\u00e4n vireeseen Espanjan Valenciassa ja juoksi kymmenen kilometrin maantiejuoksun Suomen enn\u00e4tyksen 27.51. H\u00e4nen&hellip;\n","protected":false},"author":2,"featured_media":140018,"comment_status":"","ping_status":"","sticky":false,"template":"","format":"standard","meta":{"footnotes":""},"categories":[158],"tags":[2267,33,31,30,6732,766,41,72,764,159,32,765,167,160],"class_list":{"0":"post-140017","1":"post","2":"type-post","3":"status-publish","4":"format-standard","5":"has-post-thumbnail","7":"category-urheilu","8":"tag-eurooppa","9":"tag-fi","10":"tag-finland","11":"tag-finnish","12":"tag-flunssa","13":"tag-koronavirus","14":"tag-liikunta-ja-urheilu","15":"tag-luonto","16":"tag-sairaudet","17":"tag-sports","18":"tag-suomi","19":"tag-taudit-ja-hairiot","20":"tag-terveys","21":"tag-urheilu"},"share_on_mastodon":{"url":"https:\/\/pubeurope.com\/@fi\/115879776313656758","error":""},"_links":{"self":[{"href":"https:\/\/www.europesays.com\/fi\/wp-json\/wp\/v2\/posts\/140017","targetHints":{"allow":["GET"]}}],"collection":[{"href":"https:\/\/www.europesays.com\/fi\/wp-json\/wp\/v2\/posts"}],"about":[{"href":"https:\/\/www.europesays.com\/fi\/wp-json\/wp\/v2\/types\/post"}],"author":[{"embeddable":true,"href":"https:\/\/www.europesays.com\/fi\/wp-json\/wp\/v2\/users\/2"}],"replies":[{"embeddable":true,"href":"https:\/\/www.europesays.com\/fi\/wp-json\/wp\/v2\/comments?post=140017"}],"version-history":[{"count":0,"href":"https:\/\/www.europesays.com\/fi\/wp-json\/wp\/v2\/posts\/140017\/revisions"}],"wp:featuredmedia":[{"embeddable":true,"href":"https:\/\/www.europesays.com\/fi\/wp-json\/wp\/v2\/media\/140018"}],"wp:attachment":[{"href":"https:\/\/www.europesays.com\/fi\/wp-json\/wp\/v2\/media?parent=140017"}],"wp:term":[{"taxonomy":"category","embeddable":true,"href":"https:\/\/www.europesays.com\/fi\/wp-json\/wp\/v2\/categories?post=140017"},{"taxonomy":"post_tag","embeddable":true,"href":"https:\/\/www.europesays.com\/fi\/wp-json\/wp\/v2\/tags?post=140017"}],"curies":[{"name":"wp","href":"https:\/\/api.w.org\/{rel}","templated":true}]}}