{"id":140023,"date":"2026-01-12T02:34:08","date_gmt":"2026-01-12T02:34:08","guid":{"rendered":"https:\/\/www.europesays.com\/fi\/140023\/"},"modified":"2026-01-12T02:34:08","modified_gmt":"2026-01-12T02:34:08","slug":"epaily-mies-istui-viereen-kesken-lennon-ja-yritti-raiskata","status":"publish","type":"post","link":"https:\/\/www.europesays.com\/fi\/140023\/","title":{"rendered":"Ep\u00e4ily: Mies istui viereen kesken lennon ja yritti raiskata"},"content":{"rendered":"<p>Naisella ja miehell\u00e4 ei ollut yhteist\u00e4 kielt\u00e4, mutta mies tarjosi naiselle viini\u00e4 omasta laukustansa.<\/p>\n<p>11.1. 14:01<\/p>\n<p class=\"article-body mb-nof-24 px-nof-16\">Italialaista miest\u00e4 syytet\u00e4\u00e4n raiskauksen yrityksest\u00e4 kesken lentomatkan. Asiaa k\u00e4sitell\u00e4\u00e4n nyt k\u00e4r\u00e4jill\u00e4.<\/p>\n<p class=\"article-body mb-nof-24 px-nof-16\">Skotlantilainen kolmekymppinen nainen oli Easyjetin lennolla Napolista Edinburghiin 13. toukokuuta, kun h\u00e4nen viereens\u00e4 siirtyi istumaan neliss\u00e4kymmeniss\u00e4 oleva italialainen mies, <a class=\"underline underline-offset-[0.12em] [text-decoration-thickness:var(--generic-link-underline-thickness)] [text-decoration-color:var(--generic-link-underline-color)] [text-decoration-skip-ink:var(--generic-link-underline-skip-ink)] break-words\" href=\"https:\/\/www.bbc.com\/news\/articles\/cpwnxpkk90vo\" rel=\"nofollow noopener\" target=\"_blank\">kertoo BBC<\/a>.<\/p>\n<p class=\"article-body mb-nof-24 px-nof-16\">Naisella ja miehell\u00e4 ei ollut yhteist\u00e4 kielt\u00e4, mutta mies tarjosi naiselle viini\u00e4 omasta laukustansa. T\u00e4m\u00e4n j\u00e4lkeen mies yritti suudella naista suulle ja alkoi kosketella naisen vartaloa ja avasi omat housunsa.<\/p>\n<p class=\"article-body mb-nof-24 px-nof-16\">Nainen yritti pist\u00e4\u00e4 vastaan ja kertoi, ett\u00e4 h\u00e4nen miehens\u00e4 istuvan lentokoneen etuosassa. Nainen ajatteli pyyt\u00e4\u00e4 apua henkil\u00f6kunnalta, jos joku k\u00e4velisi h\u00e4nen ohitseen. Ket\u00e4\u00e4n ei kuitenkaan tullut.<\/p>\n<p class=\"article-body mb-nof-24 px-nof-16\">Mies halusi menn\u00e4 naisen kanssa yhdess\u00e4 lentokoneen vessaan. Mies meni edelt\u00e4, mink\u00e4 j\u00e4lkeen nainen pyysi apua henkil\u00f6kunnalta.<\/p>\n<p class=\"article-body mb-nof-24 px-nof-16\">Henkil\u00f6kunta lukitsi miehen vessaan. Koneen laskeuduttua poliisi pid\u00e4tti t\u00e4m\u00e4n.<\/p>\n<p class=\"article-body mb-nof-24 px-nof-16\">Mies on kielt\u00e4nyt syyllisyytens\u00e4 Edinburghissa k\u00e4ynniss\u00e4 olevassa oikeudenk\u00e4ynniss\u00e4. H\u00e4nen mukaansa kaikki tapahtui yhteisymm\u00e4rryksess\u00e4.<\/p>\n","protected":false},"excerpt":{"rendered":"Naisella ja miehell\u00e4 ei ollut yhteist\u00e4 kielt\u00e4, mutta mies tarjosi naiselle viini\u00e4 omasta laukustansa. 11.1. 14:01 Italialaista miest\u00e4&hellip;\n","protected":false},"author":2,"featured_media":140024,"comment_status":"","ping_status":"","sticky":false,"template":"","format":"standard","meta":{"footnotes":""},"categories":[14],"tags":[22,23,26,27,33,31,30,17,34,24,25,28,29,15,18,21,32,19,20,56,16,59,60,61],"class_list":{"0":"post-140023","1":"post","2":"type-post","3":"status-publish","4":"format-standard","5":"has-post-thumbnail","7":"category-ulkomaat","8":"tag-breaking-news","9":"tag-breakingnews","10":"tag-featured-news","11":"tag-featurednews","12":"tag-fi","13":"tag-finland","14":"tag-finnish","15":"tag-headlines","16":"tag-ilta-sanomat","17":"tag-latest-news","18":"tag-latestnews","19":"tag-main-news","20":"tag-mainnews","21":"tag-news","22":"tag-otsikot","23":"tag-paauutiset","24":"tag-suomi","25":"tag-top-stories","26":"tag-topstories","27":"tag-ulkomaat","28":"tag-uutiset","29":"tag-world","30":"tag-world-news","31":"tag-worldnews"},"share_on_mastodon":{"url":"https:\/\/pubeurope.com\/@fi\/115879795961553403","error":""},"_links":{"self":[{"href":"https:\/\/www.europesays.com\/fi\/wp-json\/wp\/v2\/posts\/140023","targetHints":{"allow":["GET"]}}],"collection":[{"href":"https:\/\/www.europesays.com\/fi\/wp-json\/wp\/v2\/posts"}],"about":[{"href":"https:\/\/www.europesays.com\/fi\/wp-json\/wp\/v2\/types\/post"}],"author":[{"embeddable":true,"href":"https:\/\/www.europesays.com\/fi\/wp-json\/wp\/v2\/users\/2"}],"replies":[{"embeddable":true,"href":"https:\/\/www.europesays.com\/fi\/wp-json\/wp\/v2\/comments?post=140023"}],"version-history":[{"count":0,"href":"https:\/\/www.europesays.com\/fi\/wp-json\/wp\/v2\/posts\/140023\/revisions"}],"wp:featuredmedia":[{"embeddable":true,"href":"https:\/\/www.europesays.com\/fi\/wp-json\/wp\/v2\/media\/140024"}],"wp:attachment":[{"href":"https:\/\/www.europesays.com\/fi\/wp-json\/wp\/v2\/media?parent=140023"}],"wp:term":[{"taxonomy":"category","embeddable":true,"href":"https:\/\/www.europesays.com\/fi\/wp-json\/wp\/v2\/categories?post=140023"},{"taxonomy":"post_tag","embeddable":true,"href":"https:\/\/www.europesays.com\/fi\/wp-json\/wp\/v2\/tags?post=140023"}],"curies":[{"name":"wp","href":"https:\/\/api.w.org\/{rel}","templated":true}]}}