{"id":140025,"date":"2026-01-12T02:35:08","date_gmt":"2026-01-12T02:35:08","guid":{"rendered":"https:\/\/www.europesays.com\/fi\/140025\/"},"modified":"2026-01-12T02:35:08","modified_gmt":"2026-01-12T02:35:08","slug":"karajaoikeus-kasittelee-kolmikymppisen-miehen-syytetta-paavo-vayrysen-pahoinpitelemisesta-uutisia-lyhyesti","status":"publish","type":"post","link":"https:\/\/www.europesays.com\/fi\/140025\/","title":{"rendered":"K\u00e4r\u00e4j\u00e4oikeus k\u00e4sittelee kolmikymppisen miehen syytett\u00e4 Paavo V\u00e4yrysen pahoinpitelemisest\u00e4 | Uutisia lyhyesti"},"content":{"rendered":"<p class=\"aw-1gybjub aw-5vja16 kEtdKx kmuxyA yle__article__paragraph\">V\u00e4yrynen kaadettiin katuun Helsingin keskustassa keskell\u00e4 p\u00e4iv\u00e4\u00e4 itsen\u00e4isyysp\u00e4iv\u00e4n\u00e4 2024. <\/p>\n<p><img decoding=\"async\" alt=\"Kuvassa Paavo V\u00e4yrynen katsoo kohti kameraa kodissaan.\" src=\"https:\/\/www.europesays.com\/fi\/wp-content\/uploads\/2026\/01\/39-125595765eec4464ad4c.jpeg\" class=\"aw-1l9m598 hKVVvP\"\/><\/p>\n<p>Avaa kuvien katselu<\/p>\n<p>Paavo V\u00e4yrynen kuvattuna kotonaan marraskuussa 2024. Kuva: Mohamed Sharif El Bouari \/ Yle<\/p>\n<p class=\"aw-1gybjub aw-1p7kakr kEtdKx cEmitX yle__article__paragraph\">Helsingin k\u00e4r\u00e4j\u00e4oikeudessa k\u00e4sitell\u00e4\u00e4n t\u00e4n\u00e4\u00e4n juttua, jossa kolmikymppist\u00e4 miest\u00e4 syytet\u00e4\u00e4n konkaripoliitikko <strong class=\"aw-ak79eh KyCXm yle__article__strong\">Paavo V\u00e4yrysen<\/strong> pahoinpitelemisest\u00e4.<\/p>\n<p class=\"aw-1gybjub aw-1p7kakr kEtdKx cEmitX yle__article__paragraph\">V\u00e4yrysen ep\u00e4ill\u00e4\u00e4n joutuneen pahoinpitelyn uhriksi itsen\u00e4isyysp\u00e4iv\u00e4n\u00e4 2024 Helsingin keskustassa Keskuskadulla. V\u00e4yrynen kertoi STT:lle, ett\u00e4 h\u00e4n oli aamup\u00e4iv\u00e4ll\u00e4 puoli yhdentoista aikoihin matkalla parturista kotiin, kun mies k\u00e4vi h\u00e4nen kimppuunsa ja kaatoi h\u00e4net katuun. V\u00e4yrynen sanoi loukanneensa polvensa, mutta vamma ei vaatinut sairaalahoitoa.<\/p>\n<p class=\"aw-1gybjub aw-1p7kakr kEtdKx cEmitX yle__article__paragraph\">Poliisi on kertonut, ett\u00e4 vuonna 1996 syntynyt mies my\u00f6nsi teon kuulusteluissa. Tekoon ei vaikuttanut liittyneen ainakaan kovin selke\u00e4\u00e4 poliittista motiivia. Ep\u00e4ilty kertoi kuulusteluissa, ett\u00e4 oli ollut huonolla tuulella ja oli sitten n\u00e4hnyt uhrin, pit\u00e4nyt t\u00e4t\u00e4 ylimielisen\u00e4 ja hermostunut.<\/p>\n<p class=\"aw-1gybjub aw-1p7kakr kEtdKx cEmitX yle__article__paragraph\">Poliisin mukaan ep\u00e4ilty sanoi, ettei ollut tunnistanut uhria. Ep\u00e4ilty on aiemminkin ollut tekemisiss\u00e4 poliisin kanssa, mutta h\u00e4nell\u00e4 ei ole raskasta rikostaustaa.<\/p>\n<p class=\"aw-1gybjub aw-1p7kakr kEtdKx cEmitX yle__article__paragraph\">Paavo V\u00e4yrynen on tehnyt pitk\u00e4n uran keskustalaisena poliitikkona. H\u00e4n on toiminut muun muassa ulkoministerin\u00e4 useissa hallituksissa, ensimm\u00e4isen kerran 1970-luvun lopulla ja viimeisen kerran 1990-luvun alkuvuosina.<\/p>\n","protected":false},"excerpt":{"rendered":"V\u00e4yrynen kaadettiin katuun Helsingin keskustassa keskell\u00e4 p\u00e4iv\u00e4\u00e4 itsen\u00e4isyysp\u00e4iv\u00e4n\u00e4 2024. Avaa kuvien katselu Paavo V\u00e4yrynen kuvattuna kotonaan marraskuussa 2024.&hellip;\n","protected":false},"author":2,"featured_media":140026,"comment_status":"","ping_status":"","sticky":false,"template":"","format":"standard","meta":{"footnotes":""},"categories":[12],"tags":[22,23,26,27,33,31,30,17,5990,71,24,25,28,29,15,2098,18,21,24236,2944,32,19,20,16],"class_list":{"0":"post-140025","1":"post","2":"type-post","3":"status-publish","4":"format-standard","5":"has-post-thumbnail","7":"category-suomi","8":"tag-breaking-news","9":"tag-breakingnews","10":"tag-featured-news","11":"tag-featurednews","12":"tag-fi","13":"tag-finland","14":"tag-finnish","15":"tag-headlines","16":"tag-helsingin-karajaoikeus","17":"tag-kotimaa","18":"tag-latest-news","19":"tag-latestnews","20":"tag-main-news","21":"tag-mainnews","22":"tag-news","23":"tag-oikeudenkaynnit","24":"tag-otsikot","25":"tag-paauutiset","26":"tag-paavo-vayrynen","27":"tag-pahoinpitely","28":"tag-suomi","29":"tag-top-stories","30":"tag-topstories","31":"tag-uutiset"},"share_on_mastodon":{"url":"https:\/\/pubeurope.com\/@fi\/115879799954753244","error":""},"_links":{"self":[{"href":"https:\/\/www.europesays.com\/fi\/wp-json\/wp\/v2\/posts\/140025","targetHints":{"allow":["GET"]}}],"collection":[{"href":"https:\/\/www.europesays.com\/fi\/wp-json\/wp\/v2\/posts"}],"about":[{"href":"https:\/\/www.europesays.com\/fi\/wp-json\/wp\/v2\/types\/post"}],"author":[{"embeddable":true,"href":"https:\/\/www.europesays.com\/fi\/wp-json\/wp\/v2\/users\/2"}],"replies":[{"embeddable":true,"href":"https:\/\/www.europesays.com\/fi\/wp-json\/wp\/v2\/comments?post=140025"}],"version-history":[{"count":0,"href":"https:\/\/www.europesays.com\/fi\/wp-json\/wp\/v2\/posts\/140025\/revisions"}],"wp:featuredmedia":[{"embeddable":true,"href":"https:\/\/www.europesays.com\/fi\/wp-json\/wp\/v2\/media\/140026"}],"wp:attachment":[{"href":"https:\/\/www.europesays.com\/fi\/wp-json\/wp\/v2\/media?parent=140025"}],"wp:term":[{"taxonomy":"category","embeddable":true,"href":"https:\/\/www.europesays.com\/fi\/wp-json\/wp\/v2\/categories?post=140025"},{"taxonomy":"post_tag","embeddable":true,"href":"https:\/\/www.europesays.com\/fi\/wp-json\/wp\/v2\/tags?post=140025"}],"curies":[{"name":"wp","href":"https:\/\/api.w.org\/{rel}","templated":true}]}}