{"id":140029,"date":"2026-01-12T02:48:12","date_gmt":"2026-01-12T02:48:12","guid":{"rendered":"https:\/\/www.europesays.com\/fi\/140029\/"},"modified":"2026-01-12T02:48:12","modified_gmt":"2026-01-12T02:48:12","slug":"einin-lomakohde-vaihtui-yllattaen-ei-nay-palmuja","status":"publish","type":"post","link":"https:\/\/www.europesays.com\/fi\/140029\/","title":{"rendered":"Einin lomakohde vaihtui yll\u00e4tt\u00e4en \u2013 \u201dEi n\u00e4y palmuja\u201d"},"content":{"rendered":"<p>Ymp\u00e4ri Suomen ja v\u00e4lill\u00e4 laivoillakin esiintyv\u00e4 laulaja <strong>Eini <\/strong>on lomalla. Kohde ei ole se, mink\u00e4 h\u00e4n alun perin valitsi.<\/p>\n<p>\u2013 Terkut t\u00e4\u00e4lt\u00e4 lomalta. Nyt ei n\u00e4y palmuja, ei, kirjoittaa Eini.<\/p>\n<p>Lue my\u00f6s: <a href=\"https:\/\/www.como.fi\/uutiset\/laulaja-einin-suru-tuli-niin-yllattaen\/\" title=\"Laulaja Einin suru: \u201dTuli niin yll\u00e4tt\u00e4en\u201d\" class=\"underline-custom !font-montserrat !font-bold !underline-offset-4 !decoration-4 !decoration-red-600 !text-md\" rel=\"nofollow noopener\" target=\"_blank\">Laulaja Einin suru: \u201dTuli niin yll\u00e4tt\u00e4en\u201d<\/a><\/p>\n<p>Julkaisusta selvi\u00e4\u00e4, kuinka Einin oli tarkoitus lent\u00e4\u00e4 kylm\u00e4st\u00e4 l\u00e4mpim\u00e4\u00e4n. Lomamatka oli varattu paria p\u00e4iv\u00e4\u00e4 ennen l\u00e4ht\u00f6\u00e4. Sinne ei ole l\u00e4hdetty, vaan j\u00e4\u00e4ty kotiin. Se johtuu sairastumisesta.<\/p>\n<p>\u2013 Niinh\u00e4n se tauti kaatoi minutkin petiin. Lomamatka varatiin ihan pari p\u00e4iv\u00e4\u00e4 sitten ja suuntana \u201dkylm\u00e4st\u00e4-l\u00e4mpim\u00e4\u00e4n\u201d. Mutta nyt l\u00e4mpim\u00e4n peiton alla sitten ollaan kotosalla. Mutta onneksi tulin kipe\u00e4ksi nyt enk\u00e4 esimerkiksi siell\u00e4 kohteessa, toteaa laulajatar.<\/p>\n<p>Einille toivotetaan paranemisia. Joku toivoo, ett\u00e4 matkalle p\u00e4\u00e4st\u00e4isiin pian. Einin julkaisusta ei selvi\u00e4, onko tarkoitus l\u00e4hte\u00e4 tervehtymisen j\u00e4lkeen matkalle.<\/p>\n<p><a href=\"https:\/\/www.instagram.com\/reel\/DTVRW1wDdyw\/?utm_source=ig_web_copy_link&amp;igsh=MzRlODBiNWFlZA==\" target=\"_blank\" rel=\"noreferrer noopener nofollow\">Einin julkaisu l\u00f6ytyy t\u00e4\u00e4lt\u00e4<\/a> ja t\u00e4st\u00e4 alta.<\/p>\n<p>Lue my\u00f6s: <a href=\"https:\/\/www.como.fi\/tilaa-comon-uutiskirje\/\" title=\"Tilaa Comon uutiskirje ja tied\u00e4t mist\u00e4 kahvitauolla puhutaan! Nappaa kotimaan tv-vinkit ja puheenaiheet suoraan s\u00e4hk\u00f6postiin t\u00e4st\u00e4.\" class=\"underline-custom !font-montserrat !font-bold !underline-offset-4 !decoration-4 !decoration-red-600 !text-md\" rel=\"nofollow noopener\" target=\"_blank\">Tilaa Comon uutiskirje ja tied\u00e4t mist\u00e4 kahvitauolla puhutaan! Nappaa kotimaan tv-vinkit ja puheenaiheet suoraan s\u00e4hk\u00f6postiin t\u00e4st\u00e4.<\/a><\/p>\n<p>\t\t\t<script async src=\"\/\/www.instagram.com\/embed.js\"><\/script><\/p>\n","protected":false},"excerpt":{"rendered":"Ymp\u00e4ri Suomen ja v\u00e4lill\u00e4 laivoillakin esiintyv\u00e4 laulaja Eini on lomalla. Kohde ei ole se, mink\u00e4 h\u00e4n alun perin&hellip;\n","protected":false},"author":2,"featured_media":140030,"comment_status":"","ping_status":"","sticky":false,"template":"","format":"standard","meta":{"footnotes":""},"categories":[136],"tags":[407,9621,137,33,31,30,408,32,109],"class_list":{"0":"post-140029","1":"post","2":"type-post","3":"status-publish","4":"format-standard","5":"has-post-thumbnail","7":"category-julkkikset","8":"tag-celebrities","9":"tag-eini","10":"tag-entertainment","11":"tag-fi","12":"tag-finland","13":"tag-finnish","14":"tag-julkkikset","15":"tag-suomi","16":"tag-viihde"},"share_on_mastodon":{"url":"https:\/\/pubeurope.com\/@fi\/115879850904910576","error":""},"_links":{"self":[{"href":"https:\/\/www.europesays.com\/fi\/wp-json\/wp\/v2\/posts\/140029","targetHints":{"allow":["GET"]}}],"collection":[{"href":"https:\/\/www.europesays.com\/fi\/wp-json\/wp\/v2\/posts"}],"about":[{"href":"https:\/\/www.europesays.com\/fi\/wp-json\/wp\/v2\/types\/post"}],"author":[{"embeddable":true,"href":"https:\/\/www.europesays.com\/fi\/wp-json\/wp\/v2\/users\/2"}],"replies":[{"embeddable":true,"href":"https:\/\/www.europesays.com\/fi\/wp-json\/wp\/v2\/comments?post=140029"}],"version-history":[{"count":0,"href":"https:\/\/www.europesays.com\/fi\/wp-json\/wp\/v2\/posts\/140029\/revisions"}],"wp:featuredmedia":[{"embeddable":true,"href":"https:\/\/www.europesays.com\/fi\/wp-json\/wp\/v2\/media\/140030"}],"wp:attachment":[{"href":"https:\/\/www.europesays.com\/fi\/wp-json\/wp\/v2\/media?parent=140029"}],"wp:term":[{"taxonomy":"category","embeddable":true,"href":"https:\/\/www.europesays.com\/fi\/wp-json\/wp\/v2\/categories?post=140029"},{"taxonomy":"post_tag","embeddable":true,"href":"https:\/\/www.europesays.com\/fi\/wp-json\/wp\/v2\/tags?post=140029"}],"curies":[{"name":"wp","href":"https:\/\/api.w.org\/{rel}","templated":true}]}}