{"id":140031,"date":"2026-01-12T02:55:11","date_gmt":"2026-01-12T02:55:11","guid":{"rendered":"https:\/\/www.europesays.com\/fi\/140031\/"},"modified":"2026-01-12T02:55:11","modified_gmt":"2026-01-12T02:55:11","slug":"amanda-saaren-voittosauma-katkesi-tormaykseen","status":"publish","type":"post","link":"https:\/\/www.europesays.com\/fi\/140031\/","title":{"rendered":"Amanda Saaren voittosauma katkesi t\u00f6rm\u00e4ykseen"},"content":{"rendered":"<p>Amanda Saaren ja Hilla Niemel\u00e4n kisat Kuopiossa sujuivat ep\u00e4onnisesti.<\/p>\n<p>11.1. 13:50<\/p>\n<p class=\"article-body mb-nof-24 px-nof-16\">Aamulehti<\/p>\n<p class=\"article-body mb-nof-24 px-nof-16\">Tampereen Pyrinn\u00f6n hiiht\u00e4j\u00e4lupaus <a class=\"font-bold underline-offset-[0.12em] [text-decoration:var(--person-link-text-decoration)] ![text-decoration-color:var(--person-link-text-decoration-color)]\" href=\"https:\/\/www.aamulehti.fi\/haku\/?query=Amanda%20Saari\" rel=\"nofollow noopener\" target=\"_blank\">Amanda Saari<\/a> j\u00e4i nelj\u00e4nneksi Kuopion Puijon perinteisen sprintin SM-kisoissa.<\/p>\n<p class=\"article-body mb-nof-24 px-nof-16\">Saaren finaali sai dramaattisen k\u00e4\u00e4nteen, kun h\u00e4n j\u00e4i lopussa ratkaisevaksi hetkeksi jumiin kaatuneen <a class=\"font-bold underline-offset-[0.12em] [text-decoration:var(--person-link-text-decoration)] ![text-decoration-color:var(--person-link-text-decoration-color)]\" href=\"https:\/\/www.aamulehti.fi\/haku\/?query=Tiia%20Olkkosen\" rel=\"nofollow noopener\" target=\"_blank\">Tiia Olkkosen<\/a> suksiin. Kaksikko oli voittokamppailussa radan loppupuolella ennen keskin\u00e4ist\u00e4 kolariaan.<\/p>\n<p class=\"article-body mb-nof-24 px-nof-16\">Saari oli ep\u00e4onnekas. Olkkonen kaatui tilanteessa sel\u00e4lleen ja veti Saarta mukaansa.<\/p>\n<p class=\"article-body mb-nof-24 px-nof-16\">K\u00e4rkikaksikon t\u00f6rm\u00e4ily avasi voittov\u00e4yl\u00e4n vahvaa kiri\u00e4 tehneelle <a class=\"font-bold underline-offset-[0.12em] [text-decoration:var(--person-link-text-decoration)] ![text-decoration-color:var(--person-link-text-decoration-color)]\" href=\"https:\/\/www.aamulehti.fi\/haku\/?query=Katri%20Lylynper%C3%A4lle\" rel=\"nofollow noopener\" target=\"_blank\">Katri Lylynper\u00e4lle<\/a>. Toiseksi sijoittui <a class=\"font-bold underline-offset-[0.12em] [text-decoration:var(--person-link-text-decoration)] ![text-decoration-color:var(--person-link-text-decoration-color)]\" href=\"https:\/\/www.aamulehti.fi\/haku\/?query=Ella%20Noora%20Haapalehto\" rel=\"nofollow noopener\" target=\"_blank\">Ella Noora Haapalehto<\/a> ja kolmanneksi <a class=\"font-bold underline-offset-[0.12em] [text-decoration:var(--person-link-text-decoration)] ![text-decoration-color:var(--person-link-text-decoration-color)]\" href=\"https:\/\/www.aamulehti.fi\/haku\/?query=Nora%20Kyt%C3%A4j%C3%A4\" rel=\"nofollow noopener\" target=\"_blank\">Nora Kyt\u00e4j\u00e4<\/a>.<\/p>\n<p class=\"article-body mb-nof-24 px-nof-16\">Pirkanmaalaishiiht\u00e4jist\u00e4 my\u00f6s Ikaalisten Urheilijoita edustavan <a class=\"font-bold underline-offset-[0.12em] [text-decoration:var(--person-link-text-decoration)] ![text-decoration-color:var(--person-link-text-decoration-color)]\" href=\"https:\/\/www.aamulehti.fi\/haku\/?query=Hilla%20Niemel%C3%A4n\" rel=\"nofollow noopener\" target=\"_blank\">Hilla Niemel\u00e4n<\/a> kisa Kuopiossa p\u00e4\u00e4ttyi hieman ep\u00e4onniseen t\u00f6rm\u00e4ilyyn.<\/p>\n<p class=\"article-body mb-nof-24 px-nof-16\"><a class=\"font-bold underline-offset-[0.12em] [text-decoration:var(--person-link-text-decoration)] ![text-decoration-color:var(--person-link-text-decoration-color)]\" href=\"https:\/\/www.aamulehti.fi\/haku\/?query=Anne%20Kyll%C3%B6sen\" rel=\"nofollow noopener\" target=\"_blank\">Anne Kyll\u00f6sen<\/a> sauva ja Niemel\u00e4n suksi takertuivat toisiinsa toisessa v\u00e4lier\u00e4ss\u00e4. Niemel\u00e4 j\u00e4i v\u00e4lier\u00e4ss\u00e4 viidenneksi ja n\u00e4in kokonaan ulos finaalista.<\/p>\n<p class=\"article-body mb-nof-24 px-nof-16\">Saari ja Niemel\u00e4 kamppailevat kumpikin sprintin olympiapaikasta.<\/p>\n","protected":false},"excerpt":{"rendered":"Amanda Saaren ja Hilla Niemel\u00e4n kisat Kuopiossa sujuivat ep\u00e4onnisesti. 11.1. 13:50 Aamulehti Tampereen Pyrinn\u00f6n hiiht\u00e4j\u00e4lupaus Amanda Saari j\u00e4i&hellip;\n","protected":false},"author":2,"featured_media":140032,"comment_status":"","ping_status":"","sticky":false,"template":"","format":"standard","meta":{"footnotes":""},"categories":[158],"tags":[157,33,31,30,159,32,160],"class_list":{"0":"post-140031","1":"post","2":"type-post","3":"status-publish","4":"format-standard","5":"has-post-thumbnail","7":"category-urheilu","8":"tag-aamulehti","9":"tag-fi","10":"tag-finland","11":"tag-finnish","12":"tag-sports","13":"tag-suomi","14":"tag-urheilu"},"share_on_mastodon":{"url":"https:\/\/pubeurope.com\/@fi\/115879878585151926","error":""},"_links":{"self":[{"href":"https:\/\/www.europesays.com\/fi\/wp-json\/wp\/v2\/posts\/140031","targetHints":{"allow":["GET"]}}],"collection":[{"href":"https:\/\/www.europesays.com\/fi\/wp-json\/wp\/v2\/posts"}],"about":[{"href":"https:\/\/www.europesays.com\/fi\/wp-json\/wp\/v2\/types\/post"}],"author":[{"embeddable":true,"href":"https:\/\/www.europesays.com\/fi\/wp-json\/wp\/v2\/users\/2"}],"replies":[{"embeddable":true,"href":"https:\/\/www.europesays.com\/fi\/wp-json\/wp\/v2\/comments?post=140031"}],"version-history":[{"count":0,"href":"https:\/\/www.europesays.com\/fi\/wp-json\/wp\/v2\/posts\/140031\/revisions"}],"wp:featuredmedia":[{"embeddable":true,"href":"https:\/\/www.europesays.com\/fi\/wp-json\/wp\/v2\/media\/140032"}],"wp:attachment":[{"href":"https:\/\/www.europesays.com\/fi\/wp-json\/wp\/v2\/media?parent=140031"}],"wp:term":[{"taxonomy":"category","embeddable":true,"href":"https:\/\/www.europesays.com\/fi\/wp-json\/wp\/v2\/categories?post=140031"},{"taxonomy":"post_tag","embeddable":true,"href":"https:\/\/www.europesays.com\/fi\/wp-json\/wp\/v2\/tags?post=140031"}],"curies":[{"name":"wp","href":"https:\/\/api.w.org\/{rel}","templated":true}]}}