{"id":140048,"date":"2026-01-12T03:25:12","date_gmt":"2026-01-12T03:25:12","guid":{"rendered":"https:\/\/www.europesays.com\/fi\/140048\/"},"modified":"2026-01-12T03:25:12","modified_gmt":"2026-01-12T03:25:12","slug":"vienti-vetaa-jo-mutta-talous-ei-silti-kasva-asiantuntijat-kertovat-mika-on-pielessa-2","status":"publish","type":"post","link":"https:\/\/www.europesays.com\/fi\/140048\/","title":{"rendered":"Vienti vet\u00e4\u00e4 jo, mutta talous ei silti kasva \u2013 asiantuntijat kertovat mik\u00e4 on pieless\u00e4"},"content":{"rendered":"<p>Viennin merkitys Suomen taloudelle ei ole en\u00e4\u00e4 sama kuin ennen. Se n\u00e4kyy nyt selv\u00e4sti, kun vienti vet\u00e4\u00e4 jo hyvin.<\/p>\n<p>11.1. 22:23<\/p>\n<p class=\"article-body mb-nof-24 px-nof-16\">Suomi el\u00e4\u00e4 viennist\u00e4, n\u00e4in meill\u00e4 on totuttu ajattelemaan.<\/p>\n<p class=\"article-body mb-nof-24 px-nof-16\">Mutta pit\u00e4\u00e4k\u00f6 t\u00e4m\u00e4 en\u00e4\u00e4 paikkansa?<\/p>\n<p class=\"article-body mb-nof-24 px-nof-16\">Nyt vienti vet\u00e4\u00e4 jo ihan kohtuullisen hyvin, on vet\u00e4nyt jo toista vuotta, mutta silti talous ei ole viel\u00e4k\u00e4\u00e4n p\u00e4\u00e4ssyt vauhtiin.<\/p>\n<p class=\"article-body mb-nof-24 px-nof-16\">P\u00e4invastoin. Viime vuoden lopulla Suomi vajosi taas taantumaan ja t\u00e4m\u00e4n vuoden kasvuennusteita on vedetty jatkuvasti alasp\u00e4in.<\/p>\n","protected":false},"excerpt":{"rendered":"Viennin merkitys Suomen taloudelle ei ole en\u00e4\u00e4 sama kuin ennen. Se n\u00e4kyy nyt selv\u00e4sti, kun vienti vet\u00e4\u00e4 jo&hellip;\n","protected":false},"author":2,"featured_media":140049,"comment_status":"","ping_status":"","sticky":false,"template":"","format":"standard","meta":{"footnotes":""},"categories":[76],"tags":[79,77,33,31,30,80,32,78],"class_list":{"0":"post-140048","1":"post","2":"type-post","3":"status-publish","4":"format-standard","5":"has-post-thumbnail","7":"category-talous","8":"tag-business","9":"tag-economy","10":"tag-fi","11":"tag-finland","12":"tag-finnish","13":"tag-satakunnan-kansa","14":"tag-suomi","15":"tag-talous"},"share_on_mastodon":{"url":"https:\/\/pubeurope.com\/@fi\/115879996595309149","error":""},"_links":{"self":[{"href":"https:\/\/www.europesays.com\/fi\/wp-json\/wp\/v2\/posts\/140048","targetHints":{"allow":["GET"]}}],"collection":[{"href":"https:\/\/www.europesays.com\/fi\/wp-json\/wp\/v2\/posts"}],"about":[{"href":"https:\/\/www.europesays.com\/fi\/wp-json\/wp\/v2\/types\/post"}],"author":[{"embeddable":true,"href":"https:\/\/www.europesays.com\/fi\/wp-json\/wp\/v2\/users\/2"}],"replies":[{"embeddable":true,"href":"https:\/\/www.europesays.com\/fi\/wp-json\/wp\/v2\/comments?post=140048"}],"version-history":[{"count":0,"href":"https:\/\/www.europesays.com\/fi\/wp-json\/wp\/v2\/posts\/140048\/revisions"}],"wp:featuredmedia":[{"embeddable":true,"href":"https:\/\/www.europesays.com\/fi\/wp-json\/wp\/v2\/media\/140049"}],"wp:attachment":[{"href":"https:\/\/www.europesays.com\/fi\/wp-json\/wp\/v2\/media?parent=140048"}],"wp:term":[{"taxonomy":"category","embeddable":true,"href":"https:\/\/www.europesays.com\/fi\/wp-json\/wp\/v2\/categories?post=140048"},{"taxonomy":"post_tag","embeddable":true,"href":"https:\/\/www.europesays.com\/fi\/wp-json\/wp\/v2\/tags?post=140048"}],"curies":[{"name":"wp","href":"https:\/\/api.w.org\/{rel}","templated":true}]}}