{"id":140050,"date":"2026-01-12T03:26:08","date_gmt":"2026-01-12T03:26:08","guid":{"rendered":"https:\/\/www.europesays.com\/fi\/140050\/"},"modified":"2026-01-12T03:26:08","modified_gmt":"2026-01-12T03:26:08","slug":"merenpohjaan-uponneesta-venalaisesta-aluksesta-loytyi-salaista-ydinsodan-tekniikkaa","status":"publish","type":"post","link":"https:\/\/www.europesays.com\/fi\/140050\/","title":{"rendered":"Merenpohjaan uponneesta ven\u00e4l\u00e4isest\u00e4 aluksesta l\u00f6ytyi salaista ydinsodan tekniikkaa"},"content":{"rendered":"<p>Ven\u00e4l\u00e4inen Ursa Major -rahtialus upposi noin vuosi sitten. Nyt viranomaiset ovat tutkineet, mit\u00e4 alus kuljetti sinisten pressujen alla.<\/p>\n<p><img decoding=\"async\" class=\"image image-show image-preview\" src=\"https:\/\/www.europesays.com\/fi\/wp-content\/uploads\/2026\/01\/7f2b27961c47c071b22796f2cea22212611c3080cde7891af2988149ba364bee.png\" alt=\"\"\/><img decoding=\"async\" class=\"image image-show\" src=\"https:\/\/www.europesays.com\/fi\/wp-content\/uploads\/2026\/01\/1768188368_783_7f2b27961c47c071b22796f2cea22212611c3080cde7891af2988149ba364bee.png\" alt=\"\"\/><\/p>\n<p>Viimeinen matka. Ursa Major -rahtilaiva kuvattuna ennen uppoamistaan. Mysteerirahti n\u00e4kyy laivan per\u00e4ss\u00e4 pressuilla peitettyn\u00e4. Oliver Alexander \/ X<\/p>\n<p class=\"paragraph\">Jouluaattona 2024 Ven\u00e4j\u00e4n lipun alla purjehtiva rahtialus Ursa Major upposi V\u00e4limerell\u00e4, Espanjan rannikolla.<\/p>\n<p class=\"paragraph\">Aluksen ilmoitettiin kuljettaneen satamanostureita, jotka oli tarkoitus asentaa Vladivostokiin, sek\u00e4 osia uusiin j\u00e4\u00e4nmurtajiin. Aluksesta on kuvia, joissa nosturit n\u00e4kyv\u00e4t kannella ja salaper\u00e4iset j\u00e4\u00e4nmurtajan osat ovat laivan per\u00e4ss\u00e4 sinisten pressujen alla.<\/p>\n<p class=\"paragraph\">Nyt on selvinnyt, ett\u00e4 mysteerirahti olikin luultavasti ydinreaktorien osia matkalla Pohjois-Koreaan, uutisoi espanjalaismedia <a href=\"https:\/\/www.laverdad.es\/murcia\/cartagena\/barco-ruso-hundido-frente-cartagena-ocultaba-dos-20251228071129-nt.html\" rel=\"noopener nofollow\" target=\"_blank\">La Verdad<\/a>.<\/p>\n<p class=\"paragraph\">Espanjalaisten viranomaisten arvioiden mukaan neli\u00f6n muotoiset osat painoivat kukin noin 65 tonnia.<\/p>\n<p class=\"paragraph\">La Verdadin n\u00e4kemien asiakirjojen mukaan espanjalaiset tutkijat tunnistivat lastin ydinsukellusveneiden reaktorien suojakuoriksi (casings). Kyse oli tarkemmin kahden neuvostoaikaisen VM-4SG-reaktorin suojakuorista.<\/p>\n<p class=\"paragraph\">VM-mallisto oli sarja Ven\u00e4j\u00e4n merivoimien ydinreaktoreita, joilla ydinohjuksia kuljettaneet sukellusveneet kulkivat kylm\u00e4n sodan aikana.<\/p>\n<p class=\"paragraph\">4SG oli malliston viimeisin versio, ja se on yh\u00e4 k\u00e4yt\u00f6ss\u00e4 muutamassa Ven\u00e4j\u00e4n ydinohjuksia kuljettavassa sukellusveneess\u00e4.<\/p>\n<p class=\"paragraph\">Merivoimien reaktoreista on yleisesti hyvin rajatusti tietoa julkisuudessa, koska l\u00e4hes jokainen komponentti on usein salainen. VM-4SG-reaktorista tiedet\u00e4\u00e4n kuitenkin suhteellisen paljon, koska Ven\u00e4j\u00e4n puolustusministeri\u00f6 <a href=\"https:\/\/www.twz.com\/rare-look-at-nuclear-reactor-inside-russian-ballistic-missile-submarine\" rel=\"noopener nofollow\" target=\"_blank\">esitteli reaktoria<\/a> videolla vuonna 2023.<\/p>\n<p class=\"paragraph\">Viranomaiset spekuloivat my\u00f6s, ett\u00e4 aluksen m\u00e4\u00e4r\u00e4np\u00e4\u00e4 olisi ollut Pohjois-Korea, eik\u00e4 ilmoitettu Vladivostok.<\/p>\n<p class=\"paragraph\">Analyytikoiden mukaan Pohjois-Korean uusi ydinsukellusvene on todenn\u00e4k\u00f6isesti hy\u00f6tynyt ven\u00e4l\u00e4isten teknisest\u00e4 avusta, ja alukseen on voitu sis\u00e4llytt\u00e4\u00e4 my\u00f6s kokonaan ven\u00e4l\u00e4inen reaktori.<\/p>\n<p class=\"paragraph\">Katso <a href=\"https:\/\/www.facebook.com\/plugins\/video.php?height=476&amp;href=https%3A%2F%2Fwww.facebook.com%2Freel%2F580965504577020%2F&amp;show\" rel=\"noopener nofollow\" target=\"_blank\">videolta<\/a>, miten alus kallistui ennen uppoamista.<\/p>\n<p class=\"paragraph\">Vuosi sitten uutisoitiin, ett\u00e4 aluksen konehuoneessa olisi tapahtunut r\u00e4j\u00e4hdys, jonka seurauksena alus upposi.<\/p>\n<p class=\"paragraph\">Laivan omistaja kertoi, ett\u00e4 kyseess\u00e4 oli kolme r\u00e4j\u00e4hdyst\u00e4 ja 20 tuuman (n. 50\u00a0cm) reik\u00e4. Aluksen kapteeni vahvisti, ett\u00e4 rei\u00e4n reunat olivat taipuneet sis\u00e4\u00e4np\u00e4in. T\u00e4m\u00e4 viittaisi r\u00e4j\u00e4hdykseen rungon ulkopuolella, uutisoi <a href=\"https:\/\/maritime-executive.com\/article\/report-lost-russian-ship-was-carrying-nuclear-submarine-reactor-parts\" rel=\"noopener nofollow\" target=\"_blank\">The Maritime Executive<\/a>.<\/p>\n<p class=\"paragraph\">Juttu on julkaistu alun perin <a href=\"https:\/\/www.tekniikkatalous.fi\/\" target=\"_blank\" rel=\"noopener nofollow\">Tekniikka&amp;Taloudessa<\/a>.<\/p>\n","protected":false},"excerpt":{"rendered":"Ven\u00e4l\u00e4inen Ursa Major -rahtialus upposi noin vuosi sitten. Nyt viranomaiset ovat tutkineet, mit\u00e4 alus kuljetti sinisten pressujen alla.&hellip;\n","protected":false},"author":2,"featured_media":140051,"comment_status":"","ping_status":"","sticky":false,"template":"","format":"standard","meta":{"footnotes":""},"categories":[14],"tags":[22,23,26,27,33,31,30,17,2187,24,25,121,28,29,15,120,18,21,32,19,20,56,16,2569,2568,59,60,61],"class_list":{"0":"post-140050","1":"post","2":"type-post","3":"status-publish","4":"format-standard","5":"has-post-thumbnail","7":"category-ulkomaat","8":"tag-breaking-news","9":"tag-breakingnews","10":"tag-featured-news","11":"tag-featurednews","12":"tag-fi","13":"tag-finland","14":"tag-finnish","15":"tag-headlines","16":"tag-kulkuneuvot","17":"tag-latest-news","18":"tag-latestnews","19":"tag-liikenne-ja-kuljetus","20":"tag-main-news","21":"tag-mainnews","22":"tag-news","23":"tag-onnettomuustapaus","24":"tag-otsikot","25":"tag-paauutiset","26":"tag-suomi","27":"tag-top-stories","28":"tag-topstories","29":"tag-ulkomaat","30":"tag-uutiset","31":"tag-vesikulkuneuvot","32":"tag-vesiliikenne","33":"tag-world","34":"tag-world-news","35":"tag-worldnews"},"share_on_mastodon":{"url":"https:\/\/pubeurope.com\/@fi\/115880000503151133","error":""},"_links":{"self":[{"href":"https:\/\/www.europesays.com\/fi\/wp-json\/wp\/v2\/posts\/140050","targetHints":{"allow":["GET"]}}],"collection":[{"href":"https:\/\/www.europesays.com\/fi\/wp-json\/wp\/v2\/posts"}],"about":[{"href":"https:\/\/www.europesays.com\/fi\/wp-json\/wp\/v2\/types\/post"}],"author":[{"embeddable":true,"href":"https:\/\/www.europesays.com\/fi\/wp-json\/wp\/v2\/users\/2"}],"replies":[{"embeddable":true,"href":"https:\/\/www.europesays.com\/fi\/wp-json\/wp\/v2\/comments?post=140050"}],"version-history":[{"count":0,"href":"https:\/\/www.europesays.com\/fi\/wp-json\/wp\/v2\/posts\/140050\/revisions"}],"wp:featuredmedia":[{"embeddable":true,"href":"https:\/\/www.europesays.com\/fi\/wp-json\/wp\/v2\/media\/140051"}],"wp:attachment":[{"href":"https:\/\/www.europesays.com\/fi\/wp-json\/wp\/v2\/media?parent=140050"}],"wp:term":[{"taxonomy":"category","embeddable":true,"href":"https:\/\/www.europesays.com\/fi\/wp-json\/wp\/v2\/categories?post=140050"},{"taxonomy":"post_tag","embeddable":true,"href":"https:\/\/www.europesays.com\/fi\/wp-json\/wp\/v2\/tags?post=140050"}],"curies":[{"name":"wp","href":"https:\/\/api.w.org\/{rel}","templated":true}]}}