{"id":140057,"date":"2026-01-12T03:48:08","date_gmt":"2026-01-12T03:48:08","guid":{"rendered":"https:\/\/www.europesays.com\/fi\/140057\/"},"modified":"2026-01-12T03:48:08","modified_gmt":"2026-01-12T03:48:08","slug":"illalla-tvssa-nasan-toimistolla-revitaan-huumoria-tasta-katastrofileffasta-skenaario-on-huvittavan-epauskottava","status":"publish","type":"post","link":"https:\/\/www.europesays.com\/fi\/140057\/","title":{"rendered":"Illalla tv:ss\u00e4: NASAn toimistolla revit\u00e4\u00e4n huumoria t\u00e4st\u00e4 katastrofileffasta &#8211; skenaario on huvittavan ep\u00e4uskottava"},"content":{"rendered":"<p>T\u00e4n\u00e4 iltana ruudussa paukkuu isolla budjetilla, sill\u00e4 ohjelmistossa on toimintascifi Armageddon (1998). Se on my\u00f6s suoratoistopalvelu Disney Plussan valikoimassa.<\/p>\n<p>Kun Teksasin kokoinen asteroidi uhkaa t\u00f6rm\u00e4t\u00e4 Maahan muutaman viikon sis\u00e4ll\u00e4, NASA p\u00e4\u00e4tt\u00e4\u00e4 kutsua avuksi \u00f6ljynporaamisen erikoisjoukot. Teht\u00e4v\u00e4n\u00e4 on porata maata l\u00e4hestyv\u00e4\u00e4n kappaleeseen reik\u00e4 ja pelastaa ihmiskunta.<\/p>\n<p>P\u00e4\u00e4osassa loistaa <strong>Bruce Willis<\/strong>, ja isot puitteet tuo j\u00e4ttituottaja <strong>Jerry Bruckheimer. <\/strong>K\u00e4sikirjoituksessa oli mukana muun muassa Lost-sarjan is\u00e4 ja Hollywoodin luottotekij\u00e4 <strong>J.J. Abrams<\/strong>.<\/p>\n<p><img loading=\"lazy\" height=\"1653\" width=\"2418\" class=\"wp-image-172300 sp-no-webp perfmatters-lazy\" alt=\"\" decoding=\"async\" src=\"https:\/\/www.europesays.com\/fi\/wp-content\/uploads\/2026\/01\/5516010-scaled1.webp.webp\"  data-\/> <\/p>\n<p>Lue my\u00f6s: <a href=\"https:\/\/www.episodi.fi\/uutiset\/nyt-ilmaiskatselussa-teinitoimittaja-ratkoo-outoa-koulumysteeria-ravakkana-rehtorina-bruce-willis\/\" title=\"Nyt ilmaiskatselussa: Teinitoimittaja ratkoo outoa koulumysteeri\u00e4 \u2013 r\u00e4v\u00e4kk\u00e4n\u00e4 rehtorina Bruce Willis\" class=\"underline-custom !font-montserrat !font-bold !underline-offset-4 !decoration-4 !decoration-episodi-blue !text-md\" rel=\"nofollow noopener\" target=\"_blank\">Nyt ilmaiskatselussa: Teinitoimittaja ratkoo outoa koulumysteeri\u00e4 \u2013 r\u00e4v\u00e4kk\u00e4n\u00e4 rehtorina Bruce Willis<\/a><\/p>\n<p>Ohjaajana toimii r\u00e4j\u00e4ht\u00e4vien elokuvien spesialisti <strong>Michael Bay<\/strong>. Bruce Willis sanoi my\u00f6hemmin, ettei h\u00e4n pit\u00e4nyt Bayn ohjaustyylist\u00e4, ja ei aikonut ty\u00f6skennell\u00e4 h\u00e4nen kanssaan uudelleen.<\/p>\n<p>Nasalla on tapana k\u00e4ytt\u00e4\u00e4 elokuvaa koulutuksessaan, mutta ei niin mairittelevaan tapaan. Uusille esimiehille annetaan teht\u00e4v\u00e4ksi l\u00f6yt\u00e4\u00e4 elokuvasta niin monta virhett\u00e4 kuin mahdollista, ja ainakin 168 on jo l\u00f6ydetty.<\/p>\n<p>Vaikka kriitikoiden arviot olivat vaihtelevia, elokuva osoittautui valtavaksi kaupalliseksi menestykseksi. Se ker\u00e4si maailmanlaajuisesti 553,7 miljoonaa dollaria 140 miljoonan budjetilla ja nousi vuoden 1998 tuottoisimmaksi elokuvaksi, ja samalla my\u00f6s Touchstone Picturesin kaikkien aikojen menestyneimm\u00e4ksi elokuvaksi. Alla traileri.<\/p>\n<p>Tulevat l\u00e4hetykset:<\/p>\n<ul class=\"wp-block-list\">\n<li>Ma 12.1.2026 klo 21.00 \u00b7 MTV Sub<\/li>\n<\/ul>\n<p>Lue my\u00f6s: <a href=\"https:\/\/www.episodi.fi\/uutiset\/silloin-bruce-willisista-tuli-poikaystavani-emma-heming-willis-juhlistaa-18-vuotispavaa\/\" title=\"\u201dSilloin Bruce Willisist\u00e4 tuli poikayst\u00e4v\u00e4ni\u201d \u2013 Emma Heming Willis juhlistaa 18-vuotisp\u00e4v\u00e4\u00e4\" class=\"underline-custom !font-montserrat !font-bold !underline-offset-4 !decoration-4 !decoration-episodi-blue !text-md\" rel=\"nofollow noopener\" target=\"_blank\">\u201dSilloin Bruce Willisist\u00e4 tuli poikayst\u00e4v\u00e4ni\u201d \u2013 Emma Heming Willis juhlistaa 18-vuotisp\u00e4v\u00e4\u00e4<\/a><\/p>\n<p>Lue my\u00f6s: <a href=\"https:\/\/www.episodi.fi\/uutiset\/etsitko-hyvaa-jouluelokuvaa-naista-vinkeista-loytyy-suosikkeja-jokaiseen-makuun\/\" title=\"Etsitk\u00f6 hyv\u00e4\u00e4 jouluelokuvaa? N\u00e4ist\u00e4 vinkeist\u00e4 l\u00f6ytyy suosikkeja jokaiseen makuun\" class=\"underline-custom !font-montserrat !font-bold !underline-offset-4 !decoration-4 !decoration-episodi-blue !text-md\" rel=\"nofollow noopener\" target=\"_blank\">Etsitk\u00f6 hyv\u00e4\u00e4 jouluelokuvaa? N\u00e4ist\u00e4 vinkeist\u00e4 l\u00f6ytyy suosikkeja jokaiseen makuun<\/a><\/p>\n<p>Lue my\u00f6s: <a href=\"https:\/\/www.episodi.fi\/uutiset\/onko-die-hard-jouluelokuva-vai-ei-britit-ratkaisivat-asian\/\" title=\"Onko Die Hard jouluelokuva vai ei? Britit ratkaisivat asian\" class=\"underline-custom !font-montserrat !font-bold !underline-offset-4 !decoration-4 !decoration-episodi-blue !text-md\" rel=\"nofollow noopener\" target=\"_blank\">Onko Die Hard jouluelokuva vai ei? Britit ratkaisivat asian<\/a><\/p>\n<p><img loading=\"lazy\" decoding=\"async\" alt=\"YouTube video\" width=\"480\" height=\"360\" data-pin-nopin=\"true\" nopin=\"nopin\" class=\"perfmatters-lazy\" src=\"https:\/\/www.europesays.com\/fi\/wp-content\/uploads\/2026\/01\/1768189688_62_hqdefault.jpg\"\/><\/p>\n<p>L\u00e4hde: <a href=\"https:\/\/www.imdb.com\/title\/tt0120591\/trivia\/?ref_=tt_ql_pop_4\" target=\"_blank\" rel=\"noreferrer noopener nofollow\">IMDb<\/a><\/p>\n<p>Lue my\u00f6s: <a href=\"https:\/\/www.episodi.fi\/uutiskirje\/?uutiskirjemainos=tekstilinkkimainos\" title=\"Tilaa Episodin uutiskirje ja voit voittaa leffalippuja! Nappaa tv-vinkit suoraan s\u00e4hk\u00f6postiin t\u00e4st\u00e4.\" class=\"underline-custom !font-montserrat !font-bold !underline-offset-4 !decoration-4 !decoration-episodi-blue !text-md\" rel=\"nofollow noopener\" target=\"_blank\">Tilaa Episodin uutiskirje ja voit voittaa leffalippuja! Nappaa katseluvinkit suoraan s\u00e4hk\u00f6postiin t\u00e4st\u00e4.<\/a><\/p>\n","protected":false},"excerpt":{"rendered":"T\u00e4n\u00e4 iltana ruudussa paukkuu isolla budjetilla, sill\u00e4 ohjelmistossa on toimintascifi Armageddon (1998). Se on my\u00f6s suoratoistopalvelu Disney Plussan&hellip;\n","protected":false},"author":2,"featured_media":140058,"comment_status":"","ping_status":"","sticky":false,"template":"","format":"standard","meta":{"footnotes":""},"categories":[130],"tags":[137,33,31,30,32,139,109],"class_list":{"0":"post-140057","1":"post","2":"type-post","3":"status-publish","4":"format-standard","5":"has-post-thumbnail","7":"category-viihde","8":"tag-entertainment","9":"tag-fi","10":"tag-finland","11":"tag-finnish","12":"tag-suomi","13":"tag-tv-ohjelmat","14":"tag-viihde"},"share_on_mastodon":{"url":"https:\/\/pubeurope.com\/@fi\/115880086916727990","error":""},"_links":{"self":[{"href":"https:\/\/www.europesays.com\/fi\/wp-json\/wp\/v2\/posts\/140057","targetHints":{"allow":["GET"]}}],"collection":[{"href":"https:\/\/www.europesays.com\/fi\/wp-json\/wp\/v2\/posts"}],"about":[{"href":"https:\/\/www.europesays.com\/fi\/wp-json\/wp\/v2\/types\/post"}],"author":[{"embeddable":true,"href":"https:\/\/www.europesays.com\/fi\/wp-json\/wp\/v2\/users\/2"}],"replies":[{"embeddable":true,"href":"https:\/\/www.europesays.com\/fi\/wp-json\/wp\/v2\/comments?post=140057"}],"version-history":[{"count":0,"href":"https:\/\/www.europesays.com\/fi\/wp-json\/wp\/v2\/posts\/140057\/revisions"}],"wp:featuredmedia":[{"embeddable":true,"href":"https:\/\/www.europesays.com\/fi\/wp-json\/wp\/v2\/media\/140058"}],"wp:attachment":[{"href":"https:\/\/www.europesays.com\/fi\/wp-json\/wp\/v2\/media?parent=140057"}],"wp:term":[{"taxonomy":"category","embeddable":true,"href":"https:\/\/www.europesays.com\/fi\/wp-json\/wp\/v2\/categories?post=140057"},{"taxonomy":"post_tag","embeddable":true,"href":"https:\/\/www.europesays.com\/fi\/wp-json\/wp\/v2\/tags?post=140057"}],"curies":[{"name":"wp","href":"https:\/\/api.w.org\/{rel}","templated":true}]}}