{"id":140059,"date":"2026-01-12T03:51:07","date_gmt":"2026-01-12T03:51:07","guid":{"rendered":"https:\/\/www.europesays.com\/fi\/140059\/"},"modified":"2026-01-12T03:51:07","modified_gmt":"2026-01-12T03:51:07","slug":"tuulivoiman-rakentaminen-hiipuu-aurinkosahko-kovassa-kasvussa-ts-fi","status":"publish","type":"post","link":"https:\/\/www.europesays.com\/fi\/140059\/","title":{"rendered":"Tuulivoiman rakentaminen hiipuu, aurinkos\u00e4hk\u00f6 kovassa kasvussa &#8211; ts.fi"},"content":{"rendered":"<ol>\n<li><a href=\"https:\/\/news.google.com\/rss\/articles\/CBMiSEFVX3lxTE1tSWswLV9TY2l3VUF3TGZuT2dTU2tJV3FMd3FsaWEtX056QmxTajB4V2lyRjVneE5Bd3AwLUpKandnOG84cHg5OQ?oc=5\" target=\"_blank\" rel=\"nofollow noopener\">Tuulivoiman rakentaminen hiipuu, aurinkos\u00e4hk\u00f6 kovassa kasvussa<\/a>&nbsp;&nbsp;ts.fi<\/li>\n<li><a href=\"https:\/\/news.google.com\/rss\/articles\/CBMi0gFBVV95cUxPRHlZMzVYSnRoWFJRSTNmMG42dUFKbEdHamoyRUdoWF9fLU55U2JhLU9rb3lNLWxfaXZRSXR5QS1RNWJSRTVQWm51bkZsczVTV2FXREhONjREekVnTXh2a2p3VFBIOHlpNFpOTGpEeEMwMV90N0k5RkRNRzlKektIMXJNYWZOZXAxNVpfZXZvOG1MLUVGRVZnZTBKOW5ENEl4dmNDQVNMTVM1YWtlZ2VRdUhhd2RqV0M4Y2l1S2xnUDJxN2ZIT1JMTktDOWxlcWpzVkE?oc=5\" target=\"_blank\" rel=\"nofollow noopener\">T\u00e4m\u00e4n verran Lestij\u00e4rvi saa rahaa tuulivoimasta t\u00e4n\u00e4 vuonna \u2013 \u201dJos tuulivoimaa ei olisi, k\u00e4visimme nyt kuntaliitosneuvotteluja\u201d<\/a>&nbsp;&nbsp;Keskipohjanmaa<\/li>\n<li><a href=\"https:\/\/news.google.com\/rss\/articles\/CBMigwFBVV95cUxPOWxnczF1UVlwVWs0aVl1YUlRbnFiU0lia0IzZGt0S0x3cEI3TGRhTHg2ZVFyMThHQks1eTR4aFdrNDYyb21HOU5pVWg2ZWxRZlc1ZmZUWUw2eHFrQ3RkU3E4dkkzTE9LUFRkVG9CdjVHbTJOY1dwZFFiY0tDTWxaQkFwNA?oc=5\" target=\"_blank\" rel=\"nofollow noopener\">Vanhoille turvesoille piti rakentaa teollisen kokoluokan aurinkovoimaloita \u2013 N\u00e4in hankkeille on k\u00e4ynyt<\/a>&nbsp;&nbsp;Tekniikka&amp;Talous<\/li>\n<li><a href=\"https:\/\/news.google.com\/rss\/articles\/CBMijwFBVV95cUxQQnpGeU5qTExZWWs4c3A4c0R2R25CcnI4cHc0SkQwRWFFeGxqRVRyVGE0TjgwSGRQb202dUFpWXgzV0ZrLWRvWm93ZTdiSXBsa20zTEFfV3dheWM5Y1JkeDJENDhOVmp0R3hVNmZkWHFBaXFPSzdTZFZPTm51Y0RuXzVjYlRPQWJWMDlVazJzNA?oc=5\" target=\"_blank\" rel=\"nofollow noopener\">Pyh\u00e4joki ja Siikajoki tuulivoiman k\u00e4rkikuntia \u2013 Raahe putosi TOP10-listalta<\/a>&nbsp;&nbsp;Raahen Seutu<\/li>\n<li><a href=\"https:\/\/news.google.com\/rss\/articles\/CBMiQkFVX3lxTE1xUUxxVktFWWE2Z1hVMklmdXdXci1HekVYN2lDU1dHUEJzLVFWdGJyZGw3WnZEaTUyQ3Q1aVJvWFdpUQ?oc=5\" target=\"_blank\" rel=\"nofollow noopener\">Pohjalaiset uusiutuvan energian edell\u00e4k\u00e4vij\u00f6it\u00e4 \u2013 noin puolet uudesta tuulivoimasta rakennettiin viime vuonna Lestij\u00e4rvelle<\/a>&nbsp;&nbsp;Yle<\/li>\n<\/ol>\n","protected":false},"excerpt":{"rendered":"Tuulivoiman rakentaminen hiipuu, aurinkos\u00e4hk\u00f6 kovassa kasvussa&nbsp;&nbsp;ts.fi T\u00e4m\u00e4n verran Lestij\u00e4rvi saa rahaa tuulivoimasta t\u00e4n\u00e4 vuonna \u2013 \u201dJos tuulivoimaa ei&hellip;\n","protected":false},"author":2,"featured_media":140060,"comment_status":"","ping_status":"","sticky":false,"template":"","format":"standard","meta":{"footnotes":""},"categories":[76],"tags":[79,77,33,31,30,32,78],"class_list":{"0":"post-140059","1":"post","2":"type-post","3":"status-publish","4":"format-standard","5":"has-post-thumbnail","7":"category-talous","8":"tag-business","9":"tag-economy","10":"tag-fi","11":"tag-finland","12":"tag-finnish","13":"tag-suomi","14":"tag-talous"},"share_on_mastodon":{"url":"https:\/\/pubeurope.com\/@fi\/115880098796524970","error":""},"_links":{"self":[{"href":"https:\/\/www.europesays.com\/fi\/wp-json\/wp\/v2\/posts\/140059","targetHints":{"allow":["GET"]}}],"collection":[{"href":"https:\/\/www.europesays.com\/fi\/wp-json\/wp\/v2\/posts"}],"about":[{"href":"https:\/\/www.europesays.com\/fi\/wp-json\/wp\/v2\/types\/post"}],"author":[{"embeddable":true,"href":"https:\/\/www.europesays.com\/fi\/wp-json\/wp\/v2\/users\/2"}],"replies":[{"embeddable":true,"href":"https:\/\/www.europesays.com\/fi\/wp-json\/wp\/v2\/comments?post=140059"}],"version-history":[{"count":0,"href":"https:\/\/www.europesays.com\/fi\/wp-json\/wp\/v2\/posts\/140059\/revisions"}],"wp:featuredmedia":[{"embeddable":true,"href":"https:\/\/www.europesays.com\/fi\/wp-json\/wp\/v2\/media\/140060"}],"wp:attachment":[{"href":"https:\/\/www.europesays.com\/fi\/wp-json\/wp\/v2\/media?parent=140059"}],"wp:term":[{"taxonomy":"category","embeddable":true,"href":"https:\/\/www.europesays.com\/fi\/wp-json\/wp\/v2\/categories?post=140059"},{"taxonomy":"post_tag","embeddable":true,"href":"https:\/\/www.europesays.com\/fi\/wp-json\/wp\/v2\/tags?post=140059"}],"curies":[{"name":"wp","href":"https:\/\/api.w.org\/{rel}","templated":true}]}}