{"id":140061,"date":"2026-01-12T03:52:08","date_gmt":"2026-01-12T03:52:08","guid":{"rendered":"https:\/\/www.europesays.com\/fi\/140061\/"},"modified":"2026-01-12T03:52:08","modified_gmt":"2026-01-12T03:52:08","slug":"reuters-yhdysvallat-harkitsee-valiintuloa-iraniin-israel-halytystilassa","status":"publish","type":"post","link":"https:\/\/www.europesays.com\/fi\/140061\/","title":{"rendered":"Reuters: Yhdysvallat harkitsee v\u00e4liintuloa Iraniin \u2013 Israel \u201dh\u00e4lytystilassa\u201d"},"content":{"rendered":"<p>Ihmisoikeusj\u00e4rjest\u00f6 kutsuu Iranin toimia \u201dmassamurhaksi\u201d. Artikkelista l\u00f6ytyv\u00e4n videon materiaali saattaa j\u00e4rkytt\u00e4\u00e4.<\/p>\n<p>Iranin mielenosoitusten kuolonuhrien lukum\u00e4\u00e4r\u00e4 nousee. Videon materiaali saattaa j\u00e4rkytt\u00e4\u00e4. Video: Reuters<\/p>\n<p class=\"article-body mb-nof-24 px-nof-16\">Yhdysvaltain ulkoministeri <a class=\"font-bold underline-offset-[0.12em] [text-decoration:var(--person-link-text-decoration)] ![text-decoration-color:var(--person-link-text-decoration-color)]\" href=\"https:\/\/www.is.fi\/haku\/?query=Marco%20Rubio\" rel=\"nofollow noopener\" target=\"_blank\">Marco Rubio<\/a> ja Israelin p\u00e4\u00e4ministeri <a class=\"font-bold underline-offset-[0.12em] [text-decoration:var(--person-link-text-decoration)] ![text-decoration-color:var(--person-link-text-decoration-color)]\" href=\"https:\/\/www.is.fi\/haku\/?query=Benjamin%20Netanjahu\" rel=\"nofollow noopener\" target=\"_blank\">Benjamin Netanjahu<\/a> keskustelivat puhelimitse Iranin tilanteesta lauantaina. Keskustelussa mukana olleet israelilaisl\u00e4hteet kertoivat uutistoimisto Reutersille, ett\u00e4 Rubio ja Netanjahu olisivat keskustelleet Yhdysvaltain mahdollisesta v\u00e4liintulosta Iranissa.<\/p>\n<p class=\"article-body mb-nof-24 px-nof-16\">L\u00e4hteiden mukaan Israel on sen vuoksi \u201dkorkeassa h\u00e4lytystilassa\u201d. L\u00e4hteet eiv\u00e4t tarkentaneet, mit\u00e4 se k\u00e4yt\u00e4nn\u00f6ss\u00e4 tarkoittaa.<\/p>\n<p class=\"article-body mb-nof-24 px-nof-16\">Yhdysvallat on vahvistanut, ett\u00e4 puhelinkeskustelu on k\u00e4yty, mutta ei ottanut kantaa sen sis\u00e4lt\u00f6\u00f6n.<\/p>\n<p class=\"article-body mb-nof-24 px-nof-16\">Sunnuntaina presidentti <a class=\"font-bold underline-offset-[0.12em] [text-decoration:var(--person-link-text-decoration)] ![text-decoration-color:var(--person-link-text-decoration-color)]\" href=\"https:\/\/www.is.fi\/haku\/?query=Donald%20Trump\" rel=\"nofollow noopener\" target=\"_blank\">Donald Trump<\/a> sanoi toimittajille Air Force One -koneessaan harkitsevansa sotilaallista v\u00e4liintuloa Iranissa, kertovat uutistoimistot ja yhdysvaltalais\u00admediat.<\/p>\n<p class=\"article-body mb-nof-24 px-nof-16\">Kun toimittajat kysyiv\u00e4t, onko Iranin hallinnon vastatoimet protestoijia vastaan ylitt\u00e4neet jo Trumpin aiemmin mainitsemat \u201dpunaiset linjat\u201d, vastasi t\u00e4m\u00e4, ett\u00e4 \u201dalkaa n\u00e4ytt\u00e4m\u00e4\u00e4n silt\u00e4\u201d.<\/p>\n<p class=\"article-body mb-nof-24 px-nof-16\">\u2013 Tarkastelemme t\u00e4t\u00e4 hyvin vakavasti. Armeija pit\u00e4\u00e4 sit\u00e4 silm\u00e4ll\u00e4, ja meill\u00e4 on joitain hyvin voimakkaita vaihtoehtoja. Tulemme tekem\u00e4\u00e4n p\u00e4\u00e4t\u00f6ksen, Trump lis\u00e4si ja kertoi saavansa \u201dtunneittain\u201d tilannetietoja Iranista.<\/p>\n<p class=\"article-body mb-nof-24 px-nof-16\">Yhdysvallat on uhannut hy\u00f6k\u00e4t\u00e4 Iraniin mielenosoittajien surmaamisen vuoksi. Iran on luvannut vastata kostotoimilla hy\u00f6kk\u00e4ykseen.<\/p>\n<p class=\"article-body mb-nof-24 px-nof-16\">Sunnuntaina Norjassa toimiva ihmisoikeusj\u00e4rjest\u00f6 Iran Human Rights (IHR) tuomitsi Iranin viranomaisten teot protesteissa \u201dmassamurhaksi\u201d. J\u00e4rjest\u00f6 kertoo pystyneens\u00e4 vahvistamaan ainakin 192 mielenosoittajan kuoleman mutta huomautti, ett\u00e4 todellinen uhriluku voi olla jo useita satoja tai jopa yli 2\u202f000.<\/p>\n<p class=\"article-body mb-nof-24 px-nof-16\"><a class=\"underline underline-offset-[0.12em] [text-decoration-thickness:var(--generic-link-underline-thickness)] [text-decoration-color:var(--generic-link-underline-color)] [text-decoration-skip-ink:var(--generic-link-underline-skip-ink)] break-words\" href=\"https:\/\/iranhr.net\/en\/articles\/8526\/\" rel=\"nofollow noopener\" target=\"_blank\">J\u00e4rjest\u00f6n lausunnossa<\/a> sanotaan, ett\u00e4 muun muassa internetin sulku on vaikeuttanut tietojen todentamista.<\/p>\n<p class=\"article-body mb-nof-24 px-nof-16\">\u2013 Iran syyllistyy vakavaan kansainv\u00e4liseen rikokseen kansalaisiaan vastaan. Kansainv\u00e4linen yhteis\u00f6 on velvoitettu kansainv\u00e4lisen lain nojalla k\u00e4ytt\u00e4m\u00e4\u00e4n kaikki mahdolliset keinot keskeytt\u00e4\u00e4kseen t\u00e4m\u00e4n rikoksen, j\u00e4rjest\u00f6n johtaja<a class=\"font-bold underline-offset-[0.12em] [text-decoration:var(--person-link-text-decoration)] ![text-decoration-color:var(--person-link-text-decoration-color)]\" href=\"https:\/\/www.is.fi\/haku\/?query=%20Mahmood%20Amiry-Moghaddam\" rel=\"nofollow noopener\" target=\"_blank\"> Mahmood Amiry-Moghaddam <\/a>sanoi.<\/p>\n<p class=\"article-body mb-nof-24 px-nof-16\">J\u00e4rjest\u00f6ll\u00e4 kerrotaan olevan laaja l\u00e4hdeverkosto Iranissa.<\/p>\n<p class=\"article-body mb-nof-24 px-nof-16\">Sen sijaan Yhdysvalloissa toimivan ihmisoikeusj\u00e4rjest\u00f6 HRANA:n viimeisimpien, Iranin sis\u00e4- ja ulkopuolella toimivien aktivistien toimittamien tietojen mukaan j\u00e4rjest\u00f6 on vahvistanut 490 mielenosoittajan ja 48 turvallisuushenkil\u00f6st\u00f6n j\u00e4senen kuoleman.<\/p>\n<p class=\"article-body mb-nof-24 px-nof-16\">Kahden viikon levottomuuksien aikana on pid\u00e4tetty yli 10\u202f600 ihmist\u00e4, kertoo uutistoimisto Reuters.<\/p>\n","protected":false},"excerpt":{"rendered":"Ihmisoikeusj\u00e4rjest\u00f6 kutsuu Iranin toimia \u201dmassamurhaksi\u201d. Artikkelista l\u00f6ytyv\u00e4n videon materiaali saattaa j\u00e4rkytt\u00e4\u00e4. Iranin mielenosoitusten kuolonuhrien lukum\u00e4\u00e4r\u00e4 nousee. Videon materiaali&hellip;\n","protected":false},"author":2,"featured_media":140062,"comment_status":"","ping_status":"","sticky":false,"template":"","format":"standard","meta":{"footnotes":""},"categories":[14],"tags":[22,23,26,27,33,31,30,17,34,24,25,28,29,15,18,21,32,19,20,56,16,59,60,61],"class_list":{"0":"post-140061","1":"post","2":"type-post","3":"status-publish","4":"format-standard","5":"has-post-thumbnail","7":"category-ulkomaat","8":"tag-breaking-news","9":"tag-breakingnews","10":"tag-featured-news","11":"tag-featurednews","12":"tag-fi","13":"tag-finland","14":"tag-finnish","15":"tag-headlines","16":"tag-ilta-sanomat","17":"tag-latest-news","18":"tag-latestnews","19":"tag-main-news","20":"tag-mainnews","21":"tag-news","22":"tag-otsikot","23":"tag-paauutiset","24":"tag-suomi","25":"tag-top-stories","26":"tag-topstories","27":"tag-ulkomaat","28":"tag-uutiset","29":"tag-world","30":"tag-world-news","31":"tag-worldnews"},"share_on_mastodon":{"url":"https:\/\/pubeurope.com\/@fi\/115880102666672376","error":""},"_links":{"self":[{"href":"https:\/\/www.europesays.com\/fi\/wp-json\/wp\/v2\/posts\/140061","targetHints":{"allow":["GET"]}}],"collection":[{"href":"https:\/\/www.europesays.com\/fi\/wp-json\/wp\/v2\/posts"}],"about":[{"href":"https:\/\/www.europesays.com\/fi\/wp-json\/wp\/v2\/types\/post"}],"author":[{"embeddable":true,"href":"https:\/\/www.europesays.com\/fi\/wp-json\/wp\/v2\/users\/2"}],"replies":[{"embeddable":true,"href":"https:\/\/www.europesays.com\/fi\/wp-json\/wp\/v2\/comments?post=140061"}],"version-history":[{"count":0,"href":"https:\/\/www.europesays.com\/fi\/wp-json\/wp\/v2\/posts\/140061\/revisions"}],"wp:featuredmedia":[{"embeddable":true,"href":"https:\/\/www.europesays.com\/fi\/wp-json\/wp\/v2\/media\/140062"}],"wp:attachment":[{"href":"https:\/\/www.europesays.com\/fi\/wp-json\/wp\/v2\/media?parent=140061"}],"wp:term":[{"taxonomy":"category","embeddable":true,"href":"https:\/\/www.europesays.com\/fi\/wp-json\/wp\/v2\/categories?post=140061"},{"taxonomy":"post_tag","embeddable":true,"href":"https:\/\/www.europesays.com\/fi\/wp-json\/wp\/v2\/tags?post=140061"}],"curies":[{"name":"wp","href":"https:\/\/api.w.org\/{rel}","templated":true}]}}