{"id":140074,"date":"2026-01-12T04:18:09","date_gmt":"2026-01-12T04:18:09","guid":{"rendered":"https:\/\/www.europesays.com\/fi\/140074\/"},"modified":"2026-01-12T04:18:09","modified_gmt":"2026-01-12T04:18:09","slug":"nato-joukkojen-lahettamista-gronlantiin-valmistellaan","status":"publish","type":"post","link":"https:\/\/www.europesays.com\/fi\/140074\/","title":{"rendered":"Nato joukkojen l\u00e4hett\u00e4mist\u00e4 Gr\u00f6nlantiin valmistellaan"},"content":{"rendered":"<p>Joukkojen l\u00e4hett\u00e4misell\u00e4 tavoitellaan sit\u00e4, ett\u00e4 Trump luopuisi aikeistaan liitt\u00e4\u00e4 Gr\u00f6nlanti osaksi Yhdysvaltoja. Ruotsin ulkoministerin mukaan nyt ollaan kansainv\u00e4lisen oikeuden tienristeyksess\u00e4.<\/p>\n<p>11.1. 21:57<\/p>\n<p class=\"article-body mb-nof-24 px-nof-16\">Britannia neuvottelee eurooppalaisten liittolaistensa kanssa joukkojen l\u00e4hett\u00e4misest\u00e4 Gr\u00f6nlantiin. Asiasta kertoo brittilehti <a class=\"underline underline-offset-[0.12em] [text-decoration-thickness:var(--generic-link-underline-thickness)] [text-decoration-color:var(--generic-link-underline-color)] [text-decoration-skip-ink:var(--generic-link-underline-skip-ink)] break-words\" href=\"https:\/\/www.telegraph.co.uk\/news\/2026\/01\/10\/starmer-could-send-troops-to-greenland-after-trump-threats\/\" rel=\"nofollow noopener\" target=\"_blank\">The Telegraph<\/a> l\u00e4hteisiins\u00e4 nojaten.<\/p>\n<p class=\"article-body mb-nof-24 px-nof-16\">Lehden mukaan suunnitelmana on, ett\u00e4 Britannia voisi l\u00e4hett\u00e4\u00e4 joukkojaan, sotalaivojaan ja lentokoneitaan Gr\u00f6nlantiin turvaamaan arktista aluetta Yhdysvaltain presidentti <a class=\"font-bold underline-offset-[0.12em] [text-decoration:var(--person-link-text-decoration)] ![text-decoration-color:var(--person-link-text-decoration-color)]\" href=\"https:\/\/www.aamulehti.fi\/haku\/?query=Donald%20Trumpin\" rel=\"nofollow noopener\" target=\"_blank\">Donald Trumpin<\/a> hallinnon aikana.<\/p>\n<p class=\"article-body mb-nof-24 px-nof-16\">Kyse on mahdollisesta Nato-operaatiosta. Sen tarkoituksena olisi suojella Gr\u00f6nlantia Ven\u00e4j\u00e4lt\u00e4 ja Kiinalta.<\/p>\n<p class=\"article-body mb-nof-24 px-nof-16\">Britannian viranomaiset ovat tavanneet viime p\u00e4ivin\u00e4 ainakin Saksan ja Ranskan viranomaisia asian tiimoilta. Mahdollisen operaation suunnittelu on kuitenkin vasta alkuvaiheessa.<\/p>\n<p class=\"article-body mb-nof-24 px-nof-16\">Lis\u00e4\u00e4m\u00e4ll\u00e4 joukkojaan arktiselle alueelle maat toivovat, ett\u00e4 Trump luopuisi aikeistaan ottaa Gr\u00f6nlanti haltuunsa, The Telegraph kirjoittaa.<\/p>\n<p class=\"article-body mb-nof-24 px-nof-16\">Telegraphin tietojen mukaan Euroopan unioni valmistelee my\u00f6s sanktioita yhdysvaltalaisille yrityksille silt\u00e4 varalta, jos Trump hylk\u00e4\u00e4 Naton ehdotuksen joukkojen l\u00e4hett\u00e4misest\u00e4.<\/p>\n<p class=\"article-body mb-nof-24 px-nof-16\">Trump on viime aikoina vaatinut toistuvasti, ett\u00e4 Gr\u00f6nlanti tulisi liitt\u00e4\u00e4 osaksi Yhdysvaltoja maan turvallisuuden vuoksi.<\/p>\n<p class=\"article-body mb-nof-24 px-nof-16\">Valkoinen talo on keskustellut aktiivisesti Gr\u00f6nlannin mahdollisesta ostamisesta. Trump ei ole sulkenut pois sotilaallisenkaan voiman k\u00e4ytt\u00f6\u00e4.<\/p>\n<p><img decoding=\"async\" src=\"https:\/\/www.europesays.com\/fi\/wp-content\/uploads\/2026\/01\/1768191489_748_468.jpg\" alt=\"Gr\u00f6nlanti on ollut viime aikoina j\u00e4lleen Donald Trumpin huomion kohteena. Kuvassa Gr\u00f6nlannin parlamenttitalo.\" class=\"_Img_1rerz_1\" style=\"aspect-ratio:1.5828524319868096\" loading=\"eager\"\/><\/p>\n<p class=\"article-picture-caption\">Gr\u00f6nlanti on ollut viime aikoina j\u00e4lleen Donald Trumpin huomion kohteena. Kuvassa Gr\u00f6nlannin parlamenttitalo. Kuva:\u00a0Leonhard Foeger \/ Reuters<\/p>\n<p>Ruotsin ulkoministeri varoittaa<\/p>\n<p class=\"article-body mb-nof-24 px-nof-16\">Ruotsin ulkoministeri <a class=\"font-bold underline-offset-[0.12em] [text-decoration:var(--person-link-text-decoration)] ![text-decoration-color:var(--person-link-text-decoration-color)]\" href=\"https:\/\/www.aamulehti.fi\/haku\/?query=Maria%20Malmer%20Stenergard\" rel=\"nofollow noopener\" target=\"_blank\">Maria Malmer Stenergard<\/a> varoittaa, ett\u00e4 Yhdysvaltain presidentti<a class=\"font-bold underline-offset-[0.12em] [text-decoration:var(--person-link-text-decoration)] ![text-decoration-color:var(--person-link-text-decoration-color)]\" href=\"https:\/\/www.aamulehti.fi\/haku\/?query=%20Donald%20Trumpin\" rel=\"nofollow noopener\" target=\"_blank\"> Donald Trumpin<\/a> viime p\u00e4ivin\u00e4 kiihtyneet puheet Gr\u00f6nlannin haltuunotosta on otettava vakavasti, <a class=\"underline underline-offset-[0.12em] [text-decoration-thickness:var(--generic-link-underline-thickness)] [text-decoration-color:var(--generic-link-underline-color)] [text-decoration-skip-ink:var(--generic-link-underline-skip-ink)] break-words\" href=\"https:\/\/www.aftonbladet.se\/nyheter\/a\/GxaQg4\/maria-malmer-stenergard-om-gronland-usa-beredda-pa-att-agera\" rel=\"nofollow noopener\" target=\"_blank\">kertoo Aftonbladet.<\/a><\/p>\n<p class=\"article-body mb-nof-24 px-nof-16\">\u201dRetoriikka on nyt eskaloitunut entist\u00e4 enemm\u00e4n, ja otan t\u00e4m\u00e4n hyvin vakavasti\u201d, Malmer Stenegard kertoi.<\/p>\n<p class=\"article-body mb-nof-24 px-nof-16\">Venezuelan presidentin <a class=\"font-bold underline-offset-[0.12em] [text-decoration:var(--person-link-text-decoration)] ![text-decoration-color:var(--person-link-text-decoration-color)]\" href=\"https:\/\/www.aamulehti.fi\/haku\/?query=Nicolas%20Maduron\" rel=\"nofollow noopener\" target=\"_blank\">Nicolas Maduron <\/a>sotilaallinen kaappaus oli ulkoministerin mukaan k\u00e4\u00e4nnekohta, jossa Trumpin sanomisiin ei voi suhtautua vain puheena vaan on ymm\u00e4rrett\u00e4v\u00e4, ett\u00e4 Yhdysvallat on valmis toimiin nopeallakin aikataululla.<\/p>\n<p class=\"article-body mb-nof-24 px-nof-16\">\u201dN\u00e4emme, ett\u00e4 he ovat valmiita toimimaan nopeasti, ja n\u00e4imme sen Venezuelassa. T\u00e4m\u00e4 tarkoittaa, ett\u00e4 heid\u00e4n sanomisiaan on otettava vakavasti ja toimittava sen varmistamiseksi, ett\u00e4 lopputulos on meid\u00e4n etujemme mukainen.\u201d<\/p>\n<p class=\"article-body mb-nof-24 px-nof-16\">Malmer Stenergard sanoo, ett\u00e4 Trumpin hallinto toimi Venezuelassa kansainv\u00e4lisen oikeuden vastaisesti.<\/p>\n<p class=\"article-body mb-nof-24 px-nof-16\">\u201dNyt sanoisin, ett\u00e4 olemme tienristeyksess\u00e4, jossa meid\u00e4n on p\u00e4\u00e4tett\u00e4v\u00e4, jatkammeko kansainv\u00e4lisen oikeuden puolustamista, mik\u00e4 mielest\u00e4ni on oikea ratkaisu. Vai avaudummeko jollekin muulle, jota pid\u00e4n paljon vaarallisempana, jossa juuri suuret ja vahvat valtiot voivat hy\u00f6ty\u00e4 pienempien maiden kustannuksella.\u201d<\/p>\n<p class=\"article-body mb-nof-24 px-nof-16\">Trump totesi lauantain vastaisena y\u00f6n\u00e4 Suomen aikaa, ett\u00e4 Yhdysvaltojen on saatava Gr\u00f6nlanti, koska muuten Ven\u00e4j\u00e4 tai Kiina miehitt\u00e4\u00e4 sen. Asiasta kertoo muun muassa uutistoimisto Reuters.<\/p>\n<p class=\"article-body mb-nof-24 px-nof-16\">\u201dAiomme tehd\u00e4 jotain Gr\u00f6nlannille, halusivatpa he sit\u00e4 tai eiv\u00e4t\u201d, Trump sanoi toimittajille Valkoisessa talossa pit\u00e4m\u00e4ss\u00e4\u00e4n tilaisuudessa.<\/p>\n<p class=\"article-body mb-nof-24 px-nof-16\">Gr\u00f6nlanti on vastannut itsehallintoalueen puolueiden yhteislausunnolla vaativansa, ett\u00e4 Yhdysvallat lopettaisi uhittelunsa.<\/p>\n<p class=\"article-body mb-nof-24 px-nof-16\">\u201dEmme halua olla amerikkalaisia, emme halua olla tanskalaisia, haluamme olla gr\u00f6nlantilaisia\u201d, lausunnossa sanotaan.<\/p>\n","protected":false},"excerpt":{"rendered":"Joukkojen l\u00e4hett\u00e4misell\u00e4 tavoitellaan sit\u00e4, ett\u00e4 Trump luopuisi aikeistaan liitt\u00e4\u00e4 Gr\u00f6nlanti osaksi Yhdysvaltoja. Ruotsin ulkoministerin mukaan nyt ollaan kansainv\u00e4lisen&hellip;\n","protected":false},"author":2,"featured_media":140075,"comment_status":"","ping_status":"","sticky":false,"template":"","format":"standard","meta":{"footnotes":""},"categories":[14],"tags":[157,22,23,26,27,33,31,30,17,24,25,28,29,15,18,21,32,19,20,56,16,59,60,61],"class_list":{"0":"post-140074","1":"post","2":"type-post","3":"status-publish","4":"format-standard","5":"has-post-thumbnail","7":"category-ulkomaat","8":"tag-aamulehti","9":"tag-breaking-news","10":"tag-breakingnews","11":"tag-featured-news","12":"tag-featurednews","13":"tag-fi","14":"tag-finland","15":"tag-finnish","16":"tag-headlines","17":"tag-latest-news","18":"tag-latestnews","19":"tag-main-news","20":"tag-mainnews","21":"tag-news","22":"tag-otsikot","23":"tag-paauutiset","24":"tag-suomi","25":"tag-top-stories","26":"tag-topstories","27":"tag-ulkomaat","28":"tag-uutiset","29":"tag-world","30":"tag-world-news","31":"tag-worldnews"},"share_on_mastodon":{"url":"https:\/\/pubeurope.com\/@fi\/115880204930695356","error":""},"_links":{"self":[{"href":"https:\/\/www.europesays.com\/fi\/wp-json\/wp\/v2\/posts\/140074","targetHints":{"allow":["GET"]}}],"collection":[{"href":"https:\/\/www.europesays.com\/fi\/wp-json\/wp\/v2\/posts"}],"about":[{"href":"https:\/\/www.europesays.com\/fi\/wp-json\/wp\/v2\/types\/post"}],"author":[{"embeddable":true,"href":"https:\/\/www.europesays.com\/fi\/wp-json\/wp\/v2\/users\/2"}],"replies":[{"embeddable":true,"href":"https:\/\/www.europesays.com\/fi\/wp-json\/wp\/v2\/comments?post=140074"}],"version-history":[{"count":0,"href":"https:\/\/www.europesays.com\/fi\/wp-json\/wp\/v2\/posts\/140074\/revisions"}],"wp:featuredmedia":[{"embeddable":true,"href":"https:\/\/www.europesays.com\/fi\/wp-json\/wp\/v2\/media\/140075"}],"wp:attachment":[{"href":"https:\/\/www.europesays.com\/fi\/wp-json\/wp\/v2\/media?parent=140074"}],"wp:term":[{"taxonomy":"category","embeddable":true,"href":"https:\/\/www.europesays.com\/fi\/wp-json\/wp\/v2\/categories?post=140074"},{"taxonomy":"post_tag","embeddable":true,"href":"https:\/\/www.europesays.com\/fi\/wp-json\/wp\/v2\/tags?post=140074"}],"curies":[{"name":"wp","href":"https:\/\/api.w.org\/{rel}","templated":true}]}}