{"id":140079,"date":"2026-01-12T04:21:06","date_gmt":"2026-01-12T04:21:06","guid":{"rendered":"https:\/\/www.europesays.com\/fi\/140079\/"},"modified":"2026-01-12T04:21:06","modified_gmt":"2026-01-12T04:21:06","slug":"susilauma-paasee-metsastamaan-savitaipaleella-katulamppujen-loisteessa-paimensaaressa-valtellaan-jo-ulkoilua-pimealla-paikalliset","status":"publish","type":"post","link":"https:\/\/www.europesays.com\/fi\/140079\/","title":{"rendered":"Susilauma p\u00e4\u00e4see mets\u00e4st\u00e4m\u00e4\u00e4n Savitaipaleella katulamppujen loisteessa\u2009\u2013\u2009Paimensaaressa v\u00e4ltell\u00e4\u00e4n jo ulkoilua pime\u00e4ll\u00e4 | Paikalliset"},"content":{"rendered":"<p>Luonnonsuojeluaktiivi miettii, miten ongelma pit\u00e4isi ratkaista. Taajamasusien karkotuslupaa on anottu poliisilta monta kertaa.<\/p>\n<p>Puhdas lumikerros peitt\u00e4\u00e4 kamppailun j\u00e4ljet Savitaipaleen Paimensaaressa. Mist\u00e4\u00e4n ei huomaa, ett\u00e4 pari y\u00f6t\u00e4 aikaisemmin susilauma tappoi ja s\u00f6i mets\u00e4kauriin aivan valaistun Paimensaarentien tuntumassa.<\/p>\n<p>Sudet eiv\u00e4t mets\u00e4st\u00e4neet taajama-alueella ensimm\u00e4ist\u00e4 kertaa. Viime kev\u00e4\u00e4n\u00e4 ne tappoivat valkoh\u00e4nt\u00e4peuran j\u00e4\u00e4ll\u00e4 Paimensaaren edustalla, ja niist\u00e4 on tehty useita n\u00e4k\u00f6havaintoja vuodenvaihteen kummallakin puolen.<\/p>\n<p>Paimensaaressa asuva <strong>Tuure Puonti<\/strong> p\u00e4\u00e4si tiet\u00e4m\u00e4tt\u00e4\u00e4n l\u00e4helle sutta vuoden ensimm\u00e4isen\u00e4 lauantaina. Puonti saunoi silloin rantasaunassaan, ja j\u00e4lkien perusteella susi oli katsellut h\u00e4nt\u00e4 ikkunan l\u00e4pi nelj\u00e4n metrin p\u00e4\u00e4st\u00e4.<\/p>\n<p>\u2013\u2009Ne eiv\u00e4t lainkaan en\u00e4\u00e4 pelk\u00e4\u00e4 ihmisi\u00e4, Puonti arvioi.<\/p>\n","protected":false},"excerpt":{"rendered":"Luonnonsuojeluaktiivi miettii, miten ongelma pit\u00e4isi ratkaista. Taajamasusien karkotuslupaa on anottu poliisilta monta kertaa. Puhdas lumikerros peitt\u00e4\u00e4 kamppailun j\u00e4ljet&hellip;\n","protected":false},"author":2,"featured_media":140080,"comment_status":"","ping_status":"","sticky":false,"template":"","format":"standard","meta":{"footnotes":"","_share_on_mastodon":"0"},"categories":[117],"tags":[404,33,31,30,4508,72,476,24241,24242,19635,118,591,32,3666,119,477],"class_list":["post-140079","post","type-post","status-publish","format-standard","has-post-thumbnail","category-luonto","tag-elaimet","tag-fi","tag-finland","tag-finnish","tag-lappeenrannan-seutukunta","tag-luonto","tag-nature","tag-paimensaari","tag-rantasauna","tag-savitaipale","tag-science","tag-selkarankaiset","tag-suomi","tag-taipalsaari","tag-tiede","tag-wildlife"],"share_on_mastodon":{"url":"https:\/\/pubeurope.com\/@fi\/115880216629640646","error":""},"_links":{"self":[{"href":"https:\/\/www.europesays.com\/fi\/wp-json\/wp\/v2\/posts\/140079","targetHints":{"allow":["GET"]}}],"collection":[{"href":"https:\/\/www.europesays.com\/fi\/wp-json\/wp\/v2\/posts"}],"about":[{"href":"https:\/\/www.europesays.com\/fi\/wp-json\/wp\/v2\/types\/post"}],"author":[{"embeddable":true,"href":"https:\/\/www.europesays.com\/fi\/wp-json\/wp\/v2\/users\/2"}],"replies":[{"embeddable":true,"href":"https:\/\/www.europesays.com\/fi\/wp-json\/wp\/v2\/comments?post=140079"}],"version-history":[{"count":0,"href":"https:\/\/www.europesays.com\/fi\/wp-json\/wp\/v2\/posts\/140079\/revisions"}],"wp:featuredmedia":[{"embeddable":true,"href":"https:\/\/www.europesays.com\/fi\/wp-json\/wp\/v2\/media\/140080"}],"wp:attachment":[{"href":"https:\/\/www.europesays.com\/fi\/wp-json\/wp\/v2\/media?parent=140079"}],"wp:term":[{"taxonomy":"category","embeddable":true,"href":"https:\/\/www.europesays.com\/fi\/wp-json\/wp\/v2\/categories?post=140079"},{"taxonomy":"post_tag","embeddable":true,"href":"https:\/\/www.europesays.com\/fi\/wp-json\/wp\/v2\/tags?post=140079"}],"curies":[{"name":"wp","href":"https:\/\/api.w.org\/{rel}","templated":true}]}}