{"id":140101,"date":"2026-01-12T05:05:08","date_gmt":"2026-01-12T05:05:08","guid":{"rendered":"https:\/\/www.europesays.com\/fi\/140101\/"},"modified":"2026-01-12T05:05:08","modified_gmt":"2026-01-12T05:05:08","slug":"adelaide-mtv-katsomo","status":"publish","type":"post","link":"https:\/\/www.europesays.com\/fi\/140101\/","title":{"rendered":"Adelaide &#8211; MTV Katsomo"},"content":{"rendered":"<ol>\n<li><a href=\"https:\/\/news.google.com\/rss\/articles\/CBMiZ0FVX3lxTE9MaWM2UHUyOVpmTUlBWm9qMEoxRW9KTmFZYmkxTkNJaldpOEE0QUs1R1ZaMlRCWUlzRWpoVmhOeEozenQzUzdvclJCcDFtY01UamE0X2s1eWZGMlYySmhnWVRkYWhyZU0?oc=5\" target=\"_blank\" rel=\"nofollow noopener\">Adelaide<\/a>&nbsp;&nbsp;MTV Katsomo<\/li>\n<li><a href=\"https:\/\/news.google.com\/rss\/articles\/CBMi0gFBVV95cUxOSUdWaF9BRm15bEFVckdkWTZwcTNnNURJR040bDRkaG5KM3VyY21SX3VIeVdqX3ZhMXRvMWJpQ2VwSW9pRllqamtfYXN5eDdhcjFvOWdFNEhucF9sa1dXa1F2VXd2SWdxT2dZYmJhSXpUb0hWSkFFNXMtQ21oenBhVE9ITTdxbHBkaERCZEN2RHMtRGdqcF9veWtNNTBlV3M2R1FyOXRCRjUzYnk2M3hxbnU5SGQ1WnpOaDBSaEM0Y1VoYzM5c1U0UGRWaXhZZnc3anc?oc=5\" target=\"_blank\" rel=\"nofollow noopener\">SM-liigaan on noussut rymin\u00e4ll\u00e4 harvinainen nuorukainen: &#8221;Saunan takana jutellaan, jos on asiaa&#8221;<\/a>&nbsp;&nbsp;mtvuutiset.fi<\/li>\n<li><a href=\"https:\/\/news.google.com\/rss\/articles\/CBMickFVX3lxTE9ubUJhVEdhVFljTnBHaTFiZlhXcFRQcHoxYk5nTmlNQ0UtTkw4Z0NtUkxKOVJBSTIzaGpVeU1CVnF6UzdjejQ3RFVPbURvMW0wd0E2aHZpMnlKdWRtbXB3MGVSWGphdGluN3IySUNTTV9vdw?oc=5\" target=\"_blank\" rel=\"nofollow noopener\">AS Roma &#8211; Sassuolo<\/a>&nbsp;&nbsp;MTV Katsomo<\/li>\n<li><a href=\"https:\/\/news.google.com\/rss\/articles\/CBMi4AFBVV95cUxQWGZQcFpSZ1RxYUNTT0VqOU9OY2tDNjFRaUdObnRjZWl0ODc4V1l0OE5xa183Zk5ubnIwLWxRc3psZ29PR2FORjFDWXVhWVVHVGZPc05Bc1ctYVp4UmZ3NlIxR05tby1rRTNoRVFiTHY1RlN4cW1YMmRJYUxsa3dSLXY4OGw5OFhlaEV3Z3B1M21kVmJFVHA4Z1BvY0NPakY3bHowYUZudlJwS3NJZ2llQ2FCVzlLNWE0NTZURl9CSTFLUW1vOUF1MzBIdXNya0NacDg2UW1CZmhBSy1QdzVEbA?oc=5\" target=\"_blank\" rel=\"nofollow noopener\">Kannattaako aurinkopaneeleja en\u00e4\u00e4 hankkia taloyhti\u00f6n katolle? N\u00e4in niist\u00e4 saa parhaimman hy\u00f6dyn<\/a>&nbsp;&nbsp;MTV Katsomo<\/li>\n<li><a href=\"https:\/\/news.google.com\/rss\/articles\/CBMipgFBVV95cUxNeklJaldPX0ZBMTBnQWdld3pTc3FGLUFTVW5yYVJ4eVV1Z1N6ZXp2TnMyX1hueW9RdENGOGRrQ0JoY3J3cUNTMTE4NGIyTVFvejdOTVg4U0ozTVdnY01DNk4zWnJ6UWZOSk52NUtfWWVDZVhhMU5nd1k4czV0dzhwNXJIM1BxUEtWeFBBN3dlSGJNdF9qNDhFaG9XY3U5dVJkNGEzLTZ3?oc=5\" target=\"_blank\" rel=\"nofollow noopener\">Parkkimaksut yleistyv\u00e4t \u2013 n\u00e4in v\u00e4ltyt virhemaksuilta 7 min 5 s<\/a>&nbsp;&nbsp;MTV Katsomo<\/li>\n<\/ol>\n","protected":false},"excerpt":{"rendered":"Adelaide&nbsp;&nbsp;MTV Katsomo SM-liigaan on noussut rymin\u00e4ll\u00e4 harvinainen nuorukainen: &#8221;Saunan takana jutellaan, jos on asiaa&#8221;&nbsp;&nbsp;mtvuutiset.fi AS Roma &#8211; Sassuolo&nbsp;&nbsp;MTV&hellip;\n","protected":false},"author":2,"featured_media":140102,"comment_status":"","ping_status":"","sticky":false,"template":"","format":"standard","meta":{"footnotes":""},"categories":[158],"tags":[33,31,30,159,32,160],"class_list":{"0":"post-140101","1":"post","2":"type-post","3":"status-publish","4":"format-standard","5":"has-post-thumbnail","7":"category-urheilu","8":"tag-fi","9":"tag-finland","10":"tag-finnish","11":"tag-sports","12":"tag-suomi","13":"tag-urheilu"},"share_on_mastodon":{"url":"https:\/\/pubeurope.com\/@fi\/115880389739233167","error":""},"_links":{"self":[{"href":"https:\/\/www.europesays.com\/fi\/wp-json\/wp\/v2\/posts\/140101","targetHints":{"allow":["GET"]}}],"collection":[{"href":"https:\/\/www.europesays.com\/fi\/wp-json\/wp\/v2\/posts"}],"about":[{"href":"https:\/\/www.europesays.com\/fi\/wp-json\/wp\/v2\/types\/post"}],"author":[{"embeddable":true,"href":"https:\/\/www.europesays.com\/fi\/wp-json\/wp\/v2\/users\/2"}],"replies":[{"embeddable":true,"href":"https:\/\/www.europesays.com\/fi\/wp-json\/wp\/v2\/comments?post=140101"}],"version-history":[{"count":0,"href":"https:\/\/www.europesays.com\/fi\/wp-json\/wp\/v2\/posts\/140101\/revisions"}],"wp:featuredmedia":[{"embeddable":true,"href":"https:\/\/www.europesays.com\/fi\/wp-json\/wp\/v2\/media\/140102"}],"wp:attachment":[{"href":"https:\/\/www.europesays.com\/fi\/wp-json\/wp\/v2\/media?parent=140101"}],"wp:term":[{"taxonomy":"category","embeddable":true,"href":"https:\/\/www.europesays.com\/fi\/wp-json\/wp\/v2\/categories?post=140101"},{"taxonomy":"post_tag","embeddable":true,"href":"https:\/\/www.europesays.com\/fi\/wp-json\/wp\/v2\/tags?post=140101"}],"curies":[{"name":"wp","href":"https:\/\/api.w.org\/{rel}","templated":true}]}}