{"id":140115,"date":"2026-01-12T05:24:17","date_gmt":"2026-01-12T05:24:17","guid":{"rendered":"https:\/\/www.europesays.com\/fi\/140115\/"},"modified":"2026-01-12T05:24:17","modified_gmt":"2026-01-12T05:24:17","slug":"nayttelija-essi-hellen-sai-aikuisena-adhd-diagnoosin","status":"publish","type":"post","link":"https:\/\/www.europesays.com\/fi\/140115\/","title":{"rendered":"N\u00e4yttelij\u00e4 Essi Hell\u00e9n sai aikuisena ADHD-diagnoosin"},"content":{"rendered":"<p><strong class=\"typography-bold\">Supermarsu-elokuvasta tuttu Essi Hell\u00e9n sai aikuisena ADHD-diagnoosin. Sen j\u00e4lkeen moni asia loksahti paikoilleen.<\/strong><\/p>\n<p>Huomenta Suomi -ohjelmassa vierailleet n\u00e4yttelij\u00e4 <strong class=\"typography-bold\">Essi Hell\u00e9n<\/strong> ja h\u00e4nen tytt\u00e4rens\u00e4 <strong class=\"typography-bold\">Siiri Virtanen<\/strong> n\u00e4yttelev\u00e4t yhdess\u00e4 uunituoreessa Supermarsu ja suuri huijaus -elokuvassa.<\/p>\n<p>Vasta 12-vuotias n\u00e4yttelij\u00e4nalku Siiri kertoo olleensa tyytyv\u00e4inen, ett\u00e4 \u00e4idilt\u00e4 ei tullut h\u00e4nelle liikaa ohjeita kameran edess\u00e4 ty\u00f6skentelyyn.<\/p>\n<p>\u2013 Se (ohjeistaminen) j\u00e4tettiin kyll\u00e4 ohjaajille, mik\u00e4 oli ihan kiva. Kun on oma \u00e4iti, niin ehk\u00e4 v\u00e4h\u00e4n alkaisi \u00e4rsytt\u00e4m\u00e4\u00e4n, jos hirve\u00e4sti antaisi ohjeita, Virtanen sanoo.<\/p>\n<p>N\u00e4yttelij\u00e4n ty\u00f6 vaikuttaa kuitenkin vieneen tyt\u00f6n syd\u00e4men. Virtasen mukaan \u00e4idin l\u00e4sn\u00e4olo lis\u00e4si turvallisuuden tunnetta ja ty\u00f6rauhaa.<\/p>\n<p>\u2013 Se oli tosi kivaa n\u00e4ytell\u00e4 ja kyll\u00e4 m\u00e4 haluaisin sit\u00e4 jatkaa. Ainakin nyt ajattelen, ett\u00e4 haluaisin hakea n\u00e4yttelij\u00e4korkeakouluun isompana.<\/p>\n<p><strong class=\"typography-bold\">Helpottava diagnoosi<\/strong><\/p>\n<p>\u00c4iti Essi Hell\u00e9n kertoo itse unelmoineensa n\u00e4yttelij\u00e4n roolista jo 8-vuotiaasta asti. H\u00e4nen mukaansa koko nuoruus kulki eteenp\u00e4in unelman ehdoilla.<\/p>\n<p>\u2013 Tein kaikkeni, ett\u00e4 minusta tulee n\u00e4yttelij\u00e4. Yli 20 vuotta oli vain n\u00e4ytteleminen ja n\u00e4ytteleminen. Sitten alkoi tulla sellainen olo, ett\u00e4 nytk\u00f6 min\u00e4 vaan toistan ja toistan t\u00e4t\u00e4.<\/p>\n<p>Hell\u00e9n halusi enemm\u00e4n vaikutusvaltaa ja p\u00e4\u00e4tyi lopulta tuottajaksi. Sit\u00e4 kautta h\u00e4n tunsi olonsa vapautuneemmaksi.<\/p>\n<p>Vuosi 2023 toi mukanaan yll\u00e4tt\u00e4v\u00e4n, mutta iloisen uutisen. Hell\u00e9n sai nimitt\u00e4in ADHD-diagnoosin. Moni asia loksahteli vihdoin paikalleen sen my\u00f6t\u00e4.<\/p>\n<p>\u2013 Kun sain sen diagnoosin, olin hurmiossa. Mulla oikeasti on t\u00e4m\u00e4 ja en ole keksinyt sit\u00e4.<\/p>\n<p>Vasta j\u00e4lkeenp\u00e4in Hell\u00e9n, 37, kertoo tunteneensa surua ja vihaa. H\u00e4n toteaa ihmetelleens\u00e4, miten on mahdollista, ett\u00e4 diagnoosi tulee vasta 35-vuotiaana.<\/p>\n<p>\u2013 ADHD:ta ei voi erottaa minusta. En pysty ajatella, ett\u00e4 mik\u00e4 osa minua on ilman ADHD:ta ja mik\u00e4 ei, koska se on min\u00e4.<\/p>\n<p>Hell\u00e9nin mukaan diagnoosin saamisessa t\u00e4rkeint\u00e4 on ollut itsetutkiskelu ja sen tuomat oivallukset omasta tekemisest\u00e4\u00e4n.<\/p>\n<p>9:24<img alt=\"Essi Hell\u00e9n sai Supermarsu-elokuvassa tytt\u00e4ren rooliin oman Siiri-tytt\u00f6ns\u00e4\" data-testid=\"web-player-broker-image\" data-sentry-element=\"Image\" data-sentry-source-file=\"NextImage.tsx\" fetchpriority=\"low\" loading=\"lazy\" decoding=\"async\" data-nimg=\"fill\" class=\"transition duration-700 ease-in-out hover:scale-[1.05]\" style=\"position:absolute;height:100%;width:100%;left:0;top:0;right:0;bottom:0;color:transparent;background-size:cover;background-position:50% 50%;background-repeat:no-repeat;background-image:url(&quot;data:image\/svg+xml;base64,Cjxzdmcgd2lkdGg9IjcyMCIgaGVpZ2h0PSI0MDUiIHZlcnNpb249IjEuMSIgeG1sbnM9Imh0dHA6Ly93d3cudzMub3JnLzIwMDAvc3ZnIiB4bWxuczp4bGluaz0iaHR0cDovL3d3dy53My5vcmcvMTk5OS94bGluayI+CiAgPGRlZnM+CiAgICA8bGluZWFyR3JhZGllbnQgaWQ9ImciPgogICAgICA8c3RvcCBzdG9wLWNvbG9yPSIjMEIxODIzIiBvZmZzZXQ9IjIwJSIgLz4KICAgICAgPHN0b3Agc3RvcC1jb2xvcj0iIzFBMjczMiIgb2Zmc2V0PSI1MCUiIC8+CiAgICAgIDxzdG9wIHN0b3AtY29sb3I9IiMwQjE4MjMiIG9mZnNldD0iNzAlIiAvPgogICAgPC9saW5lYXJHcmFkaWVudD4KICA8L2RlZnM+CiAgPHJlY3Qgd2lkdGg9IjcyMCIgaGVpZ2h0PSI0MDUiIGZpbGw9IiMwQjE4MjMiIC8+CiAgPHJlY3QgaWQ9InIiIHdpZHRoPSI3MjAiIGhlaWdodD0iNDA1IiBmaWxsPSJ1cmwoI2cpIiAvPgogIDxhbmltYXRlIHhsaW5rOmhyZWY9IiNyIiBhdHRyaWJ1dGVOYW1lPSJ4IiBmcm9tPSItNzIwIiB0bz0iNzIwIiBkdXI9IjFzIiByZXBlYXRDb3VudD0iaW5kZWZpbml0ZSIgIC8+Cjwvc3ZnPg==&quot;)\"   src=\"https:\/\/www.europesays.com\/fi\/wp-content\/uploads\/2026\/01\/1768195457_217_imageproxy.a2d.tv.jpeg\"\/>Katso Hell\u00e9nin ja Virtasen yhteishaastattelu.<\/p>\n<p><strong class=\"typography-bold\">Lue my\u00f6s:\u00a0<\/strong><a class=\"cursor-pointer underline\" data-testid=\"internal-link\" role=\"link\" data-sentry-element=\"Link\" data-sentry-component=\"InternalLink\" data-sentry-source-file=\"InternalLink.tsx\" href=\"https:\/\/www.mtvuutiset.fi\/artikkeli\/marko-hietala-luuli-olevansa-mulkero-ja-paha-ihminen-sitten-vuosikausia-kestanyt-pala-olo-selittyi-mutta-ensin-oli-tehtava-raskas-paatos\/9218398\" rel=\"nofollow noopener\" target=\"_blank\"><strong class=\"typography-bold\">Marko Hietala luuli olevansa &#8221;mulkero ja paha ihminen&#8221; \u2013 sitten tuli selitys<\/strong><\/a><a class=\"cursor-pointer underline\" data-testid=\"internal-link\" role=\"link\" data-sentry-element=\"Link\" data-sentry-component=\"InternalLink\" data-sentry-source-file=\"InternalLink.tsx\" href=\"https:\/\/www.mtvuutiset.fi\/artikkeli\/sexmane-sai-hiljattain-adhd-diagnoosin-se-nakyy-minussa-nykyisin-enemman-rikkautena\/9046880\" rel=\"nofollow noopener\" target=\"_blank\"><strong class=\"typography-bold\">Sexmane sai hiljattain ADHD-diagnoosin: &#8221;Se n\u00e4kyy minussa nykyisin enemm\u00e4n rikkautena&#8221;<\/strong><\/a><\/p>\n","protected":false},"excerpt":{"rendered":"Supermarsu-elokuvasta tuttu Essi Hell\u00e9n sai aikuisena ADHD-diagnoosin. Sen j\u00e4lkeen moni asia loksahti paikoilleen. Huomenta Suomi -ohjelmassa vierailleet n\u00e4yttelij\u00e4&hellip;\n","protected":false},"author":2,"featured_media":140116,"comment_status":"","ping_status":"","sticky":false,"template":"","format":"standard","meta":{"footnotes":""},"categories":[136],"tags":[407,137,33,31,30,408,32,109],"class_list":{"0":"post-140115","1":"post","2":"type-post","3":"status-publish","4":"format-standard","5":"has-post-thumbnail","7":"category-julkkikset","8":"tag-celebrities","9":"tag-entertainment","10":"tag-fi","11":"tag-finland","12":"tag-finnish","13":"tag-julkkikset","14":"tag-suomi","15":"tag-viihde"},"share_on_mastodon":{"url":"https:\/\/pubeurope.com\/@fi\/115880464365855268","error":""},"_links":{"self":[{"href":"https:\/\/www.europesays.com\/fi\/wp-json\/wp\/v2\/posts\/140115","targetHints":{"allow":["GET"]}}],"collection":[{"href":"https:\/\/www.europesays.com\/fi\/wp-json\/wp\/v2\/posts"}],"about":[{"href":"https:\/\/www.europesays.com\/fi\/wp-json\/wp\/v2\/types\/post"}],"author":[{"embeddable":true,"href":"https:\/\/www.europesays.com\/fi\/wp-json\/wp\/v2\/users\/2"}],"replies":[{"embeddable":true,"href":"https:\/\/www.europesays.com\/fi\/wp-json\/wp\/v2\/comments?post=140115"}],"version-history":[{"count":0,"href":"https:\/\/www.europesays.com\/fi\/wp-json\/wp\/v2\/posts\/140115\/revisions"}],"wp:featuredmedia":[{"embeddable":true,"href":"https:\/\/www.europesays.com\/fi\/wp-json\/wp\/v2\/media\/140116"}],"wp:attachment":[{"href":"https:\/\/www.europesays.com\/fi\/wp-json\/wp\/v2\/media?parent=140115"}],"wp:term":[{"taxonomy":"category","embeddable":true,"href":"https:\/\/www.europesays.com\/fi\/wp-json\/wp\/v2\/categories?post=140115"},{"taxonomy":"post_tag","embeddable":true,"href":"https:\/\/www.europesays.com\/fi\/wp-json\/wp\/v2\/tags?post=140115"}],"curies":[{"name":"wp","href":"https:\/\/api.w.org\/{rel}","templated":true}]}}