{"id":140125,"date":"2026-01-12T05:36:08","date_gmt":"2026-01-12T05:36:08","guid":{"rendered":"https:\/\/www.europesays.com\/fi\/140125\/"},"modified":"2026-01-12T05:36:08","modified_gmt":"2026-01-12T05:36:08","slug":"venaja-ohitti-synkan-virstanpylvaan","status":"publish","type":"post","link":"https:\/\/www.europesays.com\/fi\/140125\/","title":{"rendered":"Ven\u00e4j\u00e4 ohitti synk\u00e4n virstanpylv\u00e4\u00e4n"},"content":{"rendered":"<p>Asiantuntijan mukaan Ven\u00e4j\u00e4 esitt\u00e4\u00e4 hy\u00f6kk\u00e4yksen Ukrainaan voittona hinnasta riippumatta.<\/p>\n<p><img decoding=\"async\" class=\"image image-show image-preview\" src=\"https:\/\/www.europesays.com\/fi\/wp-content\/uploads\/2026\/01\/7d885c3142b2891985be78c94900d80b8ec65afc0459b4c633eeb3c3c70ea9cd.jpg\" alt=\"\"\/><img decoding=\"async\" class=\"image image-show\" src=\"https:\/\/www.europesays.com\/fi\/wp-content\/uploads\/2026\/01\/1768196168_27_7d885c3142b2891985be78c94900d80b8ec65afc0459b4c633eeb3c3c70ea9cd.jpg\" alt=\"\"\/><\/p>\n<p>Putin puhui voitonp\u00e4iv\u00e4n paraatissa Moskovassa 9. toukokuuta 2025. Kuvituskuva. ZumaWire \/ MVPHOTOS<\/p>\n<p class=\"paragraph\"><a href=\"https:\/\/www.iltalehti.fi\/henkilot\/Vladimir Putin\" class=\"article-link-person-page\" rel=\"nofollow noopener\" target=\"_blank\">Vladimir Putinin<\/a> 24. helmikuuta 2022 m\u00e4\u00e4r\u00e4\u00e4m\u00e4 Ven\u00e4j\u00e4n invaasio Ukrainaan saavuttaa t\u00e4n\u00e4\u00e4n maanantaina merkitt\u00e4v\u00e4n virstanpylv\u00e4\u00e4n.<\/p>\n<p class=\"paragraph\">Sota on kest\u00e4nyt nyt kauemmin kuin Neuvostoliiton osallistuminen toiseen maailmansotaan, joka alkoi natsi-Saksan hy\u00f6k\u00e4tess\u00e4 Neuvostoliittoon kes\u00e4kuussa 1941 ja p\u00e4\u00e4ttyi Berliinin valloitukseen toukokuussa 1945.<\/p>\n<p class=\"paragraph\">Ven\u00e4j\u00e4ll\u00e4 kyseist\u00e4 sotaa kutsutaan suureksi is\u00e4nmaalliseksi sodaksi. Sodan muisto ja voiton vaaliminen ovat my\u00f6s keskeinen osa Kremlin kertomusta oikeuttaa hy\u00f6kk\u00e4ys Ukrainaan.<\/p>\n<p class=\"paragraph\">Iltalehden sota-asiantuntija <a href=\"https:\/\/www.iltalehti.fi\/henkilot\/Emil Kastehelmi\" class=\"article-link-person-page\" rel=\"nofollow noopener\" target=\"_blank\">Emil Kastehelmi<\/a> huomauttaa, ett\u00e4 sotien vertailu kesken\u00e4\u00e4n on haastavaa jo senkin vuoksi, ett\u00e4 Kremlin mukaan Ukrainassa ei suinkaan ole k\u00e4ynniss\u00e4 sota, vaan sotilaallinen erikoisoperaatio.<\/p>\n<p class=\"paragraph\">\u2013 Sotilaallisesta n\u00e4k\u00f6kulmasta t\u00e4t\u00e4 nykyist\u00e4 operaatiota ei voi kutsua menestyksekk\u00e4\u00e4ksi mill\u00e4\u00e4n mittapuulla, Kastehelmi sanoo.<\/p>\n<p class=\"paragraph\">\u2013 Liike rintamalla tapahtui p\u00e4\u00e4osin helmikuun ja joulukuun 2022 v\u00e4lill\u00e4. Sen j\u00e4lkeen t\u00e4m\u00e4 on ollut enemm\u00e4n tai v\u00e4hemm\u00e4n staattista.<\/p>\n<p class=\"paragraph\">Kastehelmen mukaan Ukrainan sodassa ei pystyt\u00e4 tekem\u00e4\u00e4n samanlaisia nopeita ja isoja liikkeit\u00e4 kuin toisessa maailmansodassa.<\/p>\n<p>Emil Kastehelmen mukaan Ven\u00e4j\u00e4n hy\u00f6kk\u00e4yssotaa Ukrainassa ei voida pit\u00e4\u00e4 menestyksen\u00e4. Karoliina Vuorenm\u00e4ki<\/p>\n<p>Sodan hinta<\/p>\n<p class=\"paragraph\">L\u00e4hes nelj\u00e4 vuotta invaasion aloittamisen j\u00e4lkeen Ven\u00e4j\u00e4 hallitsee noin 20 prosenttia Ukrainan pinta-alasta.<\/p>\n<p class=\"paragraph\">Ven\u00e4j\u00e4 maksaa valloituksista kuitenkin kovaa hintaa. Vuonna 2025 Ven\u00e4j\u00e4n k\u00e4rsim\u00e4t tappiot <a href=\"https:\/\/www.bbc.com\/news\/articles\/c62n922dnw7o\" target=\"_blank\" rel=\"noopener nofollow\">nousivat<\/a> Britannian yleisradioyhti\u00f6n BBC:n mukaan nopeammin kuin milloinkaan sitten sodan alun.<\/p>\n<p class=\"paragraph\">Ven\u00e4j\u00e4 ei tunnetusti hiisku tappioistaan, mutta BBC ja riippumaton ven\u00e4l\u00e4ismedia Mediazona ovat pystyneet varmistamaan 160\u00a0000 Ven\u00e4j\u00e4n armeijan riveiss\u00e4 Ukrainassa sotineen sotilaan kuolleen sodassa.<\/p>\n<p class=\"paragraph\">Arvostettu talousmedia The Economist puolestaan <a href=\"https:\/\/www.economist.com\/graphic-detail\/2025\/12\/02\/as-america-pushes-peace-russias-battlefield-advances-remain-slow\" target=\"_blank\" rel=\"noopener nofollow\">arvioi<\/a> joulukuun alussa, ett\u00e4 Ven\u00e4j\u00e4n tappiot olivat siihen menness\u00e4 yhteens\u00e4 noin 1\u20131,35 miljoonaa kaatunutta tai haavoittunutta sotilasta.<\/p>\n<p class=\"paragraph\">\u2013 Nykyiset tappiot tuntuvat l\u00e4nness\u00e4 valtavilta, mutta historiallisesti Ven\u00e4j\u00e4n n\u00e4k\u00f6kulmasta ne eiv\u00e4t ole poikkeuksellisia, sanoo Kastehelmi.<\/p>\n<p class=\"paragraph\">\u2013 Toisen maailmansodan aikana yksitt\u00e4isiss\u00e4 moteissa saattoi kuolla yht\u00e4 paljon miehi\u00e4 kuin Ven\u00e4j\u00e4 on k\u00e4rsinyt kokonaistappioina koko t\u00e4ss\u00e4 sodassa.<\/p>\n<p class=\"paragraph\">Neuvostoliiton sotilastappiot toisessa maailmansodassa olivat poikkeuksellisen suuret, mutta arviot niist\u00e4 vaihtelevat.<\/p>\n<p class=\"paragraph\">Ven\u00e4j\u00e4n <a href=\"https:\/\/meduza.io\/en\/feature\/2025\/05\/09\/27-million-lives-lost?utm_source\" target=\"_blank\" rel=\"noopener nofollow\">puolustusministeri\u00f6n arkistoihin perustuvan<\/a> tutkimuksen mukaan Neuvostoliitto k\u00e4rsi sodassa noin 8,6\u20138,7 miljoonan sotilaan tappiot kuolleina tai pysyv\u00e4sti menetettyin\u00e4.<\/p>\n<p class=\"paragraph\">Kastehelmi nostaa esiin my\u00f6s, ett\u00e4 neuvostoaikana sotilaita ei houkuteltu rintamalle taloudellisilla bonuksilla kuten Kreml nyky\u00e4\u00e4n tekee, vaan sinne joutui, kun k\u00e4sky k\u00e4vi.<\/p>\n<p>Tuhottu panssarivaunu maaliskuussa 2025 Harkovan alueella. Kuvituskuva. EPA \/ AOP<\/p>\n<p>Voitto<\/p>\n<p class=\"paragraph\">Kysymys Ukrainan sodan lopputuloksesta ja siit\u00e4, milloin Ven\u00e4j\u00e4n hy\u00f6kk\u00e4yst\u00e4 ei voida en\u00e4\u00e4 kutsua voitoksi, on Kastehelmen mukaan monimutkainen.<\/p>\n<p class=\"paragraph\">\u2013 Ven\u00e4j\u00e4 ei tule koskaan kehyst\u00e4m\u00e4\u00e4n t\u00e4t\u00e4 sotaa h\u00e4vi\u00f6n\u00e4, Kastehelmi sanoo.<\/p>\n<p class=\"paragraph\">\u2013 Ven\u00e4j\u00e4 tulee t\u00e4m\u00e4n sodan muodossa tai toisessa julistamaan voitetuksi joka tapauksessa. Kysymys on enemm\u00e4nkin siit\u00e4, millaisena voittona sota esitet\u00e4\u00e4n.<\/p>\n<p class=\"paragraph\">Vaikka sotilaallinen ja inhimillinen hinta olisi ollut valtava, niin se riitt\u00e4\u00e4 Kremlille, jos se saa Ukrainalta alueita.<\/p>\n<p class=\"paragraph\">\u2013 Jos sodan lopputulemana toinen osapuoli saa lohkottua toisen maata ja pystyy sanelemaan ehtoja, se on Ven\u00e4j\u00e4n n\u00e4k\u00f6kulmasta voitto.<\/p>\n<p class=\"paragraph\">\u2013 Ukraina ei pysty juuri mit\u00e4\u00e4n sanelemaan. T\u00e4ss\u00e4 mieless\u00e4 lopputulos on Ven\u00e4j\u00e4n voitto, Kastehelmi sanoo.<\/p>\n<p>Ven\u00e4j\u00e4n ehdoilla eteenp\u00e4in?<\/p>\n<p class=\"paragraph\">Kastehelmi sanoo Euroopan toivovan t\u00e4ll\u00e4 hetkell\u00e4, ett\u00e4 Ukraina kykenisi saavuttamaan jonkinlaisen torjuntavoiton.<\/p>\n<p class=\"paragraph\">\u2013 Itsen\u00e4isyys s\u00e4ilyy, mutta alueita menetet\u00e4\u00e4n.<\/p>\n<p class=\"paragraph\">H\u00e4n suhtautuu silti varauksella torjuntavoitto-k\u00e4sitteeseen.<\/p>\n<p class=\"paragraph\">\u2013 Se ei v\u00e4ltt\u00e4m\u00e4tt\u00e4 tarkoita t\u00e4ytt\u00e4 suvereniteettia. Suomessakin toisen maailmansodan j\u00e4lkeen ulko- ja turvallisuuspolitiikka oli pitk\u00e4\u00e4n vahvasti sidoksissa Neuvostoliittoon.<\/p>\n<p class=\"paragraph\">Sama riski on olemassa my\u00f6s Ukrainan kohdalla. Kastehelmen mukaan sodan todellinen merkitys ei ratkea sill\u00e4, millaisena Ven\u00e4j\u00e4 lopputuloksen kehyst\u00e4\u00e4, vaan sill\u00e4, mit\u00e4 sota merkitsee Ukrainalle pitk\u00e4ll\u00e4 aikav\u00e4lill\u00e4.<\/p>\n","protected":false},"excerpt":{"rendered":"Asiantuntijan mukaan Ven\u00e4j\u00e4 esitt\u00e4\u00e4 hy\u00f6kk\u00e4yksen Ukrainaan voittona hinnasta riippumatta. Putin puhui voitonp\u00e4iv\u00e4n paraatissa Moskovassa 9. toukokuuta 2025. Kuvituskuva.&hellip;\n","protected":false},"author":2,"featured_media":140126,"comment_status":"","ping_status":"","sticky":false,"template":"","format":"standard","meta":{"footnotes":""},"categories":[14],"tags":[35,22,23,26,27,33,31,30,17,24,25,803,28,29,1171,15,18,21,637,144,805,32,19,20,56,16,59,60,61],"class_list":{"0":"post-140125","1":"post","2":"type-post","3":"status-publish","4":"format-standard","5":"has-post-thumbnail","7":"category-ulkomaat","8":"tag-24h","9":"tag-breaking-news","10":"tag-breakingnews","11":"tag-featured-news","12":"tag-featurednews","13":"tag-fi","14":"tag-finland","15":"tag-finnish","16":"tag-headlines","17":"tag-latest-news","18":"tag-latestnews","19":"tag-levottomuudet-ja-sodat","20":"tag-main-news","21":"tag-mainnews","22":"tag-neuvostoliitto","23":"tag-news","24":"tag-otsikot","25":"tag-paauutiset","26":"tag-politiikka","27":"tag-presidentti","28":"tag-sota","29":"tag-suomi","30":"tag-top-stories","31":"tag-topstories","32":"tag-ulkomaat","33":"tag-uutiset","34":"tag-world","35":"tag-world-news","36":"tag-worldnews"},"share_on_mastodon":{"url":"https:\/\/pubeurope.com\/@fi\/115880511639328977","error":""},"_links":{"self":[{"href":"https:\/\/www.europesays.com\/fi\/wp-json\/wp\/v2\/posts\/140125","targetHints":{"allow":["GET"]}}],"collection":[{"href":"https:\/\/www.europesays.com\/fi\/wp-json\/wp\/v2\/posts"}],"about":[{"href":"https:\/\/www.europesays.com\/fi\/wp-json\/wp\/v2\/types\/post"}],"author":[{"embeddable":true,"href":"https:\/\/www.europesays.com\/fi\/wp-json\/wp\/v2\/users\/2"}],"replies":[{"embeddable":true,"href":"https:\/\/www.europesays.com\/fi\/wp-json\/wp\/v2\/comments?post=140125"}],"version-history":[{"count":0,"href":"https:\/\/www.europesays.com\/fi\/wp-json\/wp\/v2\/posts\/140125\/revisions"}],"wp:featuredmedia":[{"embeddable":true,"href":"https:\/\/www.europesays.com\/fi\/wp-json\/wp\/v2\/media\/140126"}],"wp:attachment":[{"href":"https:\/\/www.europesays.com\/fi\/wp-json\/wp\/v2\/media?parent=140125"}],"wp:term":[{"taxonomy":"category","embeddable":true,"href":"https:\/\/www.europesays.com\/fi\/wp-json\/wp\/v2\/categories?post=140125"},{"taxonomy":"post_tag","embeddable":true,"href":"https:\/\/www.europesays.com\/fi\/wp-json\/wp\/v2\/tags?post=140125"}],"curies":[{"name":"wp","href":"https:\/\/api.w.org\/{rel}","templated":true}]}}