{"id":140131,"date":"2026-01-12T05:50:07","date_gmt":"2026-01-12T05:50:07","guid":{"rendered":"https:\/\/www.europesays.com\/fi\/140131\/"},"modified":"2026-01-12T05:50:07","modified_gmt":"2026-01-12T05:50:07","slug":"kommentti-miksi-martti-ei-ole-lahtoviivalla","status":"publish","type":"post","link":"https:\/\/www.europesays.com\/fi\/140131\/","title":{"rendered":"Kommentti: Miksi Martti ei ole l\u00e4ht\u00f6viivalla?"},"content":{"rendered":"<p>Yhteenkuuluvuus on hieno tunne. Tajusin sen espoolaisessa lounasravintolassa, kirjoittaa toimittaja Suvi Kerttula.<\/p>\n<p class=\"article-body mb-nof-24 px-nof-16\">Joululomalla ajauduin tuntemattoman pariskunnan kanssa nostalgiseen keskusteluun espoolaisen kauppakeskuksen lounasravintolassa.<\/p>\n<p class=\"article-body mb-nof-24 px-nof-16\">Viereisess\u00e4 p\u00f6yd\u00e4ss\u00e4 istui noin kahdeksankymppinen aviopari. En muista en\u00e4\u00e4 mist\u00e4 juttu alkoi, mutta p\u00e4\u00e4dyimme muistelemaan kest\u00e4vyysjuoksija <a class=\"font-bold underline-offset-[0.12em] [text-decoration:var(--person-link-text-decoration)] ![text-decoration-color:var(--person-link-text-decoration-color)]\" href=\"https:\/\/www.is.fi\/haku\/?query=Martti%20Vainion\" rel=\"nofollow noopener\" target=\"_blank\">Martti Vainion<\/a> <a class=\"underline underline-offset-[0.12em] [text-decoration-thickness:var(--generic-link-underline-thickness)] [text-decoration-color:var(--generic-link-underline-color)] [text-decoration-skip-ink:var(--generic-link-underline-skip-ink)] break-words\" href=\"https:\/\/www.is.fi\/yleisurheilu\/art-2000010627133.html\" rel=\"nofollow noopener\" target=\"_blank\">dopingk\u00e4ry\u00e4 <\/a>Los Angelesissa vuonna 1984.<\/p>\n<p class=\"article-body mb-nof-24 px-nof-16\">Olimme kaikki her\u00e4nneet aamuy\u00f6st\u00e4 katsomaan juoksua ja muistimme tv-selostajan kiihtymyksen. Mit\u00e4 on tapahtunut, Martti Vainio ei ole l\u00e4ht\u00f6viivalla!<\/p>\n<p class=\"article-body mb-nof-24 px-nof-16\">Vainion dopingkohu oli voimakas sukupolvikokemus. Monet muutkin aikalaiset muistavat sen aamuy\u00f6n dramaattisen hetken.<\/p>\n<p class=\"article-body mb-nof-24 px-nof-16\">Toiselle ei tarvitse selitt\u00e4\u00e4 mit\u00e4\u00e4n. H\u00e4n ymm\u00e4rt\u00e4\u00e4. Se on sukupolvikokemuksessa parasta.<\/p>\n<p class=\"article-body mb-nof-24 px-nof-16\">Toinen kuuluu suunnilleen samaan sukupolveen, on syntynyt tiettyn\u00e4 ajanjaksona. Samat historialliset tai sosiaaliset kokemukset yhdist\u00e4v\u00e4t.<\/p>\n<p class=\"article-body mb-nof-24 px-nof-16\">Monet sukupolvikokemukset ovat surullisia. Ne aloittavat uuden luvun ihmiskunnan historiassa. Kukaan ei pysty ennustamaan, mit\u00e4 tapahtuneesta seuraa ja miten el\u00e4m\u00e4 jatkuu. World Trade Centerin terrori-isku, Kuuban kriisi. Pandemia, Saksojen yhdistyminen, 90-luvun lama.<\/p>\n<p class=\"article-body mb-nof-24 px-nof-16\">Kapellimestari <a class=\"font-bold underline-offset-[0.12em] [text-decoration:var(--person-link-text-decoration)] ![text-decoration-color:var(--person-link-text-decoration-color)]\" href=\"https:\/\/www.is.fi\/haku\/?query=Esa-Pekka%20Salonen\" rel=\"nofollow noopener\" target=\"_blank\">Esa-Pekka Salonen<\/a> kertoi Anna-lehdess\u00e4, ett\u00e4 kun ik\u00e4\u00e4 karttuu, jaetut sukupolvikokemukset ovat h\u00e4nelle yh\u00e4 t\u00e4rke\u00e4mpi\u00e4.<\/p>\n<p class=\"article-body mb-nof-24 px-nof-16\">Kun Los Angelesissa asuva kapellimestari k\u00e4y Suomessa, h\u00e4n viett\u00e4\u00e4 usein kollegoidensa <a class=\"font-bold underline-offset-[0.12em] [text-decoration:var(--person-link-text-decoration)] ![text-decoration-color:var(--person-link-text-decoration-color)]\" href=\"https:\/\/www.is.fi\/haku\/?query=Magnus%20Lindbergin\" rel=\"nofollow noopener\" target=\"_blank\">Magnus Lindbergin<\/a> tai <a class=\"font-bold underline-offset-[0.12em] [text-decoration:var(--person-link-text-decoration)] ![text-decoration-color:var(--person-link-text-decoration-color)]\" href=\"https:\/\/www.is.fi\/haku\/?query=Jukka-Pekka%20Sarasteen\" rel=\"nofollow noopener\" target=\"_blank\">Jukka-Pekka Sarasteen<\/a> kanssa iltaa.<\/p>\n<p class=\"article-body mb-nof-24 px-nof-16\">\u201dMit\u00e4\u00e4n ei tarvitse selitt\u00e4\u00e4. Yht\u00e4kki\u00e4 joku mainitsee vanhan Spede Show\u2019n, ett\u00e4 muistatko sen, kun Simo menee rautakauppaan, ja kaikki muistavat, miten hyv\u00e4 se oli\u201d, Esa-Pekka Salonen kertoi Anna-lehdess\u00e4.<\/p>\n<p class=\"article-body mb-nof-24 px-nof-16\">Yh\u00e4 sekavammaksi k\u00e4yv\u00e4ss\u00e4 maailmassa on lohdullista, ett\u00e4 toinen ymm\u00e4rt\u00e4\u00e4.<\/p>\n<blockquote class=\"p-[var(--citation-padding)] m-[var(--citation-margin)] border-y-[length:var(--citation-border-width)] border-y-[color:var(--citation-border-color)]\">\n<p>Yhteenkuuluvuus on hieno tunne.<\/p>\n<\/blockquote>\n<p class=\"article-body mb-nof-24 px-nof-16\">Sukupolvikokemus voi my\u00f6s olla hyvin pieni ja arkinen. 1970-luvulla syntyneet muistavat c-kasetit, puhelinkopit, korvalappustereot tai Syksyn S\u00e4velen. Edellisiin sukupolviin verrattuna el\u00e4m\u00e4 oli jo paljon materialistisempaa.<\/p>\n<p class=\"article-body mb-nof-24 px-nof-16\">Voimakkaimmillaan sukupolvikokemukset muuttavat arvoja ja persoonaa.<\/p>\n<p class=\"article-body mb-nof-24 px-nof-16\">1900-luvun alussa syntyneille keskeisi\u00e4 avainkokemuksia olivat talvi- ja jatkosota, k\u00f6yhyys ja evakkoon l\u00e4hteminen.<\/p>\n<p class=\"article-body mb-nof-24 px-nof-16\">Z-sukupolveen kuuluvat, vuosina 1997\u20132012 syntyneet, ovat jo ihan eri pakasta. He ovat ensimm\u00e4inen sukupolvi, joka ei ole el\u00e4nyt ilman interneti\u00e4.<\/p>\n<p class=\"article-body mb-nof-24 px-nof-16\">J\u00e4\u00e4 n\u00e4ht\u00e4v\u00e4ksi, miten some muuttaa sukupolvikokemuksia. Pirstaloituneen median aikana kaikki asiat eiv\u00e4t ole en\u00e4\u00e4 samalla lailla yhteisi\u00e4 kuin yhten\u00e4iskulttuurin aikana.<\/p>\n<p class=\"article-body mb-nof-24 px-nof-16\">Mitk\u00e4 voisivat olla t\u00e4m\u00e4n ajan sukupolvikokemuksia, joita muistellaan my\u00f6hemmin?<\/p>\n<p class=\"article-body mb-nof-24 px-nof-16\">Sosiaalisen median r\u00e4j\u00e4hdysm\u00e4inen kasvu ja vihapuheen yleistyminen varmasti kuuluvat niihin.<\/p>\n<p class=\"article-body mb-nof-24 px-nof-16\">Onneksi kaikki ei kuitenkaan muutu. Vaikka maailma ymp\u00e4rill\u00e4 myrsky\u00e4\u00e4, jotain aina pysyy.<\/p>\n<p class=\"article-body mb-nof-24 px-nof-16\">Kuten tarve ymm\u00e4rt\u00e4\u00e4 ja tulla ymm\u00e4rretyksi.<\/p>\n<p class=\"article-body mb-nof-24 px-nof-16\">Yhteenkuuluvuus on hieno tunne. Tajusin sen espoolaisessa lounasravintolassa.<\/p>\n","protected":false},"excerpt":{"rendered":"Yhteenkuuluvuus on hieno tunne. Tajusin sen espoolaisessa lounasravintolassa, kirjoittaa toimittaja Suvi Kerttula. Joululomalla ajauduin tuntemattoman pariskunnan kanssa nostalgiseen&hellip;\n","protected":false},"author":2,"featured_media":140132,"comment_status":"","ping_status":"","sticky":false,"template":"","format":"standard","meta":{"footnotes":""},"categories":[136],"tags":[407,137,33,31,30,34,408,32,109],"class_list":{"0":"post-140131","1":"post","2":"type-post","3":"status-publish","4":"format-standard","5":"has-post-thumbnail","7":"category-julkkikset","8":"tag-celebrities","9":"tag-entertainment","10":"tag-fi","11":"tag-finland","12":"tag-finnish","13":"tag-ilta-sanomat","14":"tag-julkkikset","15":"tag-suomi","16":"tag-viihde"},"share_on_mastodon":{"url":"https:\/\/pubeurope.com\/@fi\/115880566626003311","error":""},"_links":{"self":[{"href":"https:\/\/www.europesays.com\/fi\/wp-json\/wp\/v2\/posts\/140131","targetHints":{"allow":["GET"]}}],"collection":[{"href":"https:\/\/www.europesays.com\/fi\/wp-json\/wp\/v2\/posts"}],"about":[{"href":"https:\/\/www.europesays.com\/fi\/wp-json\/wp\/v2\/types\/post"}],"author":[{"embeddable":true,"href":"https:\/\/www.europesays.com\/fi\/wp-json\/wp\/v2\/users\/2"}],"replies":[{"embeddable":true,"href":"https:\/\/www.europesays.com\/fi\/wp-json\/wp\/v2\/comments?post=140131"}],"version-history":[{"count":0,"href":"https:\/\/www.europesays.com\/fi\/wp-json\/wp\/v2\/posts\/140131\/revisions"}],"wp:featuredmedia":[{"embeddable":true,"href":"https:\/\/www.europesays.com\/fi\/wp-json\/wp\/v2\/media\/140132"}],"wp:attachment":[{"href":"https:\/\/www.europesays.com\/fi\/wp-json\/wp\/v2\/media?parent=140131"}],"wp:term":[{"taxonomy":"category","embeddable":true,"href":"https:\/\/www.europesays.com\/fi\/wp-json\/wp\/v2\/categories?post=140131"},{"taxonomy":"post_tag","embeddable":true,"href":"https:\/\/www.europesays.com\/fi\/wp-json\/wp\/v2\/tags?post=140131"}],"curies":[{"name":"wp","href":"https:\/\/api.w.org\/{rel}","templated":true}]}}