{"id":140161,"date":"2026-01-12T06:30:07","date_gmt":"2026-01-12T06:30:07","guid":{"rendered":"https:\/\/www.europesays.com\/fi\/140161\/"},"modified":"2026-01-12T06:30:07","modified_gmt":"2026-01-12T06:30:07","slug":"omistajat-haluavat-purkaa-60-luvun-tavaratalon-tampereen-paakadulta-maakuntamuseo-pitaa-mahdollisena-ennakkotapauksena-kotimaa","status":"publish","type":"post","link":"https:\/\/www.europesays.com\/fi\/140161\/","title":{"rendered":"Omistajat haluavat purkaa 60-luvun tavaratalon Tampereen p\u00e4\u00e4kadulta \u2013 maakuntamuseo pit\u00e4\u00e4 mahdollisena ennakko\u00adtapauksena | Kotimaa"},"content":{"rendered":"<p class=\"aw-1gybjub aw-5vja16 kEtdKx kmuxyA yle__article__paragraph\">H\u00e4meenkatu 11:n omistajat suunnittelevat entisen Centrumin tavaratalon paikalle 200 huoneen hotellia.<\/p>\n<p><img decoding=\"async\" alt=\"Tampereen H\u00e4meenkadulla rakennuksia.\" src=\"https:\/\/www.europesays.com\/fi\/wp-content\/uploads\/2026\/01\/39-15648746932c197d728d.jpeg\" class=\"aw-1l9m598 hKVVvP\"\/><\/p>\n<p>Avaa kuvien katselu<\/p>\n<p>Tavaratalo Centrum toimi H\u00e4meenkatu 11:ss\u00e4 vuoteen 1992 saakka. Nyky\u00e4\u00e4n talossa on muun muassa kenk\u00e4kauppa ja vaateliike. Kuva: Juha Kokkala<\/p>\n<ul class=\"aw-1jjocuh iJTSwP yle__article__list yle__article__list--ul\">\n<li class=\"aw-1j7gwms gNYKfi\">Pirkanmaan maakuntamuseo on ottanut kantaa Tampereen entisen Centrum-tavaratalon mahdollista purkamista koskevaan hankkeeseen.<\/li>\n<li class=\"aw-1j7gwms gNYKfi\">Omistajat suunnittelevat H\u00e4meenkatu 11:een uutta hotellia.<\/li>\n<li class=\"aw-1j7gwms gNYKfi\">Maakuntamuseon mukaan purkaminen h\u00e4vitt\u00e4isi rakennuksen kulttuurihistorialliset arvot ja muuttaisi huomattavasti kaupunkikuvaa.<\/li>\n<li class=\"aw-1j7gwms gNYKfi\">Museo kehottaa, ett\u00e4 rakennuksen tulevaisuus ratkaistaan asemakaavoituksen kautta eik\u00e4 omistajien hakemalla poikkeamisluvalla.<\/li>\n<\/ul>\n<p class=\"aw-1gybjub aw-1p7kakr kEtdKx cEmitX yle__article__paragraph\">Pirkanmaan maakuntamuseo on ottanut kantaa entisen tavaratalo Centrumin mahdolliseen purkamiseen Tampereen H\u00e4meenkadulta.<\/p>\n<p class=\"aw-1gybjub aw-1p7kakr kEtdKx cEmitX yle__article__paragraph\">Yle <a class=\"aw-iao6s4 iHOxEa yle__article__link\" href=\"https:\/\/yle.fi\/a\/74-20198106\" role=\"link\" rel=\"nofollow noopener\" target=\"_blank\">kertoi<\/a> joulukuun alussa, ett\u00e4 H\u00e4meenkatu 11:n omistajat haluavat purkaa 1960-luvulla rakennetun kerrostalon, koska aikovat rakentaa paikalle uuden hotellin.<\/p>\n<p class=\"aw-1gybjub aw-1p7kakr kEtdKx cEmitX yle__article__paragraph\">Maakuntamuseo katsoo <a class=\"aw-iao6s4 iHOxEa yle__article__link\" href=\"https:\/\/siiri.tampere.fi\/displayObject.do?uri=http:\/\/www.profium.com\/archive\/ArchivedObject-D9286458-987D-45D6-9CB3-D45FC472B2EE\" role=\"link\" rel=\"nofollow noopener\" target=\"_blank\">lausunnossaan<\/a>, ett\u00e4 hankkeen k\u00e4sittelyst\u00e4 voi tulla mahdollinen ennakkotapaus. Syyn\u00e4 on se, ett\u00e4 Centrumin talo ei ole Tampereen ydinkeskustan valtakunnallisesti arvokkaan rakennetun kulttuuriymp\u00e4rist\u00f6n alueella ainoa 60-luvulla rakennettu liikerakennus.<\/p>\n<p class=\"aw-1gybjub aw-1p7kakr kEtdKx cEmitX yle__article__paragraph\">Museo huomauttaa, ett\u00e4 viel\u00e4 nyky\u00e4\u00e4n valtakunnallisesti merkitt\u00e4vien rakennettujen kulttuuriymp\u00e4rist\u00f6jen inventointi ei muutamia poikkeuksia lukuun ottamatta huomioi modernin aikakauden rakennuskohteita laajassa mittakaavassa.<\/p>\n<p class=\"aw-1gybjub aw-1p7kakr kEtdKx cEmitX yle__article__paragraph\">T\u00e4h\u00e4n on museon mukaan tulossa l\u00e4hivuosina muutos.<\/p>\n<p><img decoding=\"async\" alt=\"Tampereen H\u00e4meenkadulla rakennuksia.\" src=\"https:\/\/www.europesays.com\/fi\/wp-content\/uploads\/2026\/01\/39-15648746932c197d728d.jpeg\" class=\"aw-1l9m598 hKVVvP\"\/><img decoding=\"async\" alt=\"Havainnekuva suunnitellusta hotellista Tampereen H\u00e4meenkatu 11:een.\" src=\"https:\/\/www.europesays.com\/fi\/wp-content\/uploads\/2026\/01\/39-156471969329741defc0.jpeg\" class=\"aw-1l9m598 hKVVvP\"\/>H\u00e4meenkatu 11:n nykyinen rakennus ja havainnekuva mahdollisesta uudesta hotellista. Kuvat: Juha Kokkala (vasen), Tampereen kaupunki (oikea)Omistajat suunnittelevat 200 huoneen hotellia<\/p>\n<p class=\"aw-1gybjub aw-1p7kakr kEtdKx cEmitX yle__article__paragraph\">Viel\u00e4 ei ole tietoa siit\u00e4, kenen py\u00f6ritt\u00e4m\u00e4 hotelli entisen tavaratalon tilalle tulisi. Omistajat suunnittelevat paikalle uutta, kahdeksankerroksista rakennusta.<\/p>\n<p class=\"aw-1gybjub aw-1p7kakr kEtdKx cEmitX yle__article__paragraph\">Ty\u00f6el\u00e4kevakuuttaja Keva kertoi joulukuussa, ett\u00e4 hotelliin tulisi noin 200 huonetta ja ravintoloita.<\/p>\n<p class=\"aw-1gybjub aw-1p7kakr kEtdKx cEmitX yle__article__paragraph\">Kevan mukaan hankkeen eteneminen ja aikataulu ovat viel\u00e4 ep\u00e4varmoja. Hankkeelle on haettu poikkeamislupaa.<\/p>\n<p class=\"aw-1gybjub aw-1p7kakr kEtdKx cEmitX yle__article__paragraph\">Maakuntamuseon mukaan hanketta ei pit\u00e4isi toteuttaa poikkeamislupamenettelyll\u00e4, vaan rakennuksen tulevaisuus pit\u00e4isi ratkaista asemakaavoituksen kautta.<\/p>\n<p class=\"aw-1gybjub aw-1p7kakr kEtdKx cEmitX yle__article__paragraph\">Maakuntamuseo perustelee kantaansa sill\u00e4, ett\u00e4 entisen Centrumin rakennuksella on huomattavia kulttuurihistoriallisia ja rakennushistoriallisia arvoja ja se sijaitsee keskeisell\u00e4 paikalla.<\/p>\n<p class=\"aw-1gybjub aw-1p7kakr kEtdKx cEmitX yle__article__paragraph\">\u2013 Mik\u00e4li Centrumin rakennus purettaisiin, sen edell\u00e4 kuvatut arvot menetett\u00e4isiin ja muutos kaupunkikuvassa olisi huomattava, museon lausunnossa sanotaan.<\/p>\n<p class=\"aw-1gybjub aw-1p7kakr kEtdKx cEmitX yle__article__paragraph\">Museo katsoo, ett\u00e4 kaavahankkeen yhteydess\u00e4 muutoksen vaikutukset tulisivat arvioiduksi asianmukaisesti kohteen arvojen edellytt\u00e4m\u00e4ll\u00e4 tavalla.<\/p>\n<p>Centrum oli pitk\u00e4\u00e4n Tampereen suurin<\/p>\n<ul class=\"aw-1jjocuh iJTSwP yle__article__list yle__article__list--ul\">\n<li class=\"aw-1j7gwms gNYKfi\">Osuusliike Voiman tavaratalo Centrum valmistui vuonna 1961. Se oli pitk\u00e4\u00e4n Tampereen suurin tavaratalo.<\/li>\n<li class=\"aw-1j7gwms gNYKfi\">Tavaratalon lis\u00e4ksi Voiman uuteen rakennukseen tuli ravintola, kahvila, kaupunginhotelli ja Tampereen kaupungin toimistotiloja.<\/li>\n<li class=\"aw-1j7gwms gNYKfi\">Centrum toimi tavaratalona lamavuoteen 1992 saakka, kaupunginhotelli lopetti toimintansa jo 1980-luvulla.<\/li>\n<li class=\"aw-1j7gwms gNYKfi\">Tavaratalon tiloissa on sittemmin sijainnut muita myym\u00e4l\u00f6it\u00e4 ja hotellin tiloissa on toiminut muun muassa opiskelija-asuntola.<\/li>\n<li class=\"aw-1j7gwms gNYKfi\">L\u00e4hde: Pirkanmaan maakuntamuseo<\/li>\n<\/ul>\n","protected":false},"excerpt":{"rendered":"H\u00e4meenkatu 11:n omistajat suunnittelevat entisen Centrumin tavaratalon paikalle 200 huoneen hotellia. Avaa kuvien katselu Tavaratalo Centrum toimi H\u00e4meenkatu&hellip;\n","protected":false},"author":2,"featured_media":140162,"comment_status":"","ping_status":"","sticky":false,"template":"","format":"standard","meta":{"footnotes":""},"categories":[5],"tags":[22,23,26,27,33,31,30,6895,17,3148,24249,71,24,25,28,29,15,18,21,553,3639,32,551,10166,19,20,16],"class_list":{"0":"post-140161","1":"post","2":"type-post","3":"status-publish","4":"format-standard","5":"has-post-thumbnail","7":"category-otsikot","8":"tag-breaking-news","9":"tag-breakingnews","10":"tag-featured-news","11":"tag-featurednews","12":"tag-fi","13":"tag-finland","14":"tag-finnish","15":"tag-hameenkatu","16":"tag-headlines","17":"tag-hotellit","18":"tag-kaupunkikuva","19":"tag-kotimaa","20":"tag-latest-news","21":"tag-latestnews","22":"tag-main-news","23":"tag-mainnews","24":"tag-news","25":"tag-otsikot","26":"tag-paauutiset","27":"tag-pirkanmaa","28":"tag-rakennukset","29":"tag-suomi","30":"tag-tampere","31":"tag-tavaratalot","32":"tag-top-stories","33":"tag-topstories","34":"tag-uutiset"},"share_on_mastodon":{"url":"https:\/\/pubeurope.com\/@fi\/115880723956895580","error":""},"_links":{"self":[{"href":"https:\/\/www.europesays.com\/fi\/wp-json\/wp\/v2\/posts\/140161","targetHints":{"allow":["GET"]}}],"collection":[{"href":"https:\/\/www.europesays.com\/fi\/wp-json\/wp\/v2\/posts"}],"about":[{"href":"https:\/\/www.europesays.com\/fi\/wp-json\/wp\/v2\/types\/post"}],"author":[{"embeddable":true,"href":"https:\/\/www.europesays.com\/fi\/wp-json\/wp\/v2\/users\/2"}],"replies":[{"embeddable":true,"href":"https:\/\/www.europesays.com\/fi\/wp-json\/wp\/v2\/comments?post=140161"}],"version-history":[{"count":0,"href":"https:\/\/www.europesays.com\/fi\/wp-json\/wp\/v2\/posts\/140161\/revisions"}],"wp:featuredmedia":[{"embeddable":true,"href":"https:\/\/www.europesays.com\/fi\/wp-json\/wp\/v2\/media\/140162"}],"wp:attachment":[{"href":"https:\/\/www.europesays.com\/fi\/wp-json\/wp\/v2\/media?parent=140161"}],"wp:term":[{"taxonomy":"category","embeddable":true,"href":"https:\/\/www.europesays.com\/fi\/wp-json\/wp\/v2\/categories?post=140161"},{"taxonomy":"post_tag","embeddable":true,"href":"https:\/\/www.europesays.com\/fi\/wp-json\/wp\/v2\/tags?post=140161"}],"curies":[{"name":"wp","href":"https:\/\/api.w.org\/{rel}","templated":true}]}}