{"id":140165,"date":"2026-01-12T06:45:28","date_gmt":"2026-01-12T06:45:28","guid":{"rendered":"https:\/\/www.europesays.com\/fi\/140165\/"},"modified":"2026-01-12T06:45:28","modified_gmt":"2026-01-12T06:45:28","slug":"han-on-uusi-bachelor","status":"publish","type":"post","link":"https:\/\/www.europesays.com\/fi\/140165\/","title":{"rendered":"H\u00e4n on uusi Bachelor"},"content":{"rendered":"<p>Bachelor Suomi 2026 on sosiaalisesta mediasta tuttu Arttu Kilpel\u00e4inen.<\/p>\n<p><img decoding=\"async\" class=\"image image-show image-preview\" src=\"https:\/\/www.europesays.com\/fi\/wp-content\/uploads\/2026\/01\/86ed61c87b748e8beb89714cd6e1c07521543ef50319503f97922f60651ae4ad.jpg\" alt=\"\"\/><img decoding=\"async\" class=\"image image-show\" src=\"https:\/\/www.europesays.com\/fi\/wp-content\/uploads\/2025\/09\/1757151073_589_86ed61c87b748e8beb89714cd6e1c07521543ef50319503f97922f60651ae4ad.jpg\" alt=\"\"\/><\/p>\n<p>Arttu Kilpel\u00e4inen on uusi Bachelor Suomi. Elle Laitila<\/p>\n<p class=\"paragraph\">Uusi Bachelor Suomi -ohjelman unelmien poikamies on sosiaalisesta mediasta tuttu vaikuttaja <strong>Arttu Kilpel\u00e4inen<\/strong>, 29, tiedottaa MTV.<\/p>\n<p class=\"paragraph\">Ohjelman tiedotteessa kerrotaan, ett\u00e4 Kilpel\u00e4inen toivoo l\u00f6yt\u00e4v\u00e4ns\u00e4 kumppanin, jonka kanssa voi jakaa aidon yhteyden, nauraa paljon ja el\u00e4\u00e4 tavallista arkea \u2013 mutta aina v\u00e4lill\u00e4 my\u00f6s rep\u00e4ist\u00e4. Kilpel\u00e4inen arvostaa avoimuutta, spontaaniutta ja haaveilee suhteesta, jossa on runsaasti l\u00e4heisyytt\u00e4. Unelmana on l\u00e4mmin koti, jossa tunteita ei piilotella ja hiljaisuus tuntuu turvalliselta<\/p>\n<p class=\"paragraph\">\u2013 En ole mik\u00e4\u00e4n seurapiirikelluttelija unelmien poikamies, vaan pikemminkin luonnonl\u00e4heisyyden vuoksi olen unelmien luolamies, Kilpel\u00e4inen kuvaa tiedotteessa.<\/p>\n<p class=\"paragraph\">Joensuusta kotoisin oleva Kilpel\u00e4inen asuu nyky\u00e4\u00e4n Helsingiss\u00e4. H\u00e4n on ty\u00f6skennellyt poliisina, kunnes hiljattain p\u00e4\u00e4tti tehd\u00e4 tilaa uudelle.<\/p>\n<p class=\"paragraph\">Nykyisin h\u00e4n tekee esimerkiksi podcasteja, luennoi p\u00e4ihteist\u00e4 ja tekee sis\u00e4lt\u00f6\u00e4 sosiaaliseen mediaan.<\/p>\n<p class=\"paragraph\">Kilpel\u00e4inen vieraili Huomenta Suomi -ohjelmassa torstaina.<\/p>\n<p class=\"paragraph\">\u2013 Olen odottanut t\u00e4t\u00e4 hetke\u00e4 tosi kauan. Sen saa nyt hartioilta pois. Kyse ei ole mist\u00e4\u00e4n pikkujutusta. On se hienoa, ett\u00e4 ollaan t\u00e4ss\u00e4 hetkess\u00e4 ja sen saa eetteriin, ettei tarvitse salailla pitk\u00e4\u00e4n, Kilpel\u00e4inen sanoi.<\/p>\n<p class=\"paragraph\">Kilpel\u00e4inen on tuttu paitsi sosiaalisesta mediasta my\u00f6s televisiosta. H\u00e4n osallistui my\u00f6s Sointu Borg ja tyrkyt -ohjelmaan viime kev\u00e4\u00e4n\u00e4. Lis\u00e4ksi h\u00e4n tuomaroi Suomen surkein kuski -ohjelmaa.<\/p>\n<p class=\"paragraph\">Kilpel\u00e4inen seurusteli pitk\u00e4\u00e4n fitness-vaikuttaja <a href=\"https:\/\/www.iltalehti.fi\/henkilot\/Pernilla B\u00f6ckerman\" class=\"article-link-person-page\" rel=\"nofollow noopener\" target=\"_blank\">Pernilla B\u00f6ckermanin<\/a> kanssa. B\u00f6ckerman ja Kilpel\u00e4inen erosivat helmikuussa 2024.<\/p>\n<p class=\"paragraph\">Bachelor Suomi kuvataan kev\u00e4\u00e4ll\u00e4 2026 ja esitet\u00e4\u00e4n my\u00f6hemmin ilmoitettavana ajankohtana. Uuden kauden juontaa viime kauden tapaan <a href=\"https:\/\/www.iltalehti.fi\/henkilot\/Shirly Karvinen\" class=\"article-link-person-page\" rel=\"nofollow noopener\" target=\"_blank\">Shirly Karvinen<\/a>.<\/p>\n","protected":false},"excerpt":{"rendered":"Bachelor Suomi 2026 on sosiaalisesta mediasta tuttu Arttu Kilpel\u00e4inen. Arttu Kilpel\u00e4inen on uusi Bachelor Suomi. Elle Laitila Uusi&hellip;\n","protected":false},"author":2,"featured_media":27213,"comment_status":"","ping_status":"","sticky":false,"template":"","format":"standard","meta":{"footnotes":""},"categories":[133],"tags":[35,137,33,31,30,979,151,32,206,2140,2719,139,156,109],"class_list":{"0":"post-140165","1":"post","2":"type-post","3":"status-publish","4":"format-standard","5":"has-post-thumbnail","7":"category-televisiot","8":"tag-24h","9":"tag-entertainment","10":"tag-fi","11":"tag-finland","12":"tag-finnish","13":"tag-sahkoinen-media","14":"tag-sosiaalinen-media-ja-verkostoituminen","15":"tag-suomi","16":"tag-televisiot","17":"tag-tosi-tv-ohjelmat","18":"tag-tunne-elama","19":"tag-tv-ohjelmat","20":"tag-tv","21":"tag-viihde"},"share_on_mastodon":{"url":"https:\/\/pubeurope.com\/@fi\/115880782926742186","error":""},"_links":{"self":[{"href":"https:\/\/www.europesays.com\/fi\/wp-json\/wp\/v2\/posts\/140165","targetHints":{"allow":["GET"]}}],"collection":[{"href":"https:\/\/www.europesays.com\/fi\/wp-json\/wp\/v2\/posts"}],"about":[{"href":"https:\/\/www.europesays.com\/fi\/wp-json\/wp\/v2\/types\/post"}],"author":[{"embeddable":true,"href":"https:\/\/www.europesays.com\/fi\/wp-json\/wp\/v2\/users\/2"}],"replies":[{"embeddable":true,"href":"https:\/\/www.europesays.com\/fi\/wp-json\/wp\/v2\/comments?post=140165"}],"version-history":[{"count":0,"href":"https:\/\/www.europesays.com\/fi\/wp-json\/wp\/v2\/posts\/140165\/revisions"}],"wp:featuredmedia":[{"embeddable":true,"href":"https:\/\/www.europesays.com\/fi\/wp-json\/wp\/v2\/media\/27213"}],"wp:attachment":[{"href":"https:\/\/www.europesays.com\/fi\/wp-json\/wp\/v2\/media?parent=140165"}],"wp:term":[{"taxonomy":"category","embeddable":true,"href":"https:\/\/www.europesays.com\/fi\/wp-json\/wp\/v2\/categories?post=140165"},{"taxonomy":"post_tag","embeddable":true,"href":"https:\/\/www.europesays.com\/fi\/wp-json\/wp\/v2\/tags?post=140165"}],"curies":[{"name":"wp","href":"https:\/\/api.w.org\/{rel}","templated":true}]}}