{"id":140166,"date":"2026-01-12T06:49:06","date_gmt":"2026-01-12T06:49:06","guid":{"rendered":"https:\/\/www.europesays.com\/fi\/140166\/"},"modified":"2026-01-12T06:49:06","modified_gmt":"2026-01-12T06:49:06","slug":"jarkyttava-loppu-yovuorolle-olympia-areenalta-loytyi-kuollut-ihminen-ilta-sanomat","status":"publish","type":"post","link":"https:\/\/www.europesays.com\/fi\/140166\/","title":{"rendered":"J\u00e4rkytt\u00e4v\u00e4 loppu y\u00f6vuorolle \u2013 olympia-areenalta l\u00f6ytyi kuollut ihminen &#8211; Ilta-Sanomat"},"content":{"rendered":"<ol>\n<li><a href=\"https:\/\/news.google.com\/rss\/articles\/CBMiXEFVX3lxTE16VFdJRUttakVGZEU1djJJbDVqYmFSZlhTUUw3YTFPMEpKWnM0b3BtVEtJb3pFNFZBTHRfNlFWZV8xajI3a0hybW9MUUszQTJPRVE5ZzRKYmpRQ0Zv?oc=5\" target=\"_blank\" rel=\"nofollow noopener\">J\u00e4rkytt\u00e4v\u00e4 loppu y\u00f6vuorolle \u2013 olympia-areenalta l\u00f6ytyi kuollut ihminen<\/a>&nbsp;&nbsp;Ilta-Sanomat<\/li>\n<li><a href=\"https:\/\/news.google.com\/rss\/articles\/CBMiggFBVV95cUxPMk9rRWZhM0dnbWlnVVQtU3NLeU9fUmxPeTEyUi1yVS1JRXkzN2oteHFoR19aalJyMWtNWnB3Y0lUckxGTXhwWkt4RHdob0lhN1hOdTc1aWRwVU8zdlU1amRoMG9RZlFzd2FpalJBYnB5QVlKQnN1YV9SLWp2bmdUdWp3?oc=5\" target=\"_blank\" rel=\"nofollow noopener\">Kuolema Italian olympiakyl\u00e4ss\u00e4<\/a>&nbsp;&nbsp;Iltalehti<\/li>\n<li><a href=\"https:\/\/news.google.com\/rss\/articles\/CBMijgFBVV95cUxQVzJaMUFpdG9Md0dXUGZZaUhkalduRDJFQVp4bkVlLWY1dk9xWC1IS0JQT1ZrQ3BXdVU4ekxXN1dBN2cyRXNNcXplOFZkN0lOZkxfR3VmQm9HOFhQMXpDQXA2V2Z6cEdXZUU3SXRYdUJZNVNrNV9rOHh0VEt4aDJwcktGdDQ4cWNTNkNkeVRR?oc=5\" target=\"_blank\" rel=\"nofollow noopener\">Kuolemantapaus Milano-Cortinan y\u00f6vuorossa<\/a>&nbsp;&nbsp;mtvuutiset.fi<\/li>\n<li><a href=\"https:\/\/news.google.com\/rss\/articles\/CBMilwFBVV95cUxNc1ZiX1ctSVNRQ0FOMXpKWkotU3VDUDdva3dVeXU5RXpQXzdQRXk3eEVJcjRMZlFkMlQxSjQtbzJUak1iRWE3ZzIxZUh3WFBYM2czTDRuUzdoMDBiX3pQdG9GUWkydVFWSERlY3dvN3ZTNXZHcHNWblJpczdTdFFPZW9OOFBkdDlRN2NVX0VKTHl6UFhrdWxV?oc=5\" target=\"_blank\" rel=\"nofollow noopener\">Olympia-areenalta suru-uutinen \u2013 vartija menetti henkens\u00e4<\/a>&nbsp;&nbsp;Sportti.com<\/li>\n<li><a href=\"https:\/\/news.google.com\/rss\/articles\/CBMiqAFBVV95cUxNSFdDeE02by1BT0NwbWh5enV6VERXR2h3SkE1SGpHaUF0RkpGMEMzd2JvRXc3V2ZKSDdQRnBqVXBYeWJ3YXljdm82YUV2MWFEa1dfS2ZEcllYMlI1cll6dGEtNGwycnVWd1V0NkthNUE5YzRJMDY0UlNMZ0VPLWQta0ZWQlU4T0RKRjQ1aFZ2SWgzSzlncXRyOG93N3dYNGlKRWlxNlFqenU?oc=5\" target=\"_blank\" rel=\"nofollow noopener\">J\u00e4rkytt\u00e4v\u00e4 uutinen: Milanon olympia-areenalta l\u00f6ytyi kuollut ihminen<\/a>&nbsp;&nbsp;SuomiUrheilu<\/li>\n<\/ol>\n","protected":false},"excerpt":{"rendered":"J\u00e4rkytt\u00e4v\u00e4 loppu y\u00f6vuorolle \u2013 olympia-areenalta l\u00f6ytyi kuollut ihminen&nbsp;&nbsp;Ilta-Sanomat Kuolema Italian olympiakyl\u00e4ss\u00e4&nbsp;&nbsp;Iltalehti Kuolemantapaus Milano-Cortinan y\u00f6vuorossa&nbsp;&nbsp;mtvuutiset.fi Olympia-areenalta suru-uutinen \u2013 vartija&hellip;\n","protected":false},"author":2,"featured_media":140167,"comment_status":"","ping_status":"","sticky":false,"template":"","format":"standard","meta":{"footnotes":""},"categories":[158],"tags":[33,31,30,34,159,32,160],"class_list":{"0":"post-140166","1":"post","2":"type-post","3":"status-publish","4":"format-standard","5":"has-post-thumbnail","7":"category-urheilu","8":"tag-fi","9":"tag-finland","10":"tag-finnish","11":"tag-ilta-sanomat","12":"tag-sports","13":"tag-suomi","14":"tag-urheilu"},"share_on_mastodon":{"url":"https:\/\/pubeurope.com\/@fi\/115880798663233800","error":""},"_links":{"self":[{"href":"https:\/\/www.europesays.com\/fi\/wp-json\/wp\/v2\/posts\/140166","targetHints":{"allow":["GET"]}}],"collection":[{"href":"https:\/\/www.europesays.com\/fi\/wp-json\/wp\/v2\/posts"}],"about":[{"href":"https:\/\/www.europesays.com\/fi\/wp-json\/wp\/v2\/types\/post"}],"author":[{"embeddable":true,"href":"https:\/\/www.europesays.com\/fi\/wp-json\/wp\/v2\/users\/2"}],"replies":[{"embeddable":true,"href":"https:\/\/www.europesays.com\/fi\/wp-json\/wp\/v2\/comments?post=140166"}],"version-history":[{"count":0,"href":"https:\/\/www.europesays.com\/fi\/wp-json\/wp\/v2\/posts\/140166\/revisions"}],"wp:featuredmedia":[{"embeddable":true,"href":"https:\/\/www.europesays.com\/fi\/wp-json\/wp\/v2\/media\/140167"}],"wp:attachment":[{"href":"https:\/\/www.europesays.com\/fi\/wp-json\/wp\/v2\/media?parent=140166"}],"wp:term":[{"taxonomy":"category","embeddable":true,"href":"https:\/\/www.europesays.com\/fi\/wp-json\/wp\/v2\/categories?post=140166"},{"taxonomy":"post_tag","embeddable":true,"href":"https:\/\/www.europesays.com\/fi\/wp-json\/wp\/v2\/tags?post=140166"}],"curies":[{"name":"wp","href":"https:\/\/api.w.org\/{rel}","templated":true}]}}