{"id":140186,"date":"2026-01-12T07:13:06","date_gmt":"2026-01-12T07:13:06","guid":{"rendered":"https:\/\/www.europesays.com\/fi\/140186\/"},"modified":"2026-01-12T07:13:06","modified_gmt":"2026-01-12T07:13:06","slug":"subin-illan-elokuva-on-tyhmempi-kuin-riikinkukko-reika-paassa-mutta-silti-siita-tuli-550-miljoonan-dollarin-hitti","status":"publish","type":"post","link":"https:\/\/www.europesays.com\/fi\/140186\/","title":{"rendered":"Subin illan elokuva on tyhmempi kuin riikinkukko reik\u00e4 p\u00e4\u00e4ss\u00e4, mutta silti siit\u00e4 tuli 550 miljoonan dollarin hitti"},"content":{"rendered":"<p>Vuoden 1998 Armageddon on yksi 1990-luvun tunnetuimmista Hollywood-elokuvista, vaikka elokuvassa ei ole j\u00e4rjen h\u00e4iv\u00e4\u00e4.<\/p>\n<p>Subilla t\u00e4n\u00e4\u00e4n kello 21.00 alkavassa Armageddonissa (1998) koetetaan pelastaa Maa isolta kivenmurikalta.<\/p>\n<p>\u201dKun NASAN johtaja (Thornton) tajuaa, ett\u00e4 j\u00e4ttim\u00e4inen asteroidi tulee tuhoamaan maapallon 18 p\u00e4iv\u00e4n kuluttua, h\u00e4nell\u00e4 on vain yksi ratkaisu \u2013 l\u00e4hett\u00e4\u00e4 maailman parhaista ja kovimmista \u00f6ljynporaajista koostuva tiimi pudottamaan atomipommin asteroidin ytimeen.\u201d<\/p>\n<p>Kuulostaa kahjolta, ja jopa Armageddonin p\u00e4\u00e4osan esitt\u00e4j\u00e4n omat lapset haukkuivat tekeleen tarinan.<\/p>\n<p><a href=\"https:\/\/muropaketti.com\/elokuvat\/elokuvauutiset\/jopa-ben-affleckin-omat-lapset-haukkuivat-armageddonia-nayttelijalle-ei-tassa-ole-mitaan-jarkea\/\" rel=\"nofollow noopener\" target=\"_blank\">Jopa Ben Affleckin omat lapset haukkuivat Armageddonia: \u201cEi t\u00e4ss\u00e4 ole mit\u00e4\u00e4n j\u00e4rke\u00e4\u201d<\/a><\/p>\n<p>Armageddonin p\u00e4\u00e4osissa n\u00e4hd\u00e4\u00e4n Affleckin lis\u00e4ksi Bruce Willis, Billy Bob Thornton, Liv Tyler, Steve Buscemi ja Will Patton. <\/p>\n<p>Suoratoistona yli 550 miljoonan dollarin lipunmyynteihin maailmanlaajuisesti ylt\u00e4neen Armageddonin voi katsoa Disney+:sta.<\/p>\n<p>Michael Bayn ohjaaman tehostesekoilun lis\u00e4ksi Suomen televisiossa n\u00e4hd\u00e4\u00e4n my\u00f6s vuoden 1998 toinen katastrofielokuva; Armageddonin kanssa katsojista kilpaillut Deep Impact alkaa Kutosella kello 22.55.<\/p>\n","protected":false},"excerpt":{"rendered":"Vuoden 1998 Armageddon on yksi 1990-luvun tunnetuimmista Hollywood-elokuvista, vaikka elokuvassa ei ole j\u00e4rjen h\u00e4iv\u00e4\u00e4. Subilla t\u00e4n\u00e4\u00e4n kello 21.00&hellip;\n","protected":false},"author":2,"featured_media":140187,"comment_status":"","ping_status":"","sticky":false,"template":"","format":"standard","meta":{"footnotes":""},"categories":[131],"tags":[155,137,33,173,31,30,172,32,109],"class_list":{"0":"post-140186","1":"post","2":"type-post","3":"status-publish","4":"format-standard","5":"has-post-thumbnail","7":"category-elokuvat","8":"tag-elokuvat","9":"tag-entertainment","10":"tag-fi","11":"tag-film","12":"tag-finland","13":"tag-finnish","14":"tag-movies","15":"tag-suomi","16":"tag-viihde"},"share_on_mastodon":{"url":"https:\/\/pubeurope.com\/@fi\/115880892999553624","error":""},"_links":{"self":[{"href":"https:\/\/www.europesays.com\/fi\/wp-json\/wp\/v2\/posts\/140186","targetHints":{"allow":["GET"]}}],"collection":[{"href":"https:\/\/www.europesays.com\/fi\/wp-json\/wp\/v2\/posts"}],"about":[{"href":"https:\/\/www.europesays.com\/fi\/wp-json\/wp\/v2\/types\/post"}],"author":[{"embeddable":true,"href":"https:\/\/www.europesays.com\/fi\/wp-json\/wp\/v2\/users\/2"}],"replies":[{"embeddable":true,"href":"https:\/\/www.europesays.com\/fi\/wp-json\/wp\/v2\/comments?post=140186"}],"version-history":[{"count":0,"href":"https:\/\/www.europesays.com\/fi\/wp-json\/wp\/v2\/posts\/140186\/revisions"}],"wp:featuredmedia":[{"embeddable":true,"href":"https:\/\/www.europesays.com\/fi\/wp-json\/wp\/v2\/media\/140187"}],"wp:attachment":[{"href":"https:\/\/www.europesays.com\/fi\/wp-json\/wp\/v2\/media?parent=140186"}],"wp:term":[{"taxonomy":"category","embeddable":true,"href":"https:\/\/www.europesays.com\/fi\/wp-json\/wp\/v2\/categories?post=140186"},{"taxonomy":"post_tag","embeddable":true,"href":"https:\/\/www.europesays.com\/fi\/wp-json\/wp\/v2\/tags?post=140186"}],"curies":[{"name":"wp","href":"https:\/\/api.w.org\/{rel}","templated":true}]}}