{"id":140188,"date":"2026-01-12T07:15:07","date_gmt":"2026-01-12T07:15:07","guid":{"rendered":"https:\/\/www.europesays.com\/fi\/140188\/"},"modified":"2026-01-12T07:15:07","modified_gmt":"2026-01-12T07:15:07","slug":"jatkopaine-2-sportin-tyhjennysmyynnit-hifk-vs-ilves-isoja-sopimusuutisia-liiga-pelaajien-olympiavalinnat-jatkoaika-com","status":"publish","type":"post","link":"https:\/\/www.europesays.com\/fi\/140188\/","title":{"rendered":"Jatkopaine #2: Sportin tyhjennysmyynnit, HIFK vs Ilves, isoja sopimusuutisia, Liiga-pelaajien olympiavalinnat &#8211; Jatkoaika.com"},"content":{"rendered":"<ol>\n<li><a href=\"https:\/\/news.google.com\/rss\/articles\/CBMi3gFBVV95cUxOSmk2WWZUZXdGbV83TjZnMXN6cWI0cTYyUENQWDdLRm0wQzBBX21RVGZ4WERSLVczRldmeGY0WTM4elhNa2FzaGx0MDJEbnZGTzBLSHBjVS1GUmdmLVRKbTFsNlpGSC0zQXB0Y2ktLThiaGpaWjhwcklYeVAtRzJCVVhXdXRqeW9hZFpVM1dyYWsxZTRHYzdjcHUzQWRUZlZoX01rcThyRkxFaUJ6dXNNeGt4UGZiWFpka0ZYQmRlSGxvcVhXRENFX1psQXZxQVdLVG80VzdYOXFiN1lSMVE?oc=5\" target=\"_blank\" rel=\"nofollow noopener\">Jatkopaine #2: Sportin tyhjennysmyynnit, HIFK vs Ilves, isoja sopimusuutisia, Liiga-pelaajien olympiavalinnat<\/a>&nbsp;&nbsp;Jatkoaika.com<\/li>\n<li><a href=\"https:\/\/news.google.com\/rss\/articles\/CBMisAFBVV95cUxNdUttaWpxZDZERzVudXp1TmR4dmphMi1zdXZ4YWNQRU1TN2hzYmNzMVFIWXdyM0N2dVBmTTZ0WlpmMm9KbUJwVURCOVFFVjZieVJBS28tejNvYm5STW5CNlgzdmwyc2g5cGFGa29lX2V1amE2aUdRS0lHcmpDd0VoUS1IOE9hSmJ1MnJXX2tmM1NYbTJ6Nk9BOGJ3ZGIxa002Yy1OcU5sSEZwUm5LLVNXcA?oc=5\" target=\"_blank\" rel=\"nofollow noopener\">Tack f\u00f6r allt, Johan! Johan Sundstr\u00f6m siirtyy Sveitsin Liigaan<\/a>&nbsp;&nbsp;Vaasan Sport<\/li>\n<li><a href=\"https:\/\/news.google.com\/rss\/articles\/CBMie0FVX3lxTE5aWGRjTmt6cjBuMi04S1pXdkFTMHkzN0p3dFEwQ1I4TVpYcDRFRHFXc1g3RDI0ZG44WDZBekpieERPSXNxSVFnMkxsZmJKT055dE9qUDF5UjQ0Ny16U183SlRsTlNLQkt1ZlBnSVZ4SUNZRVZyaHpzX1FCQQ?oc=5\" target=\"_blank\" rel=\"nofollow noopener\">Irvokas tilanne hanskat tiskiin ly\u00f6neess\u00e4 SM-liigaseurassa<\/a>&nbsp;&nbsp;Iltalehti<\/li>\n<li><a href=\"https:\/\/news.google.com\/rss\/articles\/CBMilAFBVV95cUxQQWktMDg5VFlscXEwRjRhV21QbFJ4UXRmQTJnZS13WmtlZm9wbU92ZGtkcG1RV0I5SFdHeEhEUVRkaGJRX1NqdDVqRVhwSXIzQjE5WGJPZGFuVXQyd3A4eDByTjlPdWFPMTV5S0RYYUNiUXdIbGVKaHRUVGMwdjVEMGRTaElpa0VLYTJHWVpiYURib050?oc=5\" target=\"_blank\" rel=\"nofollow noopener\">&#8221;L\u00e4ht\u00f6j\u00e4kin on tulossa&#8221; \u2013 Sport pelaa Kuopiossa ilman useita k\u00e4rkipelaajiaan, joista osa on j\u00e4tt\u00e4m\u00e4ss\u00e4 seuran<\/a>&nbsp;&nbsp;Ilkka-Pohjalainen<\/li>\n<li><a href=\"https:\/\/news.google.com\/rss\/articles\/CBMiiwFBVV95cUxORmtlcWItWG9UQnhaS09uRGlYUmVsR29zNk5rLXpNREhxMnVCRGE0ZW1vdVY5eUJkZUFYVWkxeGVOYnUtMU5XeV9aNE05UW5iTlpwRERZMFg3VUJPTEJXUkxNRjhXbi1aOUJOVEV2Z3pDczBmRHJyWlowdnFOWUpYOUZnTmlGMnNiX3hF?oc=5\" target=\"_blank\" rel=\"nofollow noopener\">Vaasan Sport tyhjenee: nyt l\u00e4hti uusi hy\u00f6kk\u00e4\u00e4j\u00e4<\/a>&nbsp;&nbsp;SuomiKiekko<\/li>\n<\/ol>\n","protected":false},"excerpt":{"rendered":"Jatkopaine #2: Sportin tyhjennysmyynnit, HIFK vs Ilves, isoja sopimusuutisia, Liiga-pelaajien olympiavalinnat&nbsp;&nbsp;Jatkoaika.com Tack f\u00f6r allt, Johan! Johan Sundstr\u00f6m siirtyy&hellip;\n","protected":false},"author":2,"featured_media":140189,"comment_status":"","ping_status":"","sticky":false,"template":"","format":"standard","meta":{"footnotes":""},"categories":[158],"tags":[33,31,30,24253,24254,24252,24255,159,32,160],"class_list":{"0":"post-140188","1":"post","2":"type-post","3":"status-publish","4":"format-standard","5":"has-post-thumbnail","7":"category-urheilu","8":"tag-fi","9":"tag-finland","10":"tag-finnish","11":"tag-hifk-vs-ilves","12":"tag-isoja-sopimusuutisia","13":"tag-jatkopaine-2-sportin-tyhjennysmyynnit","14":"tag-liiga-pelaajien-olympiavalinnat-liiga-12-01-2026-podcastit-jatkoaika-com-kaikki-jaakiekosta","15":"tag-sports","16":"tag-suomi","17":"tag-urheilu"},"share_on_mastodon":{"url":"https:\/\/pubeurope.com\/@fi\/115880900966963044","error":""},"_links":{"self":[{"href":"https:\/\/www.europesays.com\/fi\/wp-json\/wp\/v2\/posts\/140188","targetHints":{"allow":["GET"]}}],"collection":[{"href":"https:\/\/www.europesays.com\/fi\/wp-json\/wp\/v2\/posts"}],"about":[{"href":"https:\/\/www.europesays.com\/fi\/wp-json\/wp\/v2\/types\/post"}],"author":[{"embeddable":true,"href":"https:\/\/www.europesays.com\/fi\/wp-json\/wp\/v2\/users\/2"}],"replies":[{"embeddable":true,"href":"https:\/\/www.europesays.com\/fi\/wp-json\/wp\/v2\/comments?post=140188"}],"version-history":[{"count":0,"href":"https:\/\/www.europesays.com\/fi\/wp-json\/wp\/v2\/posts\/140188\/revisions"}],"wp:featuredmedia":[{"embeddable":true,"href":"https:\/\/www.europesays.com\/fi\/wp-json\/wp\/v2\/media\/140189"}],"wp:attachment":[{"href":"https:\/\/www.europesays.com\/fi\/wp-json\/wp\/v2\/media?parent=140188"}],"wp:term":[{"taxonomy":"category","embeddable":true,"href":"https:\/\/www.europesays.com\/fi\/wp-json\/wp\/v2\/categories?post=140188"},{"taxonomy":"post_tag","embeddable":true,"href":"https:\/\/www.europesays.com\/fi\/wp-json\/wp\/v2\/tags?post=140188"}],"curies":[{"name":"wp","href":"https:\/\/api.w.org\/{rel}","templated":true}]}}