{"id":140234,"date":"2026-01-12T08:26:06","date_gmt":"2026-01-12T08:26:06","guid":{"rendered":"https:\/\/www.europesays.com\/fi\/140234\/"},"modified":"2026-01-12T08:26:06","modified_gmt":"2026-01-12T08:26:06","slug":"tahdet-tahdet-2026-uudet-kilpailijat-julki","status":"publish","type":"post","link":"https:\/\/www.europesays.com\/fi\/140234\/","title":{"rendered":"T\u00e4hdet, t\u00e4hdet 2026: Uudet kilpailijat julki"},"content":{"rendered":"<p>            Sanoma\n        <\/p>\n<p class=\"subtitle \">Mukana kilpailemassa on muun muassa Putouksesta tuttu n\u00e4yttelij\u00e4, vatsastapuhuja ja entinen euroviisuedustaja. Tuomareina ja juontajana jatkavat tutut kasvot.<\/p>\n<p class=\"article-content article-content-width !bg-background\">Nelonen julkisti tiedotteessaan maanantaina 12. tammikuuta uudet T\u00e4hdet, t\u00e4hdet -kilpailijat.\u00a0<\/p>\n<p class=\"article-content article-content-width !bg-background\">Vuoden 2026 T\u00e4hdet, t\u00e4hdet -kilpailijat ovat\u00a0n\u00e4yttelij\u00e4<br \/>\n,<br \/>\nlaulaja ,<br \/>\nys\u00e4rikingi ,<br \/>\nlaulaja ,<br \/>\nvatsastapuhuja ,<br \/>\nreggae-muusikko , laulaja , laulaja  ja oopperalaulaja . <\/p>\n<p>        <a itemprop=\"url\" href=\"https:\/\/www.seiska.fi\/katso\/anniina-valtonen-pikku-kakkoseen-lotta-saahkolta-villi-idea\/2040964\" rel=\"nofollow noopener\" target=\"_blank\"><\/p>\n<p>\nAnniina Valtonen Pikku Kakkoseen?\n<\/p>\n<p class=\"section-date\">\n        <strong class=\"article-section\" data-section=\"katso\"><br \/>\n            katso<br \/>\n        <\/strong><br \/>\n        9.1. 11:15\n    <\/p>\n<p>Anniina Valtonen Pikku Kakkoseen? Lotta Saahkolta villi idea\n    <\/p>\n<p itemprop=\"description\" class=\"subtitle \">\n    Anniina Valtonen v\u00e4l\u00e4ytti sosiaalisessa mediassa hauskan idean.\n<\/p>\n<p>        <\/a><\/p>\n<p>Tuttu tuomaristo uudella lis\u00e4yksess\u00e4<\/p>\n<p class=\"article-content article-content-width !bg-background\">Ohjelman tuomareina n\u00e4hd\u00e4\u00e4n aikaisemmilta kausilta tutut  ja .\u00a0<\/p>\n<p class=\"article-content article-content-width !bg-background\">Upeiden artistien esityksi\u00e4 p\u00e4\u00e4see tuomaroimaan my\u00f6s vaihtuva vieraileva tuomari, joka tuo oman yll\u00e4tyksellisen lis\u00e4ns\u00e4 kokonaisuuteen.<\/p>\n<p class=\"article-content article-content-width !bg-background\">Ohjelman juontajana jatkaa .<\/p>\n<p class=\"italic m-italic article-content article-content-width !bg-background\">T\u00e4hdet, t\u00e4hdet alkaa Nelosella ja Ruudussa 5. huhtikuuta alkaen.<\/p>\n<p>        <a itemprop=\"url\" href=\"https:\/\/www.seiska.fi\/katso\/uutisvuoksi-nyt-puhuu-tylysti-jatetty-ensitreffit-arttu\/2043070\" rel=\"nofollow noopener\" target=\"_blank\"><\/p>\n<p>\nUutisvuoksi:\n<\/p>\n<p class=\"section-date\">\n        <strong class=\"article-section\" data-section=\"katso\"><br \/>\n            katso<br \/>\n        <\/strong><br \/>\n        08:15\n    <\/p>\n<p>Uutisvuoksi: Nyt puhuu tylysti j\u00e4tetty Ensitreffit-Arttu\n    <\/p>\n<p itemprop=\"description\" class=\"subtitle \">\n    Artun ja Julian yhteinen tarina loppui lyhyeen. Osa katsojista s\u00e4\u00e4li Arttua, sill\u00e4 t\u00e4m\u00e4 ei saanut Julialta uutta mahdollisuutta, vaikka sanomisiaan pahoitteli ja vaikutti aidosti katuvaiselta sielulta.\n<\/p>\n<p>        <\/a><\/p>\n","protected":false},"excerpt":{"rendered":"Sanoma Mukana kilpailemassa on muun muassa Putouksesta tuttu n\u00e4yttelij\u00e4, vatsastapuhuja ja entinen euroviisuedustaja. Tuomareina ja juontajana jatkavat tutut&hellip;\n","protected":false},"author":2,"featured_media":140235,"comment_status":"","ping_status":"","sticky":false,"template":"","format":"standard","meta":{"footnotes":""},"categories":[136],"tags":[24260,407,137,33,31,30,408,20003,1758,32,1755,9460,109],"class_list":{"0":"post-140234","1":"post","2":"type-post","3":"status-publish","4":"format-standard","5":"has-post-thumbnail","7":"category-julkkikset","8":"tag-ami-aspelund","9":"tag-celebrities","10":"tag-entertainment","11":"tag-fi","12":"tag-finland","13":"tag-finnish","14":"tag-julkkikset","15":"tag-mikko-penttila","16":"tag-nelonen","17":"tag-suomi","18":"tag-susanna-laine","19":"tag-tahdet","20":"tag-viihde"},"share_on_mastodon":{"url":"https:\/\/pubeurope.com\/@fi\/115881180048904765","error":""},"_links":{"self":[{"href":"https:\/\/www.europesays.com\/fi\/wp-json\/wp\/v2\/posts\/140234","targetHints":{"allow":["GET"]}}],"collection":[{"href":"https:\/\/www.europesays.com\/fi\/wp-json\/wp\/v2\/posts"}],"about":[{"href":"https:\/\/www.europesays.com\/fi\/wp-json\/wp\/v2\/types\/post"}],"author":[{"embeddable":true,"href":"https:\/\/www.europesays.com\/fi\/wp-json\/wp\/v2\/users\/2"}],"replies":[{"embeddable":true,"href":"https:\/\/www.europesays.com\/fi\/wp-json\/wp\/v2\/comments?post=140234"}],"version-history":[{"count":0,"href":"https:\/\/www.europesays.com\/fi\/wp-json\/wp\/v2\/posts\/140234\/revisions"}],"wp:featuredmedia":[{"embeddable":true,"href":"https:\/\/www.europesays.com\/fi\/wp-json\/wp\/v2\/media\/140235"}],"wp:attachment":[{"href":"https:\/\/www.europesays.com\/fi\/wp-json\/wp\/v2\/media?parent=140234"}],"wp:term":[{"taxonomy":"category","embeddable":true,"href":"https:\/\/www.europesays.com\/fi\/wp-json\/wp\/v2\/categories?post=140234"},{"taxonomy":"post_tag","embeddable":true,"href":"https:\/\/www.europesays.com\/fi\/wp-json\/wp\/v2\/tags?post=140234"}],"curies":[{"name":"wp","href":"https:\/\/api.w.org\/{rel}","templated":true}]}}