{"id":140240,"date":"2026-01-12T08:33:07","date_gmt":"2026-01-12T08:33:07","guid":{"rendered":"https:\/\/www.europesays.com\/fi\/140240\/"},"modified":"2026-01-12T08:33:07","modified_gmt":"2026-01-12T08:33:07","slug":"virtanen-avaa-kauden-australian-avointen-karsinnoista-paasarjapaikka-on-ensimmainen-tavoite-tietenkin","status":"publish","type":"post","link":"https:\/\/www.europesays.com\/fi\/140240\/","title":{"rendered":"Virtanen avaa kauden Australian avointen karsinnoista \u2013 &#8221;P\u00e4\u00e4sarjapaikka on ensimm\u00e4inen tavoite tietenkin&#8221;"},"content":{"rendered":"<p>            <a href=\"https:\/\/www.tennis.fi\" class=\"home\" rel=\"nofollow noopener\" target=\"_blank\">Etusivu<\/a> &gt; <a href=\"https:\/\/www.tennis.fi\/uutiset\/\" class=\"post-root post post-post\" rel=\"nofollow noopener\" target=\"_blank\">Uutiset<\/a> &gt; <a href=\"https:\/\/www.tennis.fi\/uutiset\/kategoria\/ennakot\/\" class=\"taxonomy category\" rel=\"nofollow noopener\" target=\"_blank\">Ennakot<\/a> &gt; Virtanen avaa kauden Australian avointen karsinnoista \u2013 \u201dP\u00e4\u00e4sarjapaikka on ensimm\u00e4inen tavoite tietenkin\u201d        <\/p>\n<p class=\"info\">12.1.2026 \u00a0|\u00a0 09:49 \u00a0|\u00a0 Ennakot<\/p>\n<p>                    <img loading=\"lazy\" width=\"1536\" height=\"1132\" src=\"https:\/\/www.europesays.com\/fi\/wp-content\/uploads\/2026\/01\/GhD-A7pbUAAA9qt-scaled-e1736653391797-1536x1132.jpeg\" class=\"attachment-1536x1536 size-1536x1536 wp-post-image\" alt=\"\" decoding=\"async\"  \/>                    Kuva: Australian Open 2025<\/p>\n<p data-start=\"90\" data-end=\"363\"><strong>Otto Virtanen<\/strong> k\u00e4ynnist\u00e4\u00e4 kauden 2026 Australian avointen karsinnoista.<\/p>\n<p data-start=\"90\" data-end=\"363\">Vuosi sitten Virtanen n\u00e4htiin suoraan p\u00e4\u00e4sarjassa, mutta t\u00e4ll\u00e4 kertaa urakka alkaa viikkoa aikaisemmin kilpailun karsinnoista. Suomalainen on karsintojen 12. sijoitettu ja maailmanlistalla sijalla 126.<\/p>\n<p data-start=\"365\" data-end=\"576\">Karsintojen avauskierroksella Virtanen kohtaa kolumbialaisen <strong data-start=\"426\" data-end=\"444\">Nicolas Mejian<\/strong> (ATP-169). Kyseess\u00e4 on pelaajien ensimm\u00e4inen kohtaaminen. Ottelu on ohjelmassa tiistain vastaisena y\u00f6n\u00e4 noin klo 2.30 Suomen aikaa.<\/p>\n<p data-start=\"578\" data-end=\"767\">Tie kauden ensimm\u00e4isen grand slam -turnauksen p\u00e4\u00e4sarjaan vaatii kolme voittoa. Suomen kaksinpelin ykk\u00f6spelaaja Virtanen kertoo kauteen valmistautumisen sujuneen suunnitelmien mukaan.<\/p>\n<p data-start=\"769\" data-end=\"938\">\u201dHyv\u00e4 valmistautuminen kokonaisuudessaan. Rannevaivasta on p\u00e4\u00e4sty yli ja olen p\u00e4\u00e4ssyt normaalisti treenaamaan joulun j\u00e4lkeen. Olin treenileirill\u00e4 Dubaissa ennen Melbourneen tuloa\u201d, Virtanen kertoi.<\/p>\n<p data-start=\"769\" data-end=\"938\">Viime kaudella loukkaantumisista k\u00e4rsinyt 24-vuotias Virtanen odottaa kauden alkua innoissaan. Kes\u00e4ll\u00e4 polvivammasta ja loppukaudesta rannevammasta k\u00e4rsinyt suomalainen kertoo l\u00e4htev\u00e4ns\u00e4 uuteen kauteen hyvill\u00e4 mielin.<\/p>\n<p data-start=\"769\" data-end=\"938\">\u201dHyvill\u00e4 fiiliksill\u00e4 l\u00e4hden pelaamaan, kun p\u00e4\u00e4see terveen\u00e4 aloittamaan kilpailut. Tavoitteena on oikeastaan pelata pitk\u00e4 ja terve kausi.\u201d<\/p>\n<p data-start=\"940\" data-end=\"1016\">Australian avoimista Virtanen hakee viel\u00e4 uransa ensimm\u00e4ist\u00e4 voittoa. Suomalaisen pelit ovat kahdesti p\u00e4\u00e4ttyneet karsintojen ensimm\u00e4iselle kierrokselle ja viime vuonna p\u00e4\u00e4sarjan avausotteluun.<\/p>\n<p data-start=\"1216\" data-end=\"1387\">\u201dAustralian avoimissa tavoitteena on saada mahdollisimman monta matsivoittoa heti kauden alkuun. P\u00e4\u00e4sarjapaikka on ensimm\u00e4inen tavoite tietenkin, ja siit\u00e4 sitten jatkaa eteenp\u00e4in turnauksessa\u201d, summasi Virtanen.<\/p>\n<p data-start=\"1535\" data-end=\"1682\" data-is-last-node=\"\" data-is-only-node=\"\">Virtasen karsintaurakka k\u00e4ynnistyy varhain tiistaiaamuna Suomen aikaa.<\/p>\n<p><a href=\"https:\/\/ausopen.com\/draws\" rel=\"nofollow noopener\" target=\"_blank\">AUSTRALIAN AVOIMET | KARSINNAT<\/a><\/p>\n<blockquote>\n<p>Virtasen lis\u00e4ksi suomalaisv\u00e4ri\u00e4 Melbournessa tuovat <strong data-start=\"1441\" data-end=\"1461\">Harri Heli\u00f6vaara<\/strong> sek\u00e4 <strong data-start=\"1467\" data-end=\"1486\">Emil Ruusuvuori<\/strong>, joka p\u00e4\u00e4see mukaan suojatun rankingin turvin. Heli\u00f6vaara puolustaa nelinpelin mestaruutta\u00a0<strong>Henry Pattenin\u00a0<\/strong>kanssa. Australian avointen p\u00e4\u00e4sarjat k\u00e4ynnistyv\u00e4t ensi viikolla.<\/p>\n<\/blockquote>\n<p class=\"small\">Jaa:<\/p>\n","protected":false},"excerpt":{"rendered":"Etusivu &gt; Uutiset &gt; Ennakot &gt; Virtanen avaa kauden Australian avointen karsinnoista \u2013 \u201dP\u00e4\u00e4sarjapaikka on ensimm\u00e4inen tavoite tietenkin\u201d&hellip;\n","protected":false},"author":2,"featured_media":140241,"comment_status":"","ping_status":"","sticky":false,"template":"","format":"standard","meta":{"footnotes":""},"categories":[158],"tags":[33,31,30,159,32,160],"class_list":{"0":"post-140240","1":"post","2":"type-post","3":"status-publish","4":"format-standard","5":"has-post-thumbnail","7":"category-urheilu","8":"tag-fi","9":"tag-finland","10":"tag-finnish","11":"tag-sports","12":"tag-suomi","13":"tag-urheilu"},"share_on_mastodon":{"url":"https:\/\/pubeurope.com\/@fi\/115881207684546114","error":""},"_links":{"self":[{"href":"https:\/\/www.europesays.com\/fi\/wp-json\/wp\/v2\/posts\/140240","targetHints":{"allow":["GET"]}}],"collection":[{"href":"https:\/\/www.europesays.com\/fi\/wp-json\/wp\/v2\/posts"}],"about":[{"href":"https:\/\/www.europesays.com\/fi\/wp-json\/wp\/v2\/types\/post"}],"author":[{"embeddable":true,"href":"https:\/\/www.europesays.com\/fi\/wp-json\/wp\/v2\/users\/2"}],"replies":[{"embeddable":true,"href":"https:\/\/www.europesays.com\/fi\/wp-json\/wp\/v2\/comments?post=140240"}],"version-history":[{"count":0,"href":"https:\/\/www.europesays.com\/fi\/wp-json\/wp\/v2\/posts\/140240\/revisions"}],"wp:featuredmedia":[{"embeddable":true,"href":"https:\/\/www.europesays.com\/fi\/wp-json\/wp\/v2\/media\/140241"}],"wp:attachment":[{"href":"https:\/\/www.europesays.com\/fi\/wp-json\/wp\/v2\/media?parent=140240"}],"wp:term":[{"taxonomy":"category","embeddable":true,"href":"https:\/\/www.europesays.com\/fi\/wp-json\/wp\/v2\/categories?post=140240"},{"taxonomy":"post_tag","embeddable":true,"href":"https:\/\/www.europesays.com\/fi\/wp-json\/wp\/v2\/tags?post=140240"}],"curies":[{"name":"wp","href":"https:\/\/api.w.org\/{rel}","templated":true}]}}