{"id":140250,"date":"2026-01-12T08:40:18","date_gmt":"2026-01-12T08:40:18","guid":{"rendered":"https:\/\/www.europesays.com\/fi\/140250\/"},"modified":"2026-01-12T08:40:18","modified_gmt":"2026-01-12T08:40:18","slug":"turkulaiset-nuorten-ryhmat-voivat-hakea-rahoitusta-hankkeilleen-19-1-16-2","status":"publish","type":"post","link":"https:\/\/www.europesays.com\/fi\/140250\/","title":{"rendered":"Turkulaiset nuorten ryhm\u00e4t voivat hakea rahoitusta hankkeilleen 19.1. \u2013 16.2."},"content":{"rendered":"<p>Hankerahaa voi hakea ryhm\u00e4, jossa on v\u00e4hint\u00e4\u00e4n kolme 13 \u2013 19-vuotiasta Turussa asuvaa tai opiskelevaa nuorta. Tavoitteena on, ett\u00e4 nuoret ideoivat tapahtumia tai toimintaa, joihin mahdollisimman moni voi osallistua. Kyseess\u00e4 voi olla esimerkiksi teemap\u00e4iv\u00e4, konsertti, disko, retki, luento tai kurssi, joka ei muuten toteutuisi.<\/p>\n<p>Nuorisovaltuuston puheenjohtajisto k\u00e4y hakemukset l\u00e4pi ja karsii ne hankkeet, jotka eiv\u00e4t t\u00e4yt\u00e4 hankehaun s\u00e4\u00e4nt\u00f6j\u00e4.\u00a0<\/p>\n<p>Nuorten ryhm\u00e4t esittelev\u00e4t omat hankeideansa nuorisovaltuuston kokouksessa\u00a0Turun\u00a0linnassa\u00a025.3.2026 klo 17 alkaen.\u00a0Nuorisovaltuusto valitsee \u00e4\u00e4nest\u00e4m\u00e4ll\u00e4 ne ideat, jotka saavat rahoitusta. Hankkeet toteutetaan vuoden 2026\u00a0aikana.<\/p>\n<p><strong>Hakulomake on verkossa hakuaikana<\/strong>\u00a0<a href=\"http:\/\/lomakkeet.turku.fi\/\" rel=\"nofollow noopener\" target=\"_blank\">http:\/\/lomakkeet.turku.fi<\/a>.\u00a0<br \/>Hankehaun s\u00e4\u00e4nn\u00f6t ja lis\u00e4tietoa nuorisovaltuuston verkkosivuilla\u00a0<a href=\"https:\/\/www.turku.fi\/nuvaraha\" rel=\"nofollow noopener\" target=\"_blank\">www.turku.fi\/nuvaraha<\/a>\u00a0ja ruotsiksi\u00a0<a href=\"https:\/\/www.turku.fi\/sv\/ungdomsfullmaktigespengar\" rel=\"nofollow noopener\" target=\"_blank\">www.turku.fi\/sv\/ungdomsfullmaktigespengar<\/a>.\u00a0<\/p>\n<p>Turun nuorisovaltuusto on vaaleilla valittu sitoutumaton Turussa asuvia ja opiskelevia nuoria edustava vaikuttajaryhm\u00e4, joka ajaa nuorten etuja.<\/p>\n","protected":false},"excerpt":{"rendered":"Hankerahaa voi hakea ryhm\u00e4, jossa on v\u00e4hint\u00e4\u00e4n kolme 13 \u2013 19-vuotiasta Turussa asuvaa tai opiskelevaa nuorta. Tavoitteena on,&hellip;\n","protected":false},"author":2,"featured_media":140251,"comment_status":"","ping_status":"","sticky":false,"template":"","format":"standard","meta":{"footnotes":""},"categories":[5],"tags":[22,23,26,27,33,31,30,17,24,25,28,29,15,18,21,32,19,20,16],"class_list":{"0":"post-140250","1":"post","2":"type-post","3":"status-publish","4":"format-standard","5":"has-post-thumbnail","7":"category-otsikot","8":"tag-breaking-news","9":"tag-breakingnews","10":"tag-featured-news","11":"tag-featurednews","12":"tag-fi","13":"tag-finland","14":"tag-finnish","15":"tag-headlines","16":"tag-latest-news","17":"tag-latestnews","18":"tag-main-news","19":"tag-mainnews","20":"tag-news","21":"tag-otsikot","22":"tag-paauutiset","23":"tag-suomi","24":"tag-top-stories","25":"tag-topstories","26":"tag-uutiset"},"share_on_mastodon":{"url":"https:\/\/pubeurope.com\/@fi\/115881235098069531","error":""},"_links":{"self":[{"href":"https:\/\/www.europesays.com\/fi\/wp-json\/wp\/v2\/posts\/140250","targetHints":{"allow":["GET"]}}],"collection":[{"href":"https:\/\/www.europesays.com\/fi\/wp-json\/wp\/v2\/posts"}],"about":[{"href":"https:\/\/www.europesays.com\/fi\/wp-json\/wp\/v2\/types\/post"}],"author":[{"embeddable":true,"href":"https:\/\/www.europesays.com\/fi\/wp-json\/wp\/v2\/users\/2"}],"replies":[{"embeddable":true,"href":"https:\/\/www.europesays.com\/fi\/wp-json\/wp\/v2\/comments?post=140250"}],"version-history":[{"count":0,"href":"https:\/\/www.europesays.com\/fi\/wp-json\/wp\/v2\/posts\/140250\/revisions"}],"wp:featuredmedia":[{"embeddable":true,"href":"https:\/\/www.europesays.com\/fi\/wp-json\/wp\/v2\/media\/140251"}],"wp:attachment":[{"href":"https:\/\/www.europesays.com\/fi\/wp-json\/wp\/v2\/media?parent=140250"}],"wp:term":[{"taxonomy":"category","embeddable":true,"href":"https:\/\/www.europesays.com\/fi\/wp-json\/wp\/v2\/categories?post=140250"},{"taxonomy":"post_tag","embeddable":true,"href":"https:\/\/www.europesays.com\/fi\/wp-json\/wp\/v2\/tags?post=140250"}],"curies":[{"name":"wp","href":"https:\/\/api.w.org\/{rel}","templated":true}]}}