{"id":140260,"date":"2026-01-12T08:59:08","date_gmt":"2026-01-12T08:59:08","guid":{"rendered":"https:\/\/www.europesays.com\/fi\/140260\/"},"modified":"2026-01-12T08:59:08","modified_gmt":"2026-01-12T08:59:08","slug":"hildur-islantilainen-paaosan-esittaja-hehkuttaa-suomalaisia-tyokavereitaan","status":"publish","type":"post","link":"https:\/\/www.europesays.com\/fi\/140260\/","title":{"rendered":"Hildur: Islantilainen p\u00e4\u00e4osan esitt\u00e4j\u00e4 hehkuttaa suomalaisia ty\u00f6kavereitaan"},"content":{"rendered":"<p>Islantilaisn\u00e4yttelij\u00e4 Ebba Katr\u00edn Finnsd\u00f3ttir yst\u00e4vystyi Hildurin kuvauksissa suomalaisten ty\u00f6kavereidensa kanssa.<\/p>\n<p class=\"article-body mb-nof-24 px-nof-16\">Uudessa Hildur-sarjassa p\u00e4\u00e4osaa esitt\u00e4v\u00e4 islantilainen <a class=\"font-bold underline-offset-[0.12em] [text-decoration:var(--person-link-text-decoration)] ![text-decoration-color:var(--person-link-text-decoration-color)]\" href=\"https:\/\/www.is.fi\/haku\/?query=Ebba%20Katr%C3%ADn%20Finnsd%C3%B3ttir\" rel=\"nofollow noopener\" target=\"_blank\">Ebba Katr\u00edn Finnsd\u00f3ttir<\/a> on toista kertaa Helsingiss\u00e4.<\/p>\n<p class=\"article-body mb-nof-24 px-nof-16\">Finnsd\u00f3ttir k\u00e4vi vuosia sitten ensimm\u00e4isen kerran maamme p\u00e4\u00e4kaupungissa.<\/p>\n<p class=\"article-body mb-nof-24 px-nof-16\">\u2013\u2009Silloin oli marraskuu. Nyt on valoisaa siihen aiempaan vierailuuni verrattuna, Finnsd\u00f3ttir toteaa helsinkil\u00e4ishotellin aulassa.<\/p>\n<p class=\"article-body mb-nof-24 px-nof-16\">Finnsd\u00f3ttir katselee lumista Helsinki\u00e4 hotellin ikkunasta.<\/p>\n<p class=\"article-body mb-nof-24 px-nof-16\">\u2013\u2009T\u00e4m\u00e4 on kiva kaupunki. Helsingiss\u00e4 on kansainv\u00e4lisempi tunnelma kuin Reykjav\u00edkissa, n\u00e4yttelij\u00e4 vertaa Suomen p\u00e4\u00e4kaupunkia kotimaansa vastaavaan.<\/p>\n<p class=\"article-body mb-nof-24 px-nof-16\">H\u00e4n ei kuitenkaan ole varsinaisella lomamatkalla, vaan osallistumassa<a class=\"font-bold underline-offset-[0.12em] [text-decoration:var(--person-link-text-decoration)] ![text-decoration-color:var(--person-link-text-decoration-color)]\" href=\"https:\/\/www.is.fi\/haku\/?query=%20Satu%20R%C3%A4m%C3%B6n\" rel=\"nofollow noopener\" target=\"_blank\"> Satu R\u00e4m\u00f6n<\/a> suosittuun kirjasarjaan perustuvan Hildur-sarjan lehdist\u00f6tilaisuuteen.<\/p>\n<p class=\"article-body mb-nof-24 px-nof-16\">\u2013\u2009Minulla ei ole paljon aikaa t\u00e4\u00e4ll\u00e4. Pyrin kuitenkin k\u00e4ym\u00e4\u00e4n teatterissa illalla, vaikka minulla on aamulento.<\/p>\n<p><img decoding=\"async\" src=\"https:\/\/www.europesays.com\/fi\/wp-content\/uploads\/2026\/01\/1768208347_613_468.jpg\" alt=\"Edellisell\u00e4 visiitill\u00e4\u00e4n Helsingiss\u00e4 Finnsd\u00f3ttir kerkesi k\u00e4ym\u00e4\u00e4n saunassa ja meress\u00e4. Nyt h\u00e4n haaveilee p\u00e4\u00e4sev\u00e4ns\u00e4 teatteriin.\" class=\"_Img_1rerz_1\" style=\"aspect-ratio:1.5\" loading=\"eager\"\/><\/p>\n<p class=\"article-picture-caption\">Edellisell\u00e4 visiitill\u00e4\u00e4n Helsingiss\u00e4 Finnsd\u00f3ttir kerkesi k\u00e4ym\u00e4\u00e4n saunassa ja meress\u00e4. Nyt h\u00e4n haaveilee p\u00e4\u00e4sev\u00e4ns\u00e4 teatteriin. Kuva:\u00a0Antti H\u00e4m\u00e4l\u00e4inen<\/p>\n<p class=\"article-body mb-nof-24 px-nof-16\">Tekij\u00f6idens\u00e4 \u201dNordic blueksi\u201d kuvailema poliisisarja on kansainv\u00e4linen yhteistuotanto, joten <a class=\"font-bold underline-offset-[0.12em] [text-decoration:var(--person-link-text-decoration)] ![text-decoration-color:var(--person-link-text-decoration-color)]\" href=\"https:\/\/www.is.fi\/haku\/?query=Finnsd%C3%B3ttir\" rel=\"nofollow noopener\" target=\"_blank\">Finnsd\u00f3ttir<\/a> tutustui sarjan kuvauksissa lukuisiin suomalaisn\u00e4yttelij\u00f6ihin.<\/p>\n<p class=\"article-body mb-nof-24 px-nof-16\">\u2013 Sain hyvi\u00e4 yst\u00e4vi\u00e4. He ovat hienoja ihmisi\u00e4 ja ammattilaisia. Suomalaisten kanssa on helppo ty\u00f6skennell\u00e4.<\/p>\n<p class=\"article-body mb-nof-24 px-nof-16\">Finnsd\u00f3ttir sanoo, ett\u00e4 suomalaisia ja islantilaisia yhdist\u00e4\u00e4 huumorintaju.<\/p>\n<p class=\"article-body mb-nof-24 px-nof-16\">\u2013\u2009Se meid\u00e4n yhteinen huumorimme on usein hieman mustaa ja sarkastista, h\u00e4n naurahtaa.<\/p>\n<p class=\"article-body mb-nof-24 px-nof-16\">R\u00e4m\u00f6n luoma islantilainen Hildur on varsin aikaansaava fiktiopoliisi.<\/p>\n<p class=\"article-body mb-nof-24 px-nof-16\">\u2013\u2009Pid\u00e4n juuri siit\u00e4 piirteest\u00e4 h\u00e4ness\u00e4. Hildur on sellainen ihminen, joka saa asiat tapahtumaan, n\u00e4yttelij\u00e4 kuvailee lopuksi.<\/p>\n<p><img decoding=\"async\" src=\"https:\/\/www.europesays.com\/fi\/wp-content\/uploads\/2026\/01\/1768208348_931_468.jpg\" alt=\"Finnsd\u00f3ttir yst\u00e4vystyi sarjan kuvauksissa muun muassa suomalaista poliisiharjoittelijaa Jakobia esitt\u00e4v\u00e4n Lauri Tilkasen kanssa.\" class=\"_Img_1rerz_1\" style=\"aspect-ratio:1.5011727912431587\" loading=\"eager\"\/><\/p>\n<p class=\"article-picture-caption\">Finnsd\u00f3ttir yst\u00e4vystyi sarjan kuvauksissa muun muassa suomalaista poliisiharjoittelijaa Jakobia esitt\u00e4v\u00e4n Lauri Tilkasen kanssa. Kuva:\u00a0Bj\u00f6rgvin Hilmarsson<\/p>\n<p class=\"article-body mb-nof-24 px-nof-16\">P\u00e4\u00e4roolissa Hildurina Finnsd\u00f3ttir n\u00e4hd\u00e4\u00e4n sarjassa tutkimassa murhia, jotka paljastuvat sarjamurhaajan tekosiksi. Islannissa asuu noin 390\u00a0000 asukasta ja pieni maa on usein erilaisissa turvallisuustilastoissa k\u00e4rkipaikoilla.<\/p>\n<p class=\"article-body mb-nof-24 px-nof-16\">Onko Hildurin tarinan sijoittuminen Islantiin p\u00e4\u00e4osan esitt\u00e4j\u00e4n mielest\u00e4 realistista?<\/p>\n<p class=\"article-body mb-nof-24 px-nof-16\">\u2013\u2009T\u00e4m\u00e4 on fiktiota. N\u00e4en kuitenkin, ett\u00e4 tarina on realistinen ja sellainen, joka voisi tapahtua. Meill\u00e4 on murhia, vaikka v\u00e4hemm\u00e4n, koska olemme pieni maa.<\/p>\n<p class=\"article-body mb-nof-24 px-nof-16\">Finnsd\u00f3ttir muistelee my\u00f6s, ett\u00e4 h\u00e4nen lapsuudessaan televisiosta tuli tosiel\u00e4m\u00e4n henkirikoksista Islannissa kertonut sarja, jonka tapaukset olivat \u201dj\u00e4rkytt\u00e4vi\u00e4\u201d.<\/p>\n<p class=\"article-body nof-ui-body-medium mb-nof-24 px-nof-16\">Hilduria esitt\u00e4v\u00e4 Nelonen kuuluu samaan Sanoma-konserniin kuin Ilta-Sanomat.<\/p>\n<p class=\"article-body nof-ui-body-medium mb-nof-24 px-nof-16\">Hildur Nelonen klo 21:00 maanantaina 26.1. &amp; Ruutu 26.1.<\/p>\n","protected":false},"excerpt":{"rendered":"Islantilaisn\u00e4yttelij\u00e4 Ebba Katr\u00edn Finnsd\u00f3ttir yst\u00e4vystyi Hildurin kuvauksissa suomalaisten ty\u00f6kavereidensa kanssa. Uudessa Hildur-sarjassa p\u00e4\u00e4osaa esitt\u00e4v\u00e4 islantilainen Ebba Katr\u00edn Finnsd\u00f3ttir&hellip;\n","protected":false},"author":2,"featured_media":140261,"comment_status":"","ping_status":"","sticky":false,"template":"","format":"standard","meta":{"footnotes":""},"categories":[158],"tags":[33,31,30,34,159,32,160],"class_list":{"0":"post-140260","1":"post","2":"type-post","3":"status-publish","4":"format-standard","5":"has-post-thumbnail","7":"category-urheilu","8":"tag-fi","9":"tag-finland","10":"tag-finnish","11":"tag-ilta-sanomat","12":"tag-sports","13":"tag-suomi","14":"tag-urheilu"},"share_on_mastodon":{"url":"https:\/\/pubeurope.com\/@fi\/115881310175746212","error":""},"_links":{"self":[{"href":"https:\/\/www.europesays.com\/fi\/wp-json\/wp\/v2\/posts\/140260","targetHints":{"allow":["GET"]}}],"collection":[{"href":"https:\/\/www.europesays.com\/fi\/wp-json\/wp\/v2\/posts"}],"about":[{"href":"https:\/\/www.europesays.com\/fi\/wp-json\/wp\/v2\/types\/post"}],"author":[{"embeddable":true,"href":"https:\/\/www.europesays.com\/fi\/wp-json\/wp\/v2\/users\/2"}],"replies":[{"embeddable":true,"href":"https:\/\/www.europesays.com\/fi\/wp-json\/wp\/v2\/comments?post=140260"}],"version-history":[{"count":0,"href":"https:\/\/www.europesays.com\/fi\/wp-json\/wp\/v2\/posts\/140260\/revisions"}],"wp:featuredmedia":[{"embeddable":true,"href":"https:\/\/www.europesays.com\/fi\/wp-json\/wp\/v2\/media\/140261"}],"wp:attachment":[{"href":"https:\/\/www.europesays.com\/fi\/wp-json\/wp\/v2\/media?parent=140260"}],"wp:term":[{"taxonomy":"category","embeddable":true,"href":"https:\/\/www.europesays.com\/fi\/wp-json\/wp\/v2\/categories?post=140260"},{"taxonomy":"post_tag","embeddable":true,"href":"https:\/\/www.europesays.com\/fi\/wp-json\/wp\/v2\/tags?post=140260"}],"curies":[{"name":"wp","href":"https:\/\/api.w.org\/{rel}","templated":true}]}}