{"id":140268,"date":"2026-01-12T09:05:08","date_gmt":"2026-01-12T09:05:08","guid":{"rendered":"https:\/\/www.europesays.com\/fi\/140268\/"},"modified":"2026-01-12T09:05:08","modified_gmt":"2026-01-12T09:05:08","slug":"tasta-joukosta-loytyvat-yrittajien-vuoden-parhaat-paikallisyhdistykset-ja-toimialajarjesto","status":"publish","type":"post","link":"https:\/\/www.europesays.com\/fi\/140268\/","title":{"rendered":"T\u00e4st\u00e4 joukosta l\u00f6ytyv\u00e4t Yritt\u00e4jien vuoden parhaat paikallisyhdistykset ja toimialaj\u00e4rjest\u00f6"},"content":{"rendered":"<p class=\"gb-ingress__content\">\n\t\t\t\tSuomen Yritt\u00e4jien vuoden paikallisyhdistykset ja toimialaj\u00e4rjest\u00f6 julkistetaan j\u00e4lleen helmikuun alkupuolella.\t\t\t<\/p>\n<p>Suomen Yritt\u00e4jien paikallisyhdistysten arvioinnissa yhdistykset on jaettu nelj\u00e4\u00e4n eri sarjaan paikallisyhdistyksen koon mukaan. Jokaisessa sarjassa finalisteiksi valittiin viisi ehdokasta. Voittajat julkistetaan 6. helmikuuta Suomen Yritt\u00e4jien Vaikuttajafoorumissa Helsingiss\u00e4.<\/p>\n<p>Pienimpien alle sadan j\u00e4senen paikallisyhdistysten finalisteiksi valittiin Jaalan Yritt\u00e4j\u00e4t (Kymi), Kronoby F\u00f6retagare (Keski-Pohjanmaa), Parikkalan Yritt\u00e4j\u00e4t (Etel\u00e4-Karjala), Per\u00e4sein\u00e4joen Yritt\u00e4j\u00e4t (Etel\u00e4-Pohjanmaa) ja Tohmaj\u00e4rven Yritt\u00e4j\u00e4t (Pohjois-Karjala).<\/p>\n<p>100\u2013200 j\u00e4senen sarjassa finaaliin ylsiv\u00e4t Anjalankosken Yritt\u00e4j\u00e4t (Kymi), Haapaj\u00e4rven Yritt\u00e4j\u00e4t (Keski-Pohjanmaa), Laitilan-Pyh\u00e4rannan Yritt\u00e4j\u00e4t (Varsinais-Suomi), Muuramen Yritt\u00e4j\u00e4t (Keski-Suomi) ja Virtain Yritt\u00e4j\u00e4t (Pirkanmaa).<\/p>\n<p>201\u2013499 j\u00e4senen yhdistysten sarjassa viiden k\u00e4rkeen nousivat Heinolan Yritt\u00e4j\u00e4t (P\u00e4ij\u00e4t-H\u00e4me), Keravan Yritt\u00e4j\u00e4t (Uusimaa), Lapuan Yritt\u00e4j\u00e4t (Etel\u00e4-Pohjanmaa), Naantalin Yritt\u00e4j\u00e4t (Varsinais-Suomi) ja Ulvilan Yritt\u00e4j\u00e4t (Satakunta).<\/p>\n<p>V\u00e4hint\u00e4\u00e4n 500 j\u00e4senen yhdistyksist\u00e4 ehdolla ovat Kuopion Yritt\u00e4j\u00e4t (Savo), Lohjan Yritt\u00e4j\u00e4t (Uusimaa), Oulun Yritt\u00e4j\u00e4t (Pohjois-Pohjanmaa), Rauman Yritt\u00e4j\u00e4t (Satakunta) ja Yl\u00f6j\u00e4rven Yritt\u00e4j\u00e4t (Pirkanmaa).<\/p>\n<p>Vaikuttajafoorumissa palkitaan my\u00f6s vuoden toimialaj\u00e4rjest\u00f6. Ehdolla ovat Erikoiskaupan liitto Etu ry, Liikuntayritt\u00e4j\u00e4t ry, L\u00e4\u00e4k\u00e4ripalveluyritykset LPY ry, N\u00e4keminen ja silm\u00e4terveys N\u00c4E ry sek\u00e4 S\u00e4hk\u00f6- ja teleurakoitsijat STUL ry.<\/p>\n<p><img loading=\"lazy\" decoding=\"async\" width=\"1024\" height=\"682\" src=\"https:\/\/www.europesays.com\/fi\/wp-content\/uploads\/2026\/01\/tajfinalisti2025-1024x682.webp.webp\" alt=\"\" class=\"wp-image-822924\"  \/><\/p>\n<p>\t\t\t\t\t\tVinkkaa meille juttuaihe!<\/p>\n<p>                            Vinkkaa meille juttuaihe!<\/p>\n","protected":false},"excerpt":{"rendered":"Suomen Yritt\u00e4jien vuoden paikallisyhdistykset ja toimialaj\u00e4rjest\u00f6 julkistetaan j\u00e4lleen helmikuun alkupuolella. Suomen Yritt\u00e4jien paikallisyhdistysten arvioinnissa yhdistykset on jaettu nelj\u00e4\u00e4n&hellip;\n","protected":false},"author":2,"featured_media":140269,"comment_status":"","ping_status":"","sticky":false,"template":"","format":"standard","meta":{"footnotes":""},"categories":[12],"tags":[22,23,26,27,33,31,30,17,24,25,28,29,15,18,21,8774,32,19,20,16],"class_list":{"0":"post-140268","1":"post","2":"type-post","3":"status-publish","4":"format-standard","5":"has-post-thumbnail","7":"category-suomi","8":"tag-breaking-news","9":"tag-breakingnews","10":"tag-featured-news","11":"tag-featurednews","12":"tag-fi","13":"tag-finland","14":"tag-finnish","15":"tag-headlines","16":"tag-latest-news","17":"tag-latestnews","18":"tag-main-news","19":"tag-mainnews","20":"tag-news","21":"tag-otsikot","22":"tag-paauutiset","23":"tag-palkitseminen","24":"tag-suomi","25":"tag-top-stories","26":"tag-topstories","27":"tag-uutiset"},"share_on_mastodon":{"url":"https:\/\/pubeurope.com\/@fi\/115881333531990087","error":""},"_links":{"self":[{"href":"https:\/\/www.europesays.com\/fi\/wp-json\/wp\/v2\/posts\/140268","targetHints":{"allow":["GET"]}}],"collection":[{"href":"https:\/\/www.europesays.com\/fi\/wp-json\/wp\/v2\/posts"}],"about":[{"href":"https:\/\/www.europesays.com\/fi\/wp-json\/wp\/v2\/types\/post"}],"author":[{"embeddable":true,"href":"https:\/\/www.europesays.com\/fi\/wp-json\/wp\/v2\/users\/2"}],"replies":[{"embeddable":true,"href":"https:\/\/www.europesays.com\/fi\/wp-json\/wp\/v2\/comments?post=140268"}],"version-history":[{"count":0,"href":"https:\/\/www.europesays.com\/fi\/wp-json\/wp\/v2\/posts\/140268\/revisions"}],"wp:featuredmedia":[{"embeddable":true,"href":"https:\/\/www.europesays.com\/fi\/wp-json\/wp\/v2\/media\/140269"}],"wp:attachment":[{"href":"https:\/\/www.europesays.com\/fi\/wp-json\/wp\/v2\/media?parent=140268"}],"wp:term":[{"taxonomy":"category","embeddable":true,"href":"https:\/\/www.europesays.com\/fi\/wp-json\/wp\/v2\/categories?post=140268"},{"taxonomy":"post_tag","embeddable":true,"href":"https:\/\/www.europesays.com\/fi\/wp-json\/wp\/v2\/tags?post=140268"}],"curies":[{"name":"wp","href":"https:\/\/api.w.org\/{rel}","templated":true}]}}