{"id":140278,"date":"2026-01-12T09:22:09","date_gmt":"2026-01-12T09:22:09","guid":{"rendered":"https:\/\/www.europesays.com\/fi\/140278\/"},"modified":"2026-01-12T09:22:09","modified_gmt":"2026-01-12T09:22:09","slug":"kuppi-nurin-frobelin-palikat-kohusta","status":"publish","type":"post","link":"https:\/\/www.europesays.com\/fi\/140278\/","title":{"rendered":"Kuppi nurin Fr\u00f6belin palikat -kohusta"},"content":{"rendered":"<p>Fr\u00f6belin palikat -yhtyeen vanhat musiikkivideot nousivat tapetille viime viikolla.<\/p>\n<p><img decoding=\"async\" class=\"image image-show image-preview\" src=\"https:\/\/www.europesays.com\/fi\/wp-content\/uploads\/2026\/01\/01ed393b183c148ebedfc9ca38c02f4c0dffdaa68f9b7d694c1dce90a65dab16.jpg\" alt=\"\"\/><img decoding=\"async\" class=\"image image-show\" src=\"https:\/\/www.europesays.com\/fi\/wp-content\/uploads\/2026\/01\/1768064052_325_01ed393b183c148ebedfc9ca38c02f4c0dffdaa68f9b7d694c1dce90a65dab16.jpg\" alt=\"\"\/><\/p>\n<p>Fr\u00f6belin palikat Emma-gaalassa vuonna 2017. MATTI MATIKAINEN<\/p>\n<p class=\"paragraph\">Fr\u00f6belin palikat -lastenmusiikkiyhtyeen vanhat musiikkivideot nousivat keskusteluun vuodenvaihteen j\u00e4lkeen. MTV n\u00e4ytti alkuvuodesta jakson, jossa esitettiin yhtyeen vanhoja musiikkivideoita. N\u00e4ist\u00e4 her\u00e4si keskustelua anonyymiss\u00e4 viestipalvelu Jodelissa.<\/p>\n<p class=\"paragraph\">Kaivan monttua -kappaleen musiikkivideolla yhtyeen j\u00e4senet katsovat kameraan samalla silmi\u00e4\u00e4n venytt\u00e4en ja laulavat \u201dkuuluu ching chang chong, kuuluu ching chang chong\u201d.<\/p>\n<p class=\"paragraph\">My\u00f6s Heikki ja Kaija-kappale on nostettiin esiin anonyymiss\u00e4 viestipalvelu Jodelissa. Kappaleen aikana yhtye on pukeutunut sulkap\u00e4\u00e4hineisiin ja maalannut kasvonsa leikitellen Amerikan alkuper\u00e4iskansoihin liitetyill\u00e4 stereotypioilla.<\/p>\n<p class=\"paragraph\">Sittemmin huomattavasti suurempaa kritiikki\u00e4 on her\u00e4tt\u00e4nyt vanhojen esiintymisten kauhistelu kuin musiikkivideoiden sis\u00e4lt\u00f6 sin\u00e4ns\u00e4.<\/p>\n<p class=\"paragraph\">Iltalehden kyselyyn vastanneista lukijoista iso osa ei n\u00e4e Fr\u00f6belin palikoiden alkuper\u00e4isi\u00e4 musiikkivideoita sopimattomina.<\/p>\n<p class=\"paragraph\">\u2013 Fr\u00f6belin Palikoiden ymp\u00e4rille noussut kohu kertoo enemm\u00e4n aikuisten ylitulkinnasta kuin lasten maailmasta. Kyse on lapsille suunnatusta yhtyeest\u00e4, jonka esitykset perustuvat leikkiin, rooleihin ja mielikuvitukseen \u2013 ei kulttuurien pilkkaamiseen, nimimerkki <strong>Hannuli<\/strong> kirjoittaa.<\/p>\n<p class=\"paragraph\">\u2013 En pid\u00e4 sopimattomana. Aikansa ilmi\u00f6 ja sellaisesta ei tarvitse hernett\u00e4 vet\u00e4\u00e4 nen\u00e4\u00e4n. Ennen leikittiin rosvoa ja poliisia, intiaaneja ja cowboyta. Nyt netiss\u00e4 solvataan ja panetellaan, ollaan rasisteja ja kiusataan. Ne pit\u00e4\u00e4 sensuroida, <strong>VilleOlli<\/strong> kirjoittaa.<\/p>\n<p class=\"paragraph\">\u2013 Fr\u00f6belin palikat -yhtyeen esiintyminen ei ole sopimatonta! Ongelma on se, etteiv\u00e4t ihmiset ymm\u00e4rr\u00e4 ajan olleen erilainen 30 vuotta sitten, <strong>Juha<\/strong> toteaa.<\/p>\n<p class=\"paragraph\">\u2013 Mun mielest\u00e4 Kaivan monttua -biisiss\u00e4 sek\u00e4 intiaaniaiheisissa biiseiss\u00e4, kuten Heikki ja Kaija, ei pit\u00e4isi olla mit\u00e4\u00e4n v\u00e4\u00e4r\u00e4\u00e4, ei biisien pit\u00e4isi kannustaa lapsia kiusaamaan muita vaan l\u00e4hinn\u00e4 leikkim\u00e4\u00e4n. Toki ymm\u00e4rr\u00e4n sen, ettei silm\u00e4nkulmien nostaminen yl\u00f6sp\u00e4in ole en\u00e4\u00e4 sopivaa nykyhetkelle, mutta ihmisten kuuluisi ymm\u00e4rt\u00e4\u00e4, ett\u00e4 ajat olivat erilaisia 30 vuotta sitten, <strong>Tomi<\/strong> kirjoittaa.<\/p>\n<p class=\"paragraph\">\u2013 Ehk\u00e4 jaksoille voisi lis\u00e4t\u00e4 varoituksen siit\u00e4, ett\u00e4 saattaa sis\u00e4lt\u00e4\u00e4 nykylapsille sopimatonta materiaalia. Itsekin Fr\u00f6belin Palikoita aikoinaan kuunnellut, yhtyeen tahdissa leikkinyt ja osittain yhtyeen innoittamana unelmoinut omasta musiikkiurasta, h\u00e4n jatkaa.<\/p>\n<p class=\"paragraph\">Viestipalvelu Threadsissa aiheesta on puhuttu niin ik\u00e4\u00e4n. Palvelussa esitet\u00e4\u00e4n my\u00f6s toisenlaisia n\u00e4kemyksi\u00e4 aiheeseen.<\/p>\n<p class=\"paragraph\">\u2013 Katsoimme juniorin kanssa kyseist\u00e4 orkesteria dvd:lt\u00e4 joitain vuosia sitten ja panin merkille, ett\u00e4 t\u00e4t\u00e4 ei pit\u00e4isi lapsille n\u00e4ytt\u00e4\u00e4. Siis lapsille. Jos olet aikuinen, osaat ehk\u00e4 ottaa laulun aikansa tuotoksena. Lapset eiv\u00e4t sit\u00e4 tee. Lapset imev\u00e4t vaikutteita kaikkialta, erityisesti heille tuotetusta materiaalista. Tuo laulu opetti minulle, ett\u00e4 laulun lopussa tehty ilveily jne on ok. Lapsilleni haluan opetettavan toisin, er\u00e4s kirjoittaa.<\/p>\n<p class=\"paragraph\">\u2013 Se on v\u00e4h\u00e4n aikansa tuote. Ei ole kauhean sopivaa kasvatusmateriaalia kaikilta osin en\u00e4\u00e4, toinen toteaa.<\/p>\n<p class=\"paragraph\">\u2013 Jos televisioita katselisin, niin kyll\u00e4 itsekin ihmettelisin, ett\u00e4 onko tosiaan ok n\u00e4ytt\u00e4\u00e4 edelleen t\u00e4llaista rasistista ilveily\u00e4 lapsille. Kyseess\u00e4 on toki aikansa tuote ja t\u00e4rke\u00e4 muistutus siit\u00e4, miten maailma on muuttunut. En nyt silti n\u00e4kisi kovinkaan viisaana esitt\u00e4\u00e4 n\u00e4it\u00e4 videoita Maikkarin kokoisella kanavalla, etenkin t\u00e4m\u00e4n perussuomalaisten silmienvenyttelypelleilyn j\u00e4lkeen, kolmas linjaa.<\/p>\n","protected":false},"excerpt":{"rendered":"Fr\u00f6belin palikat -yhtyeen vanhat musiikkivideot nousivat tapetille viime viikolla. Fr\u00f6belin palikat Emma-gaalassa vuonna 2017. MATTI MATIKAINEN Fr\u00f6belin palikat&hellip;\n","protected":false},"author":2,"featured_media":138786,"comment_status":"","ping_status":"","sticky":false,"template":"","format":"standard","meta":{"footnotes":""},"categories":[132],"tags":[35,138,137,33,31,30,99,195,47,141,32,484,109],"class_list":{"0":"post-140278","1":"post","2":"type-post","3":"status-publish","4":"format-standard","5":"has-post-thumbnail","7":"category-musiikki","8":"tag-24h","9":"tag-audio","10":"tag-entertainment","11":"tag-fi","12":"tag-finland","13":"tag-finnish","14":"tag-lapset","15":"tag-music","16":"tag-musiikki","17":"tag-muusikot-bandit","18":"tag-suomi","19":"tag-taiteellinen-ilmaisu-ja-mediat","20":"tag-viihde"},"share_on_mastodon":{"url":"https:\/\/pubeurope.com\/@fi\/115881400508969949","error":""},"_links":{"self":[{"href":"https:\/\/www.europesays.com\/fi\/wp-json\/wp\/v2\/posts\/140278","targetHints":{"allow":["GET"]}}],"collection":[{"href":"https:\/\/www.europesays.com\/fi\/wp-json\/wp\/v2\/posts"}],"about":[{"href":"https:\/\/www.europesays.com\/fi\/wp-json\/wp\/v2\/types\/post"}],"author":[{"embeddable":true,"href":"https:\/\/www.europesays.com\/fi\/wp-json\/wp\/v2\/users\/2"}],"replies":[{"embeddable":true,"href":"https:\/\/www.europesays.com\/fi\/wp-json\/wp\/v2\/comments?post=140278"}],"version-history":[{"count":0,"href":"https:\/\/www.europesays.com\/fi\/wp-json\/wp\/v2\/posts\/140278\/revisions"}],"wp:featuredmedia":[{"embeddable":true,"href":"https:\/\/www.europesays.com\/fi\/wp-json\/wp\/v2\/media\/138786"}],"wp:attachment":[{"href":"https:\/\/www.europesays.com\/fi\/wp-json\/wp\/v2\/media?parent=140278"}],"wp:term":[{"taxonomy":"category","embeddable":true,"href":"https:\/\/www.europesays.com\/fi\/wp-json\/wp\/v2\/categories?post=140278"},{"taxonomy":"post_tag","embeddable":true,"href":"https:\/\/www.europesays.com\/fi\/wp-json\/wp\/v2\/tags?post=140278"}],"curies":[{"name":"wp","href":"https:\/\/api.w.org\/{rel}","templated":true}]}}