{"id":140279,"date":"2026-01-12T09:23:07","date_gmt":"2026-01-12T09:23:07","guid":{"rendered":"https:\/\/www.europesays.com\/fi\/140279\/"},"modified":"2026-01-12T09:23:07","modified_gmt":"2026-01-12T09:23:07","slug":"maailmanlopun-tunnelmat-gerard-butlerin-uutuusleffalle","status":"publish","type":"post","link":"https:\/\/www.europesays.com\/fi\/140279\/","title":{"rendered":"Maailmanlopun tunnelmat Gerard Butlerin uutuusleffalle"},"content":{"rendered":"<p>Vuoden 2020 <a href=\"https:\/\/www.leffatykki.com\/elokuvat\/greenland\/\" rel=\"nofollow noopener\" target=\"_blank\">Greenland<\/a>-leffassa Morena Baccarin (<a href=\"https:\/\/www.leffatykki.com\/elokuvat\/deadpool\/\" rel=\"nofollow noopener\" target=\"_blank\">Deadpool<\/a>) ja Gerard Butler (<a href=\"https:\/\/www.leffatykki.com\/elokuvat\/olympus-has-fallen\/\" rel=\"nofollow noopener\" target=\"_blank\">Olympos on valloitettu<\/a>) yhdistiv\u00e4t voimansa paetakseen tarinassa Maata kohti sy\u00f6ksyv\u00e4n komeetan uhkaa. Nyt leffa on saanut jatkoa, kiitos aiemman osan mukavan menestyksen: Ensimm\u00e4inen leffa kaappasi lippukassoilta ymp\u00e4ri maailmaa yli 52 milj. dollarin tulot.<\/p>\n<p>Jatko-osa on kuitenkin heti joutunut vaikeuksiin. <a href=\"https:\/\/www.leffatykki.com\/elokuvat\/greenland-migration\/\" rel=\"nofollow noopener\" target=\"_blank\">Greenland 2: Migration<\/a> tarjoilee ensimm\u00e4isen osan tavoin toimintaa ja j\u00e4nnityst\u00e4 seikkailun ohessa. Vaikka Butler ja Baccarin ovat palanneet tuttuihin osiinsa, heid\u00e4n n\u00e4yttelem\u00e4ns\u00e4 Garrityn pariskunnan uudet vaiheet tuhon runtelemissa maisemissa eiv\u00e4t ole houkutelleet yleis\u00f6\u00e4 kovin kummoisesti. Mm. <a href=\"https:\/\/www.leffatykki.com\/elokuvat\/avatar-fire-and-ash\/\" rel=\"nofollow noopener\" target=\"_blank\">Avatar: Fire and Ash<\/a>ia vastaan lippukassoilla taisteleva Greenland 2 on saanut lipputuloja vasta 8,5 milj. dollaria maailmanensi-illan j\u00e4lkeen.<\/p>\n<p>8,5 milj. dollaria on toki huomattava summa, mutta t\u00e4ss\u00e4 tapauksessa luku on katastrofaalisen olematon, sill\u00e4 koko leffan budjetin arvioidaan olleen v\u00e4hint\u00e4\u00e4n 90 milj. dollaria. Toisaalta ensimm\u00e4inen Greenland-raina, jonka arvioidaan maksaneen yli puolet v\u00e4hemm\u00e4n, p\u00e4rj\u00e4si sekin lopulta paremmin suoratoiston puolella, eik\u00e4 uutukainen ole viel\u00e4 saanut ensi-iltaa kaikkialla. Esim. Suomen valkokangaslevitykseen sen on lupailtu tulevan 6.2.26. Uutuuden saamat arviot eiv\u00e4t kuitenkaan ole mairittelevimmasta p\u00e4\u00e4st\u00e4 \u2013 Cinemascore-palvelussa Greenland 2 on saanut puolivillaisen luokituksen B- ja <a href=\"https:\/\/www.rottentomatoes.com\/m\/greenland_2_migration\" rel=\"nofollow noopener\" target=\"_blank\">RottenTomatoes<\/a>-sivustolla leffan tuoreus on ammattikriitikoiden antaman palautteen pohjalta t\u00e4ll\u00e4 hetkell\u00e4 vain 58%.<\/p>\n<p>\u00a0<\/p>\n<p>L\u00e4hteet: Collider, Box Office Mojo, The Numbers, Cinemascore<\/p>\n<p>Toim. R. Isoviita<\/p>\n","protected":false},"excerpt":{"rendered":"Vuoden 2020 Greenland-leffassa Morena Baccarin (Deadpool) ja Gerard Butler (Olympos on valloitettu) yhdistiv\u00e4t voimansa paetakseen tarinassa Maata kohti&hellip;\n","protected":false},"author":2,"featured_media":140280,"comment_status":"","ping_status":"","sticky":false,"template":"","format":"standard","meta":{"footnotes":""},"categories":[131],"tags":[155,137,33,173,31,30,8413,11740,24262,172,32,109],"class_list":{"0":"post-140279","1":"post","2":"type-post","3":"status-publish","4":"format-standard","5":"has-post-thumbnail","7":"category-elokuvat","8":"tag-elokuvat","9":"tag-entertainment","10":"tag-fi","11":"tag-film","12":"tag-finland","13":"tag-finnish","14":"tag-gerard-butler","15":"tag-greenland","16":"tag-greenland-migration","17":"tag-movies","18":"tag-suomi","19":"tag-viihde"},"share_on_mastodon":{"url":"https:\/\/pubeurope.com\/@fi\/115881404171997255","error":""},"_links":{"self":[{"href":"https:\/\/www.europesays.com\/fi\/wp-json\/wp\/v2\/posts\/140279","targetHints":{"allow":["GET"]}}],"collection":[{"href":"https:\/\/www.europesays.com\/fi\/wp-json\/wp\/v2\/posts"}],"about":[{"href":"https:\/\/www.europesays.com\/fi\/wp-json\/wp\/v2\/types\/post"}],"author":[{"embeddable":true,"href":"https:\/\/www.europesays.com\/fi\/wp-json\/wp\/v2\/users\/2"}],"replies":[{"embeddable":true,"href":"https:\/\/www.europesays.com\/fi\/wp-json\/wp\/v2\/comments?post=140279"}],"version-history":[{"count":0,"href":"https:\/\/www.europesays.com\/fi\/wp-json\/wp\/v2\/posts\/140279\/revisions"}],"wp:featuredmedia":[{"embeddable":true,"href":"https:\/\/www.europesays.com\/fi\/wp-json\/wp\/v2\/media\/140280"}],"wp:attachment":[{"href":"https:\/\/www.europesays.com\/fi\/wp-json\/wp\/v2\/media?parent=140279"}],"wp:term":[{"taxonomy":"category","embeddable":true,"href":"https:\/\/www.europesays.com\/fi\/wp-json\/wp\/v2\/categories?post=140279"},{"taxonomy":"post_tag","embeddable":true,"href":"https:\/\/www.europesays.com\/fi\/wp-json\/wp\/v2\/tags?post=140279"}],"curies":[{"name":"wp","href":"https:\/\/api.w.org\/{rel}","templated":true}]}}