{"id":140298,"date":"2026-01-12T09:48:06","date_gmt":"2026-01-12T09:48:06","guid":{"rendered":"https:\/\/www.europesays.com\/fi\/140298\/"},"modified":"2026-01-12T09:48:06","modified_gmt":"2026-01-12T09:48:06","slug":"gettomasan-jyvaskylan-paluukeikka-myytiin-loppuun-toista-konserttia-ei-ole-hippokselle-tulossa-keski-suomi","status":"publish","type":"post","link":"https:\/\/www.europesays.com\/fi\/140298\/","title":{"rendered":"Gettomasan Jyv\u00e4skyl\u00e4n paluukeikka myytiin loppuun \u2013 &#8221;Toista konserttia ei ole Hippokselle tulossa&#8221; | Keski-Suomi"},"content":{"rendered":"<p>N\u00e4ytt\u00e4v\u00e4n paluun tehneen <strong>Gettomasan<\/strong> (oik. Aleksi Lehikoinen) Hippoksen pes\u00e4pallostadionin keikkaliput meniv\u00e4t kuumille kiville.  Liput myytiin loppuun alle kahdessa tunnissa.<\/p>\n<p>Lipunmyynti alkoi t\u00e4n\u00e4\u00e4n 9.00 Lippu.fi-sivustolla. Fanirynt\u00e4yksen my\u00f6t\u00e4 osa lippuja haluavista eiv\u00e4t p\u00e4\u00e4sseet lipunmyyntisivustolle sen kaaduttua. Lippuja ostavat puolestaan t\u00f6rm\u00e4siv\u00e4t siihen, ettei kaikkia lippuja ollut saatavilla. Keikalle myytiin lippuja useammassa kategoriassa, kuten K18, sallittu ja vip.<\/p>\n","protected":false},"excerpt":{"rendered":"N\u00e4ytt\u00e4v\u00e4n paluun tehneen Gettomasan (oik. Aleksi Lehikoinen) Hippoksen pes\u00e4pallostadionin keikkaliput meniv\u00e4t kuumille kiville. Liput myytiin loppuun alle kahdessa&hellip;\n","protected":false},"author":2,"featured_media":140299,"comment_status":"","ping_status":"","sticky":false,"template":"","format":"standard","meta":{"footnotes":""},"categories":[132],"tags":[2110,137,33,31,30,425,763,3004,720,41,195,47,32,397,78,109],"class_list":{"0":"post-140298","1":"post","2":"type-post","3":"status-publish","4":"format-standard","5":"has-post-thumbnail","7":"category-musiikki","8":"tag-elamantapa-ja-vapaa-aika","9":"tag-entertainment","10":"tag-fi","11":"tag-finland","12":"tag-finnish","13":"tag-jyvaskyla","14":"tag-kulttuuri-ja-viihde","15":"tag-liiketoiminta","16":"tag-liiketoiminta-ja-rahoitus","17":"tag-liikunta-ja-urheilu","18":"tag-music","19":"tag-musiikki","20":"tag-suomi","21":"tag-taide","22":"tag-talous","23":"tag-viihde"},"share_on_mastodon":{"url":"https:\/\/pubeurope.com\/@fi\/115881502690154700","error":""},"_links":{"self":[{"href":"https:\/\/www.europesays.com\/fi\/wp-json\/wp\/v2\/posts\/140298","targetHints":{"allow":["GET"]}}],"collection":[{"href":"https:\/\/www.europesays.com\/fi\/wp-json\/wp\/v2\/posts"}],"about":[{"href":"https:\/\/www.europesays.com\/fi\/wp-json\/wp\/v2\/types\/post"}],"author":[{"embeddable":true,"href":"https:\/\/www.europesays.com\/fi\/wp-json\/wp\/v2\/users\/2"}],"replies":[{"embeddable":true,"href":"https:\/\/www.europesays.com\/fi\/wp-json\/wp\/v2\/comments?post=140298"}],"version-history":[{"count":0,"href":"https:\/\/www.europesays.com\/fi\/wp-json\/wp\/v2\/posts\/140298\/revisions"}],"wp:featuredmedia":[{"embeddable":true,"href":"https:\/\/www.europesays.com\/fi\/wp-json\/wp\/v2\/media\/140299"}],"wp:attachment":[{"href":"https:\/\/www.europesays.com\/fi\/wp-json\/wp\/v2\/media?parent=140298"}],"wp:term":[{"taxonomy":"category","embeddable":true,"href":"https:\/\/www.europesays.com\/fi\/wp-json\/wp\/v2\/categories?post=140298"},{"taxonomy":"post_tag","embeddable":true,"href":"https:\/\/www.europesays.com\/fi\/wp-json\/wp\/v2\/tags?post=140298"}],"curies":[{"name":"wp","href":"https:\/\/api.w.org\/{rel}","templated":true}]}}