{"id":140311,"date":"2026-01-12T09:58:07","date_gmt":"2026-01-12T09:58:07","guid":{"rendered":"https:\/\/www.europesays.com\/fi\/140311\/"},"modified":"2026-01-12T09:58:07","modified_gmt":"2026-01-12T09:58:07","slug":"olarin-uuden-yhteisotilan-toiminta-kaynnistyi","status":"publish","type":"post","link":"https:\/\/www.europesays.com\/fi\/140311\/","title":{"rendered":"Olarin uuden yhteis\u00f6tilan toiminta k\u00e4ynnistyi"},"content":{"rendered":"<p>Toiminta Olarin uudessa yhteis\u00f6tilassa k\u00e4ynnistyi t\u00e4n\u00e4\u00e4n maanantaiaamuna 12. tammikuuta kello 8.30, ja se jatkuu klo 16.30 asti. Uuden yhteis\u00f6tilan ensimm\u00e4iseen p\u00e4iv\u00e4\u00e4n kuuluu et\u00e4ty\u00f6hengailua, ja sinne ovat tervetulleita kaikki halukkaat.<\/p>\n<p>Ensimm\u00e4isen viikon ja tulevien viikkojen ohjelman voi tarkistaa <a href=\"https:\/\/www.emy.fi\/tilapilotti\/\" rel=\"noopener nofollow\" target=\"_blank\" class=\"sc-4c96a3f9-0 DhGST\">Olarin yhteis\u00f6tilan verkkosivuilta(ulkoinen linkki, avautuu uuteen ikkunaan)<\/a>. Ohjelmaa p\u00e4ivitet\u00e4\u00e4n sivuille viikoittain, mink\u00e4 lis\u00e4ksi sivuilla on my\u00f6s lis\u00e4tietoa yhteis\u00f6tilasta.<\/p>\n<p>Kaikki yhteis\u00f6tilasta kiinnostuneet j\u00e4rjest\u00f6t ja yhdistykset ovat edelleen tervetulleita mukaan toimintaan.<\/p>\n<p>Olarin yhteis\u00f6tila toimii Olarin talvipuutarhan viereisess\u00e4 vanhassa nuorisotilassa Simo J\u00e4rvisen aukiolla. Sis\u00e4\u00e4nk\u00e4ynti on k\u00e4velykadun puoleisesta lasisein\u00e4st\u00e4, josta ramppi johtaa sis\u00e4\u00e4n entisen Olarin Talvipuutarhan kautta.\u00a0<\/p>\n<p>Naapurustossa n\u00e4kyv\u00e4t mm. Tokko-varasto ja Olarin Ossi sek\u00e4 Espoon liikuntapalvelujen tila.<\/p>\n<p>Espoon kaupunki ja Espoon mielenterveysyhdistys EMY ry <a class=\"sc-4c96a3f9-1 jjinhG\" href=\"https:\/\/www.espoo.fi\/fi\/uutiset\/2025\/12\/espoo-ja-emy-ry-avaavat-olarin-entiseen-nuorisotilaan-uuden-yhteisotilan-jarjestoille-ja-yhteisoille\" rel=\"nofollow noopener\" target=\"_blank\">kertoivat joulukuussa<\/a>, ett\u00e4 vanhaan nuorisotilaan avataan uusi yhteis\u00f6tila yhteis\u00f6jen ja j\u00e4rjest\u00f6jen maksuttomaan k\u00e4ytt\u00f6\u00f6n.\u00a0<\/p>\n<p>Uuden tilan avulla halutaan vahvistaa yhteis\u00f6llisyytt\u00e4 ja tukea espoolaisten j\u00e4rjest\u00f6jen ja yhteis\u00f6jen toimintaedellytyksi\u00e4.<\/p>\n<p>\u00a0<\/p>\n","protected":false},"excerpt":{"rendered":"Toiminta Olarin uudessa yhteis\u00f6tilassa k\u00e4ynnistyi t\u00e4n\u00e4\u00e4n maanantaiaamuna 12. tammikuuta kello 8.30, ja se jatkuu klo 16.30 asti. Uuden&hellip;\n","protected":false},"author":2,"featured_media":140312,"comment_status":"","ping_status":"","sticky":false,"template":"","format":"standard","meta":{"footnotes":""},"categories":[5],"tags":[22,23,26,27,33,31,30,17,24,25,28,29,15,18,21,32,19,20,16],"class_list":{"0":"post-140311","1":"post","2":"type-post","3":"status-publish","4":"format-standard","5":"has-post-thumbnail","7":"category-otsikot","8":"tag-breaking-news","9":"tag-breakingnews","10":"tag-featured-news","11":"tag-featurednews","12":"tag-fi","13":"tag-finland","14":"tag-finnish","15":"tag-headlines","16":"tag-latest-news","17":"tag-latestnews","18":"tag-main-news","19":"tag-mainnews","20":"tag-news","21":"tag-otsikot","22":"tag-paauutiset","23":"tag-suomi","24":"tag-top-stories","25":"tag-topstories","26":"tag-uutiset"},"share_on_mastodon":{"url":"https:\/\/pubeurope.com\/@fi\/115881541827665804","error":""},"_links":{"self":[{"href":"https:\/\/www.europesays.com\/fi\/wp-json\/wp\/v2\/posts\/140311","targetHints":{"allow":["GET"]}}],"collection":[{"href":"https:\/\/www.europesays.com\/fi\/wp-json\/wp\/v2\/posts"}],"about":[{"href":"https:\/\/www.europesays.com\/fi\/wp-json\/wp\/v2\/types\/post"}],"author":[{"embeddable":true,"href":"https:\/\/www.europesays.com\/fi\/wp-json\/wp\/v2\/users\/2"}],"replies":[{"embeddable":true,"href":"https:\/\/www.europesays.com\/fi\/wp-json\/wp\/v2\/comments?post=140311"}],"version-history":[{"count":0,"href":"https:\/\/www.europesays.com\/fi\/wp-json\/wp\/v2\/posts\/140311\/revisions"}],"wp:featuredmedia":[{"embeddable":true,"href":"https:\/\/www.europesays.com\/fi\/wp-json\/wp\/v2\/media\/140312"}],"wp:attachment":[{"href":"https:\/\/www.europesays.com\/fi\/wp-json\/wp\/v2\/media?parent=140311"}],"wp:term":[{"taxonomy":"category","embeddable":true,"href":"https:\/\/www.europesays.com\/fi\/wp-json\/wp\/v2\/categories?post=140311"},{"taxonomy":"post_tag","embeddable":true,"href":"https:\/\/www.europesays.com\/fi\/wp-json\/wp\/v2\/tags?post=140311"}],"curies":[{"name":"wp","href":"https:\/\/api.w.org\/{rel}","templated":true}]}}